{"id":9944,"date":"2023-03-29T13:04:13","date_gmt":"2023-03-29T11:04:13","guid":{"rendered":"https:\/\/fiaf.net\/nazionale\/?p=9944"},"modified":"2023-05-03T17:12:23","modified_gmt":"2023-05-03T15:12:23","slug":"2-incontro-online-con-i-circoli","status":"publish","type":"post","link":"https:\/\/fiaf.net\/nazionale\/2-incontro-online-con-i-circoli\/","title":{"rendered":"2\u00b0 incontro online con i circoli"},"content":{"rendered":"<p><a href=\"https:\/\/fiaf.net\/obiettivo-italia\/\" target=\"_blank\" rel=\"noopener\"><img loading=\"lazy\" decoding=\"async\" class=\"alignnone wp-image-10081 size-large\" src=\"https:\/\/fiaf.net\/nazionale\/wp-content\/uploads\/sites\/22\/2023\/05\/banner-RESTA-INFORMATO-2-1024x205.jpg\" alt=\"\" width=\"1024\" height=\"205\" srcset=\"https:\/\/fiaf.net\/nazionale\/wp-content\/uploads\/sites\/22\/2023\/05\/banner-RESTA-INFORMATO-2-1024x205.jpg 1024w, https:\/\/fiaf.net\/nazionale\/wp-content\/uploads\/sites\/22\/2023\/05\/banner-RESTA-INFORMATO-2-300x60.jpg 300w, https:\/\/fiaf.net\/nazionale\/wp-content\/uploads\/sites\/22\/2023\/05\/banner-RESTA-INFORMATO-2-768x154.jpg 768w, https:\/\/fiaf.net\/nazionale\/wp-content\/uploads\/sites\/22\/2023\/05\/banner-RESTA-INFORMATO-2-1536x307.jpg 1536w, https:\/\/fiaf.net\/nazionale\/wp-content\/uploads\/sites\/22\/2023\/05\/banner-RESTA-INFORMATO-2-2048x410.jpg 2048w\" sizes=\"auto, (max-width: 1024px) 100vw, 1024px\" \/><\/a><\/p>\n<p><strong>Luned\u00ec 03 aprile alle ore 21<\/strong> si terr\u00e0 il secondo dei 3 incontri esplicativi del progetto<em><strong> OBIETTIVO Italia \u2013 Censimento fotografico<\/strong><\/em>.<\/p>\n<p>In questo 2\u00b0 appuntamento <u>sar\u00e0 illustrata la parte relativa alle liberatorie, alla preparazione ed invio dei file e dei dati dei singoli partecipanti e delle modalit\u00e0 di comunicazione ed invito degli stessi.<\/u><br \/>\n<strong>Viene ancora lasciata aperta la possibilit\u00e0 di collegamento anche a tutti i Circoli ancora non iscritti, dopodich\u00e9 i contatti continueranno unicamente con quelli che hanno ufficialmente aderito.<\/strong><\/p>\n<p><strong>Questo il link per prenotarsi<\/strong>:<br \/>\n<a href=\"https:\/\/us02web.zoom.us\/webinar\/register\/WN_V6AwuGnEQgGrL36pCNSGdA\" target=\"_blank\" rel=\"noopener\">https:\/\/us02web.zoom.us\/webinar\/register\/WN_V6AwuGnEQgGrL36pCNSGdA<\/a><\/p>\n<p>Dopo l\u2019iscrizione, riceverai un\u2019email di conferma con le informazioni necessarie per entrare nel webinar.<\/p>\n<p>Chi avr\u00e0 la necessit\u00e0 di porre domande sar\u00e0 temporaneamente aggiunto in video al gruppo dei relatori.<\/p>\n<p><strong>Nota<\/strong>: per seguire\u00a0<em>tutti i post<\/em>\u00a0della categoria \u201cProgetto Nazionale Obiettivo Italia\u201d cliccate sul [\u00a0<a href=\"https:\/\/fiaf.net\/nazionale\/progetto-nazionale-obiettivo-italia\/\" target=\"_blank\" rel=\"noopener\">link<\/a>\u00a0]\n<p><a href=\"https:\/\/fiaf.net\/nazionale\/wp-content\/uploads\/sites\/22\/2023\/03\/post-Obiet-Italia-03-04-scaled.jpg\"><img loading=\"lazy\" decoding=\"async\" class=\"aligncenter wp-image-9946\" src=\"https:\/\/fiaf.net\/nazionale\/wp-content\/uploads\/sites\/22\/2023\/03\/post-Obiet-Italia-03-04-300x300.jpg\" alt=\"\" width=\"356\" height=\"356\" srcset=\"https:\/\/fiaf.net\/nazionale\/wp-content\/uploads\/sites\/22\/2023\/03\/post-Obiet-Italia-03-04-300x300.jpg 300w, https:\/\/fiaf.net\/nazionale\/wp-content\/uploads\/sites\/22\/2023\/03\/post-Obiet-Italia-03-04-1024x1024.jpg 1024w, https:\/\/fiaf.net\/nazionale\/wp-content\/uploads\/sites\/22\/2023\/03\/post-Obiet-Italia-03-04-150x150.jpg 150w, https:\/\/fiaf.net\/nazionale\/wp-content\/uploads\/sites\/22\/2023\/03\/post-Obiet-Italia-03-04-768x768.jpg 768w, https:\/\/fiaf.net\/nazionale\/wp-content\/uploads\/sites\/22\/2023\/03\/post-Obiet-Italia-03-04-1536x1536.jpg 1536w, https:\/\/fiaf.net\/nazionale\/wp-content\/uploads\/sites\/22\/2023\/03\/post-Obiet-Italia-03-04-2048x2048.jpg 2048w\" sizes=\"auto, (max-width: 356px) 100vw, 356px\" \/><\/a><\/p>\n<p>&nbsp;<\/p>\n<p>_____________________<br \/>\nDip. Comunicazione<br \/>\nSusanna Bertoni<\/p>\n\n    <div class=\"xs_social_share_widget xs_share_url after_content \t\tmain_content  wslu-style-1 wslu-share-box-shaped wslu-fill-colored wslu-none wslu-share-horizontal wslu-theme-font-no wslu-main_content\">\n\n\t\t\n        <ul>\n\t\t\t        <\/ul>\n    <\/div> \n","protected":false},"excerpt":{"rendered":"<p>Luned\u00ec 03 aprile alle ore 21 si terr\u00e0 il secondo dei 3 incontri esplicativi del progetto OBIETTIVO Italia \u2013 Censimento &hellip;<\/p>\n","protected":false},"author":66,"featured_media":9945,"comment_status":"closed","ping_status":"closed","sticky":false,"template":"","format":"standard","meta":{"_acf_changed":false,"footnotes":""},"categories":[81],"tags":[],"class_list":["post-9944","post","type-post","status-publish","format-standard","has-post-thumbnail","hentry","category-progetto-nazionale-obiettivo-italia"],"acf":[],"_links":{"self":[{"href":"https:\/\/fiaf.net\/nazionale\/wp-json\/wp\/v2\/posts\/9944","targetHints":{"allow":["GET"]}}],"collection":[{"href":"https:\/\/fiaf.net\/nazionale\/wp-json\/wp\/v2\/posts"}],"about":[{"href":"https:\/\/fiaf.net\/nazionale\/wp-json\/wp\/v2\/types\/post"}],"author":[{"embeddable":true,"href":"https:\/\/fiaf.net\/nazionale\/wp-json\/wp\/v2\/users\/66"}],"replies":[{"embeddable":true,"href":"https:\/\/fiaf.net\/nazionale\/wp-json\/wp\/v2\/comments?post=9944"}],"version-history":[{"count":8,"href":"https:\/\/fiaf.net\/nazionale\/wp-json\/wp\/v2\/posts\/9944\/revisions"}],"predecessor-version":[{"id":10091,"href":"https:\/\/fiaf.net\/nazionale\/wp-json\/wp\/v2\/posts\/9944\/revisions\/10091"}],"wp:featuredmedia":[{"embeddable":true,"href":"https:\/\/fiaf.net\/nazionale\/wp-json\/wp\/v2\/media\/9945"}],"wp:attachment":[{"href":"https:\/\/fiaf.net\/nazionale\/wp-json\/wp\/v2\/media?parent=9944"}],"wp:term":[{"taxonomy":"category","embeddable":true,"href":"https:\/\/fiaf.net\/nazionale\/wp-json\/wp\/v2\/categories?post=9944"},{"taxonomy":"post_tag","embeddable":true,"href":"https:\/\/fiaf.net\/nazionale\/wp-json\/wp\/v2\/tags?post=9944"}],"curies":[{"name":"wp","href":"https:\/\/api.w.org\/{rel}","templated":true}]}}