{"id":10228,"date":"2023-06-18T17:19:57","date_gmt":"2023-06-18T15:19:57","guid":{"rendered":"https:\/\/fiaf.net\/piemontevalledaosta\/?p=10228"},"modified":"2025-01-07T14:52:49","modified_gmt":"2025-01-07T13:52:49","slug":"tullio-baldi-sara-ospite-presso-il-circolo-fotografico-casellese-lunedi-19-giugno-dalle-ore-21-15","status":"publish","type":"post","link":"https:\/\/fiaf.net\/piemontevalledaosta\/tullio-baldi-sara-ospite-presso-il-circolo-fotografico-casellese-lunedi-19-giugno-dalle-ore-21-15\/","title":{"rendered":"Tullio Baldi sar\u00e0 ospite presso il Circolo Fotografico Casellese Luned\u00ec 19 giugno dalle ore 21.15"},"content":{"rendered":"<p>Il Circolo Fotografico Casellese ospiter\u00e0 luned\u00ec 19 giugno dalle ore 21.15 il fotografo Tullio Baldi e le sue immagini<\/p>\n<p><img loading=\"lazy\" decoding=\"async\" class=\"alignnone wp-image-10215 size-large\" src=\"https:\/\/fiaf.net\/piemontevalledaosta\/wp-content\/uploads\/sites\/3\/2023\/06\/Tullio-Baldi-19-06-650x1024.jpg\" alt=\"\" width=\"650\" height=\"1024\" srcset=\"https:\/\/fiaf.net\/piemontevalledaosta\/wp-content\/uploads\/sites\/3\/2023\/06\/Tullio-Baldi-19-06-650x1024.jpg 650w, https:\/\/fiaf.net\/piemontevalledaosta\/wp-content\/uploads\/sites\/3\/2023\/06\/Tullio-Baldi-19-06-190x300.jpg 190w, https:\/\/fiaf.net\/piemontevalledaosta\/wp-content\/uploads\/sites\/3\/2023\/06\/Tullio-Baldi-19-06.jpg 719w\" sizes=\"auto, (max-width: 650px) 100vw, 650px\" \/><\/p>\n\n    <div class=\"xs_social_share_widget xs_share_url after_content \t\tmain_content  wslu-style-1 wslu-share-box-shaped wslu-fill-colored wslu-none wslu-share-horizontal wslu-theme-font-no wslu-main_content\">\n\n\t\t\n        <ul>\n\t\t\t        <\/ul>\n    <\/div> \n","protected":false},"excerpt":{"rendered":"<p>Il Circolo Fotografico Casellese ospiter\u00e0 luned\u00ec 19 giugno dalle ore 21.15 il fotografo Tullio Baldi e le sue immagini<\/p>\n","protected":false},"author":71,"featured_media":10215,"comment_status":"closed","ping_status":"closed","sticky":false,"template":"","format":"standard","meta":{"_acf_changed":false,"footnotes":""},"categories":[2],"tags":[],"class_list":["post-10228","post","type-post","status-publish","format-standard","has-post-thumbnail","hentry","category-attivita-circoli"],"acf":[],"_links":{"self":[{"href":"https:\/\/fiaf.net\/piemontevalledaosta\/wp-json\/wp\/v2\/posts\/10228","targetHints":{"allow":["GET"]}}],"collection":[{"href":"https:\/\/fiaf.net\/piemontevalledaosta\/wp-json\/wp\/v2\/posts"}],"about":[{"href":"https:\/\/fiaf.net\/piemontevalledaosta\/wp-json\/wp\/v2\/types\/post"}],"author":[{"embeddable":true,"href":"https:\/\/fiaf.net\/piemontevalledaosta\/wp-json\/wp\/v2\/users\/71"}],"replies":[{"embeddable":true,"href":"https:\/\/fiaf.net\/piemontevalledaosta\/wp-json\/wp\/v2\/comments?post=10228"}],"version-history":[{"count":1,"href":"https:\/\/fiaf.net\/piemontevalledaosta\/wp-json\/wp\/v2\/posts\/10228\/revisions"}],"predecessor-version":[{"id":10229,"href":"https:\/\/fiaf.net\/piemontevalledaosta\/wp-json\/wp\/v2\/posts\/10228\/revisions\/10229"}],"wp:featuredmedia":[{"embeddable":true,"href":"https:\/\/fiaf.net\/piemontevalledaosta\/wp-json\/wp\/v2\/media\/10215"}],"wp:attachment":[{"href":"https:\/\/fiaf.net\/piemontevalledaosta\/wp-json\/wp\/v2\/media?parent=10228"}],"wp:term":[{"taxonomy":"category","embeddable":true,"href":"https:\/\/fiaf.net\/piemontevalledaosta\/wp-json\/wp\/v2\/categories?post=10228"},{"taxonomy":"post_tag","embeddable":true,"href":"https:\/\/fiaf.net\/piemontevalledaosta\/wp-json\/wp\/v2\/tags?post=10228"}],"curies":[{"name":"wp","href":"https:\/\/api.w.org\/{rel}","templated":true}]}}