{"id":10326,"date":"2023-09-15T13:35:46","date_gmt":"2023-09-15T11:35:46","guid":{"rendered":"https:\/\/fiaf.net\/piemontevalledaosta\/?p=10326"},"modified":"2025-01-07T15:05:32","modified_gmt":"2025-01-07T14:05:32","slug":"il-clik-photo-club-di-pianezza-presenta-gabriele-bellomo-e-la-sua-madeira-martedi-19","status":"publish","type":"post","link":"https:\/\/fiaf.net\/piemontevalledaosta\/il-clik-photo-club-di-pianezza-presenta-gabriele-bellomo-e-la-sua-madeira-martedi-19\/","title":{"rendered":"Il CLIK PHOTO CLUB di Pianezza presenta Gabriele Bellomo e la sua &#8220;MADEIRA&#8221; marted\u00ec 19"},"content":{"rendered":"<p>Marted\u00ec 19 settembre alle ore 21,15 Gabriele Bellomo presenter\u00e0 un suo lavoro su &#8220;MADEIRA&#8221; presso il Circolo Fotografico di Pianezza<\/p>\n<p><img loading=\"lazy\" decoding=\"async\" class=\"alignnone wp-image-10314 size-large\" src=\"https:\/\/fiaf.net\/piemontevalledaosta\/wp-content\/uploads\/sites\/3\/2023\/09\/Bellomo-19-09-724x1024.jpg\" alt=\"\" width=\"724\" height=\"1024\" \/><\/p>\n\n    <div class=\"xs_social_share_widget xs_share_url after_content \t\tmain_content  wslu-style-1 wslu-share-box-shaped wslu-fill-colored wslu-none wslu-share-horizontal wslu-theme-font-no wslu-main_content\">\n\n\t\t\n        <ul>\n\t\t\t        <\/ul>\n    <\/div> \n","protected":false},"excerpt":{"rendered":"<p>Marted\u00ec 19 settembre alle ore 21,15 Gabriele Bellomo presenter\u00e0 un suo lavoro su &#8220;MADEIRA&#8221; presso il Circolo Fotografico di Pianezza<\/p>\n","protected":false},"author":71,"featured_media":10314,"comment_status":"closed","ping_status":"closed","sticky":false,"template":"","format":"standard","meta":{"_acf_changed":false,"footnotes":""},"categories":[2],"tags":[],"class_list":["post-10326","post","type-post","status-publish","format-standard","has-post-thumbnail","hentry","category-attivita-circoli"],"acf":[],"_links":{"self":[{"href":"https:\/\/fiaf.net\/piemontevalledaosta\/wp-json\/wp\/v2\/posts\/10326","targetHints":{"allow":["GET"]}}],"collection":[{"href":"https:\/\/fiaf.net\/piemontevalledaosta\/wp-json\/wp\/v2\/posts"}],"about":[{"href":"https:\/\/fiaf.net\/piemontevalledaosta\/wp-json\/wp\/v2\/types\/post"}],"author":[{"embeddable":true,"href":"https:\/\/fiaf.net\/piemontevalledaosta\/wp-json\/wp\/v2\/users\/71"}],"replies":[{"embeddable":true,"href":"https:\/\/fiaf.net\/piemontevalledaosta\/wp-json\/wp\/v2\/comments?post=10326"}],"version-history":[{"count":1,"href":"https:\/\/fiaf.net\/piemontevalledaosta\/wp-json\/wp\/v2\/posts\/10326\/revisions"}],"predecessor-version":[{"id":10327,"href":"https:\/\/fiaf.net\/piemontevalledaosta\/wp-json\/wp\/v2\/posts\/10326\/revisions\/10327"}],"wp:featuredmedia":[{"embeddable":true,"href":"https:\/\/fiaf.net\/piemontevalledaosta\/wp-json\/wp\/v2\/media\/10314"}],"wp:attachment":[{"href":"https:\/\/fiaf.net\/piemontevalledaosta\/wp-json\/wp\/v2\/media?parent=10326"}],"wp:term":[{"taxonomy":"category","embeddable":true,"href":"https:\/\/fiaf.net\/piemontevalledaosta\/wp-json\/wp\/v2\/categories?post=10326"},{"taxonomy":"post_tag","embeddable":true,"href":"https:\/\/fiaf.net\/piemontevalledaosta\/wp-json\/wp\/v2\/tags?post=10326"}],"curies":[{"name":"wp","href":"https:\/\/api.w.org\/{rel}","templated":true}]}}