{"id":10373,"date":"2023-10-08T10:47:14","date_gmt":"2023-10-08T08:47:14","guid":{"rendered":"https:\/\/fiaf.net\/piemontevalledaosta\/?p=10373"},"modified":"2025-01-07T15:12:53","modified_gmt":"2025-01-07T14:12:53","slug":"giovedi-12-alla-societa-fotografica-subalpina-sara-ospite-enrico-andreis","status":"publish","type":"post","link":"https:\/\/fiaf.net\/piemontevalledaosta\/giovedi-12-alla-societa-fotografica-subalpina-sara-ospite-enrico-andreis\/","title":{"rendered":"Gioved\u00ec 12 alla Societ\u00e0 Fotografica Subalpina sar\u00e0 ospite Enrico Andreis"},"content":{"rendered":"<p>Gioved\u00ec 12 ottobre la Societ\u00e0 Fotografica Subalpina ospiter\u00e0 Enrico Andreis socio del Fotoclub A. Neyrone di Trofarello con una proiezione dei suoi ultimi lavori focalizzati sul reportage sociale. Vi aspettiamo numerosi da Combo in Corso Regina Margherita 128 alle ore 21.30.<\/p>\n<p><img loading=\"lazy\" decoding=\"async\" class=\"alignnone wp-image-10372 size-full\" src=\"https:\/\/fiaf.net\/piemontevalledaosta\/wp-content\/uploads\/sites\/3\/2023\/10\/03-Serata-Enrico-Andreis-12-10.jpg\" alt=\"\" width=\"875\" height=\"652\" srcset=\"https:\/\/fiaf.net\/piemontevalledaosta\/wp-content\/uploads\/sites\/3\/2023\/10\/03-Serata-Enrico-Andreis-12-10.jpg 875w, https:\/\/fiaf.net\/piemontevalledaosta\/wp-content\/uploads\/sites\/3\/2023\/10\/03-Serata-Enrico-Andreis-12-10-300x224.jpg 300w, https:\/\/fiaf.net\/piemontevalledaosta\/wp-content\/uploads\/sites\/3\/2023\/10\/03-Serata-Enrico-Andreis-12-10-768x572.jpg 768w\" sizes=\"auto, (max-width: 875px) 100vw, 875px\" \/><\/p>\n\n    <div class=\"xs_social_share_widget xs_share_url after_content \t\tmain_content  wslu-style-1 wslu-share-box-shaped wslu-fill-colored wslu-none wslu-share-horizontal wslu-theme-font-no wslu-main_content\">\n\n\t\t\n        <ul>\n\t\t\t        <\/ul>\n    <\/div> \n","protected":false},"excerpt":{"rendered":"<p>Gioved\u00ec 12 ottobre la Societ\u00e0 Fotografica Subalpina ospiter\u00e0 Enrico Andreis socio del Fotoclub A. Neyrone di Trofarello con una proiezione &hellip;<\/p>\n","protected":false},"author":71,"featured_media":10372,"comment_status":"closed","ping_status":"closed","sticky":false,"template":"","format":"standard","meta":{"_acf_changed":false,"footnotes":""},"categories":[2],"tags":[],"class_list":["post-10373","post","type-post","status-publish","format-standard","has-post-thumbnail","hentry","category-attivita-circoli"],"acf":[],"_links":{"self":[{"href":"https:\/\/fiaf.net\/piemontevalledaosta\/wp-json\/wp\/v2\/posts\/10373","targetHints":{"allow":["GET"]}}],"collection":[{"href":"https:\/\/fiaf.net\/piemontevalledaosta\/wp-json\/wp\/v2\/posts"}],"about":[{"href":"https:\/\/fiaf.net\/piemontevalledaosta\/wp-json\/wp\/v2\/types\/post"}],"author":[{"embeddable":true,"href":"https:\/\/fiaf.net\/piemontevalledaosta\/wp-json\/wp\/v2\/users\/71"}],"replies":[{"embeddable":true,"href":"https:\/\/fiaf.net\/piemontevalledaosta\/wp-json\/wp\/v2\/comments?post=10373"}],"version-history":[{"count":2,"href":"https:\/\/fiaf.net\/piemontevalledaosta\/wp-json\/wp\/v2\/posts\/10373\/revisions"}],"predecessor-version":[{"id":10375,"href":"https:\/\/fiaf.net\/piemontevalledaosta\/wp-json\/wp\/v2\/posts\/10373\/revisions\/10375"}],"wp:featuredmedia":[{"embeddable":true,"href":"https:\/\/fiaf.net\/piemontevalledaosta\/wp-json\/wp\/v2\/media\/10372"}],"wp:attachment":[{"href":"https:\/\/fiaf.net\/piemontevalledaosta\/wp-json\/wp\/v2\/media?parent=10373"}],"wp:term":[{"taxonomy":"category","embeddable":true,"href":"https:\/\/fiaf.net\/piemontevalledaosta\/wp-json\/wp\/v2\/categories?post=10373"},{"taxonomy":"post_tag","embeddable":true,"href":"https:\/\/fiaf.net\/piemontevalledaosta\/wp-json\/wp\/v2\/tags?post=10373"}],"curies":[{"name":"wp","href":"https:\/\/api.w.org\/{rel}","templated":true}]}}