{"id":10716,"date":"2023-11-16T08:40:25","date_gmt":"2023-11-16T07:40:25","guid":{"rendered":"https:\/\/fiaf.net\/piemontevalledaosta\/?p=10716"},"modified":"2025-01-07T15:20:37","modified_gmt":"2025-01-07T14:20:37","slug":"paolo-caprioglio-presentera-le-sue-immagini-giovedi-16-alle-ore-21-30-presso-la-societa-fotografica-subalpina","status":"publish","type":"post","link":"https:\/\/fiaf.net\/piemontevalledaosta\/paolo-caprioglio-presentera-le-sue-immagini-giovedi-16-alle-ore-21-30-presso-la-societa-fotografica-subalpina\/","title":{"rendered":"Paolo Caprioglio presenter\u00e0 le sue immagini GIOVEDI&#8217; 16 alle ore 21.30 presso la Societ\u00e0 Fotografica Subalpina"},"content":{"rendered":"<p>PAOLO CAPRIOGLIO debutter\u00e0 in Subalpina gioved\u00ec 16 dalle ore 21.30 &#8211; un modo per confrontarsi e farsi conoscere. Vi aspettiamo!<\/p>\n<p><img loading=\"lazy\" decoding=\"async\" class=\"alignnone wp-image-10712 size-large\" src=\"https:\/\/fiaf.net\/piemontevalledaosta\/wp-content\/uploads\/sites\/3\/2023\/11\/11-Paolo-Caprioglio-16-11-1024x766.jpg\" alt=\"\" width=\"1024\" height=\"766\" srcset=\"https:\/\/fiaf.net\/piemontevalledaosta\/wp-content\/uploads\/sites\/3\/2023\/11\/11-Paolo-Caprioglio-16-11-1024x766.jpg 1024w, https:\/\/fiaf.net\/piemontevalledaosta\/wp-content\/uploads\/sites\/3\/2023\/11\/11-Paolo-Caprioglio-16-11-300x224.jpg 300w, https:\/\/fiaf.net\/piemontevalledaosta\/wp-content\/uploads\/sites\/3\/2023\/11\/11-Paolo-Caprioglio-16-11-768x574.jpg 768w, https:\/\/fiaf.net\/piemontevalledaosta\/wp-content\/uploads\/sites\/3\/2023\/11\/11-Paolo-Caprioglio-16-11.jpg 1387w\" sizes=\"auto, (max-width: 1024px) 100vw, 1024px\" \/><\/p>\n\n    <div class=\"xs_social_share_widget xs_share_url after_content \t\tmain_content  wslu-style-1 wslu-share-box-shaped wslu-fill-colored wslu-none wslu-share-horizontal wslu-theme-font-no wslu-main_content\">\n\n\t\t\n        <ul>\n\t\t\t        <\/ul>\n    <\/div> \n","protected":false},"excerpt":{"rendered":"<p>PAOLO CAPRIOGLIO debutter\u00e0 in Subalpina gioved\u00ec 16 dalle ore 21.30 &#8211; un modo per confrontarsi e farsi conoscere. Vi aspettiamo!<\/p>\n","protected":false},"author":71,"featured_media":10712,"comment_status":"closed","ping_status":"closed","sticky":false,"template":"","format":"standard","meta":{"_acf_changed":false,"footnotes":""},"categories":[2],"tags":[],"class_list":["post-10716","post","type-post","status-publish","format-standard","has-post-thumbnail","hentry","category-attivita-circoli"],"acf":[],"_links":{"self":[{"href":"https:\/\/fiaf.net\/piemontevalledaosta\/wp-json\/wp\/v2\/posts\/10716","targetHints":{"allow":["GET"]}}],"collection":[{"href":"https:\/\/fiaf.net\/piemontevalledaosta\/wp-json\/wp\/v2\/posts"}],"about":[{"href":"https:\/\/fiaf.net\/piemontevalledaosta\/wp-json\/wp\/v2\/types\/post"}],"author":[{"embeddable":true,"href":"https:\/\/fiaf.net\/piemontevalledaosta\/wp-json\/wp\/v2\/users\/71"}],"replies":[{"embeddable":true,"href":"https:\/\/fiaf.net\/piemontevalledaosta\/wp-json\/wp\/v2\/comments?post=10716"}],"version-history":[{"count":1,"href":"https:\/\/fiaf.net\/piemontevalledaosta\/wp-json\/wp\/v2\/posts\/10716\/revisions"}],"predecessor-version":[{"id":10717,"href":"https:\/\/fiaf.net\/piemontevalledaosta\/wp-json\/wp\/v2\/posts\/10716\/revisions\/10717"}],"wp:featuredmedia":[{"embeddable":true,"href":"https:\/\/fiaf.net\/piemontevalledaosta\/wp-json\/wp\/v2\/media\/10712"}],"wp:attachment":[{"href":"https:\/\/fiaf.net\/piemontevalledaosta\/wp-json\/wp\/v2\/media?parent=10716"}],"wp:term":[{"taxonomy":"category","embeddable":true,"href":"https:\/\/fiaf.net\/piemontevalledaosta\/wp-json\/wp\/v2\/categories?post=10716"},{"taxonomy":"post_tag","embeddable":true,"href":"https:\/\/fiaf.net\/piemontevalledaosta\/wp-json\/wp\/v2\/tags?post=10716"}],"curies":[{"name":"wp","href":"https:\/\/api.w.org\/{rel}","templated":true}]}}