{"id":10826,"date":"2023-12-11T08:58:42","date_gmt":"2023-12-11T07:58:42","guid":{"rendered":"https:\/\/fiaf.net\/piemontevalledaosta\/?p=10826"},"modified":"2025-01-07T15:23:05","modified_gmt":"2025-01-07T14:23:05","slug":"gabriele-bellomo-presentera-presso-il-circolo-fotografico-casellese-i-suoi-lavori-su-maedira-lisola-verde-lunedi-11-dalle-ore-2100","status":"publish","type":"post","link":"https:\/\/fiaf.net\/piemontevalledaosta\/gabriele-bellomo-presentera-presso-il-circolo-fotografico-casellese-i-suoi-lavori-su-maedira-lisola-verde-lunedi-11-dalle-ore-2100\/","title":{"rendered":"GABRIELE BELLOMO presenter\u00e0 presso il Circolo Fotografico Casellese i suoi lavori su &#8220;MAEDIRA-L&#8217;ISOLA VERDE&#8221; luned\u00ec 11 dalle ore 21,00"},"content":{"rendered":"<p>Il Circolo Fotografico Casellese presenter\u00e0 GABRIELE BELLOMO e i suoi ultimi lavori su &#8220;MADEIRA-L&#8217;ISOLA VERDE&#8221; dalle ore 21,00 di luned\u00ec 11<\/p>\n<p><img loading=\"lazy\" decoding=\"async\" class=\"alignnone size-full wp-image-10819\" src=\"https:\/\/fiaf.net\/piemontevalledaosta\/wp-content\/uploads\/sites\/3\/2023\/12\/Gabriele-Bellomo-11-12-e1702281180476.jpeg\" alt=\"\" width=\"718\" height=\"907\" \/><\/p>\n\n    <div class=\"xs_social_share_widget xs_share_url after_content \t\tmain_content  wslu-style-1 wslu-share-box-shaped wslu-fill-colored wslu-none wslu-share-horizontal wslu-theme-font-no wslu-main_content\">\n\n\t\t\n        <ul>\n\t\t\t        <\/ul>\n    <\/div> \n","protected":false},"excerpt":{"rendered":"<p>Il Circolo Fotografico Casellese presenter\u00e0 GABRIELE BELLOMO e i suoi ultimi lavori su &#8220;MADEIRA-L&#8217;ISOLA VERDE&#8221; dalle ore 21,00 di luned\u00ec &hellip;<\/p>\n","protected":false},"author":71,"featured_media":0,"comment_status":"closed","ping_status":"closed","sticky":false,"template":"","format":"standard","meta":{"_acf_changed":false,"footnotes":""},"categories":[2],"tags":[],"class_list":["post-10826","post","type-post","status-publish","format-standard","hentry","category-attivita-circoli"],"acf":[],"_links":{"self":[{"href":"https:\/\/fiaf.net\/piemontevalledaosta\/wp-json\/wp\/v2\/posts\/10826","targetHints":{"allow":["GET"]}}],"collection":[{"href":"https:\/\/fiaf.net\/piemontevalledaosta\/wp-json\/wp\/v2\/posts"}],"about":[{"href":"https:\/\/fiaf.net\/piemontevalledaosta\/wp-json\/wp\/v2\/types\/post"}],"author":[{"embeddable":true,"href":"https:\/\/fiaf.net\/piemontevalledaosta\/wp-json\/wp\/v2\/users\/71"}],"replies":[{"embeddable":true,"href":"https:\/\/fiaf.net\/piemontevalledaosta\/wp-json\/wp\/v2\/comments?post=10826"}],"version-history":[{"count":1,"href":"https:\/\/fiaf.net\/piemontevalledaosta\/wp-json\/wp\/v2\/posts\/10826\/revisions"}],"predecessor-version":[{"id":10827,"href":"https:\/\/fiaf.net\/piemontevalledaosta\/wp-json\/wp\/v2\/posts\/10826\/revisions\/10827"}],"wp:attachment":[{"href":"https:\/\/fiaf.net\/piemontevalledaosta\/wp-json\/wp\/v2\/media?parent=10826"}],"wp:term":[{"taxonomy":"category","embeddable":true,"href":"https:\/\/fiaf.net\/piemontevalledaosta\/wp-json\/wp\/v2\/categories?post=10826"},{"taxonomy":"post_tag","embeddable":true,"href":"https:\/\/fiaf.net\/piemontevalledaosta\/wp-json\/wp\/v2\/tags?post=10826"}],"curies":[{"name":"wp","href":"https:\/\/api.w.org\/{rel}","templated":true}]}}