{"id":11059,"date":"2024-02-18T18:52:25","date_gmt":"2024-02-18T17:52:25","guid":{"rendered":"https:\/\/fiaf.net\/piemontevalledaosta\/?p=11059"},"modified":"2024-02-18T18:52:25","modified_gmt":"2024-02-18T17:52:25","slug":"il-clik-photo-club-ospitera-italo-losero-martedi-20-dalle-ore-2115","status":"publish","type":"post","link":"https:\/\/fiaf.net\/piemontevalledaosta\/il-clik-photo-club-ospitera-italo-losero-martedi-20-dalle-ore-2115\/","title":{"rendered":"Il CLIK PHOTO CLUB ospiter\u00e0 ITALO LOSERO marted\u00ec 20 dalle ore 21,15"},"content":{"rendered":"<p>ITALO LOSERO parler\u00e0 della creativit\u00e0 e dell&#8217;immaginario fotografico con l&#8217;intelligenza artificiale a Pianezza al CLIK PHOTO CLUB dalle ore 21,15 di MARTEDI&#8217; 20<\/p>\n<p><img loading=\"lazy\" decoding=\"async\" class=\"alignnone wp-image-11048 size-large\" src=\"https:\/\/fiaf.net\/piemontevalledaosta\/wp-content\/uploads\/sites\/3\/2024\/02\/Italo-Losero-20-02-724x1024.jpeg\" alt=\"\" width=\"724\" height=\"1024\" \/><\/p>\n\n    <div class=\"xs_social_share_widget xs_share_url after_content \t\tmain_content  wslu-style-1 wslu-share-box-shaped wslu-fill-colored wslu-none wslu-share-horizontal wslu-theme-font-no wslu-main_content\">\n\n\t\t\n        <ul>\n\t\t\t        <\/ul>\n    <\/div> \n","protected":false},"excerpt":{"rendered":"<p>ITALO LOSERO parler\u00e0 della creativit\u00e0 e dell&#8217;immaginario fotografico con l&#8217;intelligenza artificiale a Pianezza al CLIK PHOTO CLUB dalle ore 21,15 &hellip;<\/p>\n","protected":false},"author":71,"featured_media":11048,"comment_status":"closed","ping_status":"closed","sticky":true,"template":"","format":"standard","meta":{"_acf_changed":false,"footnotes":""},"categories":[2],"tags":[],"class_list":["post-11059","post","type-post","status-publish","format-standard","has-post-thumbnail","hentry","category-attivita-circoli"],"acf":[],"_links":{"self":[{"href":"https:\/\/fiaf.net\/piemontevalledaosta\/wp-json\/wp\/v2\/posts\/11059","targetHints":{"allow":["GET"]}}],"collection":[{"href":"https:\/\/fiaf.net\/piemontevalledaosta\/wp-json\/wp\/v2\/posts"}],"about":[{"href":"https:\/\/fiaf.net\/piemontevalledaosta\/wp-json\/wp\/v2\/types\/post"}],"author":[{"embeddable":true,"href":"https:\/\/fiaf.net\/piemontevalledaosta\/wp-json\/wp\/v2\/users\/71"}],"replies":[{"embeddable":true,"href":"https:\/\/fiaf.net\/piemontevalledaosta\/wp-json\/wp\/v2\/comments?post=11059"}],"version-history":[{"count":1,"href":"https:\/\/fiaf.net\/piemontevalledaosta\/wp-json\/wp\/v2\/posts\/11059\/revisions"}],"predecessor-version":[{"id":11060,"href":"https:\/\/fiaf.net\/piemontevalledaosta\/wp-json\/wp\/v2\/posts\/11059\/revisions\/11060"}],"wp:featuredmedia":[{"embeddable":true,"href":"https:\/\/fiaf.net\/piemontevalledaosta\/wp-json\/wp\/v2\/media\/11048"}],"wp:attachment":[{"href":"https:\/\/fiaf.net\/piemontevalledaosta\/wp-json\/wp\/v2\/media?parent=11059"}],"wp:term":[{"taxonomy":"category","embeddable":true,"href":"https:\/\/fiaf.net\/piemontevalledaosta\/wp-json\/wp\/v2\/categories?post=11059"},{"taxonomy":"post_tag","embeddable":true,"href":"https:\/\/fiaf.net\/piemontevalledaosta\/wp-json\/wp\/v2\/tags?post=11059"}],"curies":[{"name":"wp","href":"https:\/\/api.w.org\/{rel}","templated":true}]}}