{"id":11168,"date":"2024-03-17T17:41:54","date_gmt":"2024-03-17T16:41:54","guid":{"rendered":"https:\/\/fiaf.net\/piemontevalledaosta\/?p=11168"},"modified":"2024-03-17T17:41:54","modified_gmt":"2024-03-17T16:41:54","slug":"f-amantea-e-s-cavecchia-presentano-i-loro-audiovisivi-presso-la-societa-fotografica-subalpina-giovedi-21-marzo","status":"publish","type":"post","link":"https:\/\/fiaf.net\/piemontevalledaosta\/f-amantea-e-s-cavecchia-presentano-i-loro-audiovisivi-presso-la-societa-fotografica-subalpina-giovedi-21-marzo\/","title":{"rendered":"F.Amantea e S.Cavecchia presentano i loro audiovisivi presso la Societ\u00e0 Fotografica Subalpina gioved\u00ec 21 marzo"},"content":{"rendered":"<p>Gioved\u00ec 21 marzo 2024 la Societ\u00e0 Fotografica Subalpina ospiter\u00e0 Franco Amantea e Simonetta Cavecchia che ci presenteranno una selezione di audiovisivi caratterizzati da diverse tematiche: sociali, street, reportage, umorisitico. Il fil rouge della serata saranno le emozioni. Vi aspettiamo alle ore 21.30 da Combo in Corso Regina Margherita 128 a Torino<\/p>\n<p><img loading=\"lazy\" decoding=\"async\" class=\"alignnone wp-image-11162 size-large\" src=\"https:\/\/fiaf.net\/piemontevalledaosta\/wp-content\/uploads\/sites\/3\/2024\/03\/Amantea-e-Cavecchia-21-03-1024x768.jpg\" alt=\"\" width=\"1024\" height=\"768\" \/><\/p>\n\n    <div class=\"xs_social_share_widget xs_share_url after_content \t\tmain_content  wslu-style-1 wslu-share-box-shaped wslu-fill-colored wslu-none wslu-share-horizontal wslu-theme-font-no wslu-main_content\">\n\n\t\t\n        <ul>\n\t\t\t        <\/ul>\n    <\/div> \n","protected":false},"excerpt":{"rendered":"<p>Gioved\u00ec 21 marzo 2024 la Societ\u00e0 Fotografica Subalpina ospiter\u00e0 Franco Amantea e Simonetta Cavecchia che ci presenteranno una selezione di &hellip;<\/p>\n","protected":false},"author":71,"featured_media":11162,"comment_status":"closed","ping_status":"closed","sticky":true,"template":"","format":"standard","meta":{"_acf_changed":false,"footnotes":""},"categories":[2],"tags":[],"class_list":["post-11168","post","type-post","status-publish","format-standard","has-post-thumbnail","hentry","category-attivita-circoli"],"acf":[],"_links":{"self":[{"href":"https:\/\/fiaf.net\/piemontevalledaosta\/wp-json\/wp\/v2\/posts\/11168","targetHints":{"allow":["GET"]}}],"collection":[{"href":"https:\/\/fiaf.net\/piemontevalledaosta\/wp-json\/wp\/v2\/posts"}],"about":[{"href":"https:\/\/fiaf.net\/piemontevalledaosta\/wp-json\/wp\/v2\/types\/post"}],"author":[{"embeddable":true,"href":"https:\/\/fiaf.net\/piemontevalledaosta\/wp-json\/wp\/v2\/users\/71"}],"replies":[{"embeddable":true,"href":"https:\/\/fiaf.net\/piemontevalledaosta\/wp-json\/wp\/v2\/comments?post=11168"}],"version-history":[{"count":1,"href":"https:\/\/fiaf.net\/piemontevalledaosta\/wp-json\/wp\/v2\/posts\/11168\/revisions"}],"predecessor-version":[{"id":11169,"href":"https:\/\/fiaf.net\/piemontevalledaosta\/wp-json\/wp\/v2\/posts\/11168\/revisions\/11169"}],"wp:featuredmedia":[{"embeddable":true,"href":"https:\/\/fiaf.net\/piemontevalledaosta\/wp-json\/wp\/v2\/media\/11162"}],"wp:attachment":[{"href":"https:\/\/fiaf.net\/piemontevalledaosta\/wp-json\/wp\/v2\/media?parent=11168"}],"wp:term":[{"taxonomy":"category","embeddable":true,"href":"https:\/\/fiaf.net\/piemontevalledaosta\/wp-json\/wp\/v2\/categories?post=11168"},{"taxonomy":"post_tag","embeddable":true,"href":"https:\/\/fiaf.net\/piemontevalledaosta\/wp-json\/wp\/v2\/tags?post=11168"}],"curies":[{"name":"wp","href":"https:\/\/api.w.org\/{rel}","templated":true}]}}