{"id":11341,"date":"2024-05-05T10:55:18","date_gmt":"2024-05-05T08:55:18","guid":{"rendered":"https:\/\/fiaf.net\/piemontevalledaosta\/?p=11341"},"modified":"2024-05-05T10:55:18","modified_gmt":"2024-05-05T08:55:18","slug":"junior-biagio-mormile-presentera-presso-il-clik-photo-club-di-pianezza-martedi-7-il-suo-viaggio-nei-balcani","status":"publish","type":"post","link":"https:\/\/fiaf.net\/piemontevalledaosta\/junior-biagio-mormile-presentera-presso-il-clik-photo-club-di-pianezza-martedi-7-il-suo-viaggio-nei-balcani\/","title":{"rendered":"Junior Biagio Mormile presenter\u00e0 presso il CLIK PHOTO CLUB di Pianezza MARTEDI&#8217; 7 il suo viaggio nei Balcani"},"content":{"rendered":"<p>&#8220;DA TORINO AD ANKARA &#8211; 43 GIORNI NEI BALCANI&#8221; Viaggio che sar\u00e0 descritto dall&#8217;autore durante la presentazione fotografica. che si terr\u00e0 presso il CLIK PHOTO CLUB di Pianezza dalle ore 21,15 di marted\u00ec 7<\/p>\n<p><img loading=\"lazy\" decoding=\"async\" class=\"alignnone wp-image-11318 size-large\" src=\"https:\/\/fiaf.net\/piemontevalledaosta\/wp-content\/uploads\/sites\/3\/2024\/05\/Biagio-07-05-724x1024.jpg\" alt=\"\" width=\"724\" height=\"1024\" \/><\/p>\n\n    <div class=\"xs_social_share_widget xs_share_url after_content \t\tmain_content  wslu-style-1 wslu-share-box-shaped wslu-fill-colored wslu-none wslu-share-horizontal wslu-theme-font-no wslu-main_content\">\n\n\t\t\n        <ul>\n\t\t\t        <\/ul>\n    <\/div> \n","protected":false},"excerpt":{"rendered":"<p>&#8220;DA TORINO AD ANKARA &#8211; 43 GIORNI NEI BALCANI&#8221; Viaggio che sar\u00e0 descritto dall&#8217;autore durante la presentazione fotografica. che si &hellip;<\/p>\n","protected":false},"author":71,"featured_media":11318,"comment_status":"closed","ping_status":"closed","sticky":true,"template":"","format":"standard","meta":{"_acf_changed":false,"footnotes":""},"categories":[2],"tags":[],"class_list":["post-11341","post","type-post","status-publish","format-standard","has-post-thumbnail","hentry","category-attivita-circoli"],"acf":[],"_links":{"self":[{"href":"https:\/\/fiaf.net\/piemontevalledaosta\/wp-json\/wp\/v2\/posts\/11341","targetHints":{"allow":["GET"]}}],"collection":[{"href":"https:\/\/fiaf.net\/piemontevalledaosta\/wp-json\/wp\/v2\/posts"}],"about":[{"href":"https:\/\/fiaf.net\/piemontevalledaosta\/wp-json\/wp\/v2\/types\/post"}],"author":[{"embeddable":true,"href":"https:\/\/fiaf.net\/piemontevalledaosta\/wp-json\/wp\/v2\/users\/71"}],"replies":[{"embeddable":true,"href":"https:\/\/fiaf.net\/piemontevalledaosta\/wp-json\/wp\/v2\/comments?post=11341"}],"version-history":[{"count":1,"href":"https:\/\/fiaf.net\/piemontevalledaosta\/wp-json\/wp\/v2\/posts\/11341\/revisions"}],"predecessor-version":[{"id":11342,"href":"https:\/\/fiaf.net\/piemontevalledaosta\/wp-json\/wp\/v2\/posts\/11341\/revisions\/11342"}],"wp:featuredmedia":[{"embeddable":true,"href":"https:\/\/fiaf.net\/piemontevalledaosta\/wp-json\/wp\/v2\/media\/11318"}],"wp:attachment":[{"href":"https:\/\/fiaf.net\/piemontevalledaosta\/wp-json\/wp\/v2\/media?parent=11341"}],"wp:term":[{"taxonomy":"category","embeddable":true,"href":"https:\/\/fiaf.net\/piemontevalledaosta\/wp-json\/wp\/v2\/categories?post=11341"},{"taxonomy":"post_tag","embeddable":true,"href":"https:\/\/fiaf.net\/piemontevalledaosta\/wp-json\/wp\/v2\/tags?post=11341"}],"curies":[{"name":"wp","href":"https:\/\/api.w.org\/{rel}","templated":true}]}}