{"id":11704,"date":"2024-10-13T21:38:31","date_gmt":"2024-10-13T19:38:31","guid":{"rendered":"https:\/\/fiaf.net\/piemontevalledaosta\/?p=11704"},"modified":"2024-10-13T21:47:07","modified_gmt":"2024-10-13T19:47:07","slug":"giovedi-17-alle-ore-2130-federico-romussi-presentera-da-instagram-alla-stampa","status":"publish","type":"post","link":"https:\/\/fiaf.net\/piemontevalledaosta\/giovedi-17-alle-ore-2130-federico-romussi-presentera-da-instagram-alla-stampa\/","title":{"rendered":"GIOVEDI&#8217; 17 alle ore 21,30 Federico Romussi presenter\u00e0 &#8220;DA INSTAGRAM ALLA STAMPA&#8221;"},"content":{"rendered":"<p>Federico Romussi, presso la Societ\u00e0 Fotografica Subalpina, presenter\u00e0 una selezione di suoi progetti che maturano nel tempo e sono finalizzati alla realizzazione di un audiovisivo, di un libro o di una mostra.<\/p>\n<figure id=\"attachment_11703\" aria-describedby=\"caption-attachment-11703\" style=\"width: 1024px\" class=\"wp-caption alignnone\"><img loading=\"lazy\" decoding=\"async\" class=\"wp-image-11703 size-large\" src=\"https:\/\/fiaf.net\/piemontevalledaosta\/wp-content\/uploads\/sites\/3\/2024\/10\/04-Federico-Romussi-17-10-SFS-1024x760.jpeg\" alt=\"\" width=\"1024\" height=\"760\" srcset=\"https:\/\/fiaf.net\/piemontevalledaosta\/wp-content\/uploads\/sites\/3\/2024\/10\/04-Federico-Romussi-17-10-SFS-1024x760.jpeg 1024w, https:\/\/fiaf.net\/piemontevalledaosta\/wp-content\/uploads\/sites\/3\/2024\/10\/04-Federico-Romussi-17-10-SFS-300x223.jpeg 300w, https:\/\/fiaf.net\/piemontevalledaosta\/wp-content\/uploads\/sites\/3\/2024\/10\/04-Federico-Romussi-17-10-SFS-768x570.jpeg 768w, https:\/\/fiaf.net\/piemontevalledaosta\/wp-content\/uploads\/sites\/3\/2024\/10\/04-Federico-Romussi-17-10-SFS.jpeg 1391w\" sizes=\"auto, (max-width: 1024px) 100vw, 1024px\" \/><figcaption id=\"caption-attachment-11703\" class=\"wp-caption-text\">Screenshot<\/figcaption><\/figure>\n\n    <div class=\"xs_social_share_widget xs_share_url after_content \t\tmain_content  wslu-style-1 wslu-share-box-shaped wslu-fill-colored wslu-none wslu-share-horizontal wslu-theme-font-no wslu-main_content\">\n\n\t\t\n        <ul>\n\t\t\t        <\/ul>\n    <\/div> \n","protected":false},"excerpt":{"rendered":"<p>Federico Romussi, presso la Societ\u00e0 Fotografica Subalpina, presenter\u00e0 una selezione di suoi progetti che maturano nel tempo e sono finalizzati &hellip;<\/p>\n","protected":false},"author":71,"featured_media":0,"comment_status":"closed","ping_status":"closed","sticky":true,"template":"","format":"standard","meta":{"_acf_changed":false,"footnotes":""},"categories":[2],"tags":[],"class_list":["post-11704","post","type-post","status-publish","format-standard","hentry","category-attivita-circoli"],"acf":[],"_links":{"self":[{"href":"https:\/\/fiaf.net\/piemontevalledaosta\/wp-json\/wp\/v2\/posts\/11704","targetHints":{"allow":["GET"]}}],"collection":[{"href":"https:\/\/fiaf.net\/piemontevalledaosta\/wp-json\/wp\/v2\/posts"}],"about":[{"href":"https:\/\/fiaf.net\/piemontevalledaosta\/wp-json\/wp\/v2\/types\/post"}],"author":[{"embeddable":true,"href":"https:\/\/fiaf.net\/piemontevalledaosta\/wp-json\/wp\/v2\/users\/71"}],"replies":[{"embeddable":true,"href":"https:\/\/fiaf.net\/piemontevalledaosta\/wp-json\/wp\/v2\/comments?post=11704"}],"version-history":[{"count":1,"href":"https:\/\/fiaf.net\/piemontevalledaosta\/wp-json\/wp\/v2\/posts\/11704\/revisions"}],"predecessor-version":[{"id":11705,"href":"https:\/\/fiaf.net\/piemontevalledaosta\/wp-json\/wp\/v2\/posts\/11704\/revisions\/11705"}],"wp:attachment":[{"href":"https:\/\/fiaf.net\/piemontevalledaosta\/wp-json\/wp\/v2\/media?parent=11704"}],"wp:term":[{"taxonomy":"category","embeddable":true,"href":"https:\/\/fiaf.net\/piemontevalledaosta\/wp-json\/wp\/v2\/categories?post=11704"},{"taxonomy":"post_tag","embeddable":true,"href":"https:\/\/fiaf.net\/piemontevalledaosta\/wp-json\/wp\/v2\/tags?post=11704"}],"curies":[{"name":"wp","href":"https:\/\/api.w.org\/{rel}","templated":true}]}}