{"id":11736,"date":"2024-10-20T17:45:19","date_gmt":"2024-10-20T15:45:19","guid":{"rendered":"https:\/\/fiaf.net\/piemontevalledaosta\/?p=11736"},"modified":"2024-10-20T17:29:52","modified_gmt":"2024-10-20T15:29:52","slug":"il-club-fotografico-oreste-perini-dla-famija-moncalereisa-ospitera-carlo-cottino-con-un-audiovisivo-sullislanda-lunedi-21-dalle-ore-2100","status":"publish","type":"post","link":"https:\/\/fiaf.net\/piemontevalledaosta\/il-club-fotografico-oreste-perini-dla-famija-moncalereisa-ospitera-carlo-cottino-con-un-audiovisivo-sullislanda-lunedi-21-dalle-ore-2100\/","title":{"rendered":"Il Club Fotografico Oreste Perini dla Famija Moncalereisa ospiter\u00e0 CARLO COTTINO con un audiovisivo sull&#8217;ISLANDA Luned\u00ec 21 dalle ore 21,00"},"content":{"rendered":"<p>CARLO COTTINO sar\u00e0 ospite luned\u00ec 21 dalle ore 21,00 presso il Club Fotografico Oreste Perini dla Famija Moncalereisa per parlare fotograficamente della sua ISLANDA<\/p>\n<p><img loading=\"lazy\" decoding=\"async\" class=\"alignnone wp-image-11722 size-full\" src=\"https:\/\/fiaf.net\/piemontevalledaosta\/wp-content\/uploads\/sites\/3\/2024\/10\/01-Cottino-21-10-Moncalieri.jpg\" alt=\"\" width=\"764\" height=\"736\" \/><\/p>\n\n    <div class=\"xs_social_share_widget xs_share_url after_content \t\tmain_content  wslu-style-1 wslu-share-box-shaped wslu-fill-colored wslu-none wslu-share-horizontal wslu-theme-font-no wslu-main_content\">\n\n\t\t\n        <ul>\n\t\t\t        <\/ul>\n    <\/div> \n","protected":false},"excerpt":{"rendered":"<p>CARLO COTTINO sar\u00e0 ospite luned\u00ec 21 dalle ore 21,00 presso il Club Fotografico Oreste Perini dla Famija Moncalereisa per parlare &hellip;<\/p>\n","protected":false},"author":71,"featured_media":11722,"comment_status":"closed","ping_status":"closed","sticky":true,"template":"","format":"standard","meta":{"_acf_changed":false,"footnotes":""},"categories":[2],"tags":[],"class_list":["post-11736","post","type-post","status-publish","format-standard","has-post-thumbnail","hentry","category-attivita-circoli"],"acf":[],"_links":{"self":[{"href":"https:\/\/fiaf.net\/piemontevalledaosta\/wp-json\/wp\/v2\/posts\/11736","targetHints":{"allow":["GET"]}}],"collection":[{"href":"https:\/\/fiaf.net\/piemontevalledaosta\/wp-json\/wp\/v2\/posts"}],"about":[{"href":"https:\/\/fiaf.net\/piemontevalledaosta\/wp-json\/wp\/v2\/types\/post"}],"author":[{"embeddable":true,"href":"https:\/\/fiaf.net\/piemontevalledaosta\/wp-json\/wp\/v2\/users\/71"}],"replies":[{"embeddable":true,"href":"https:\/\/fiaf.net\/piemontevalledaosta\/wp-json\/wp\/v2\/comments?post=11736"}],"version-history":[{"count":3,"href":"https:\/\/fiaf.net\/piemontevalledaosta\/wp-json\/wp\/v2\/posts\/11736\/revisions"}],"predecessor-version":[{"id":11739,"href":"https:\/\/fiaf.net\/piemontevalledaosta\/wp-json\/wp\/v2\/posts\/11736\/revisions\/11739"}],"wp:featuredmedia":[{"embeddable":true,"href":"https:\/\/fiaf.net\/piemontevalledaosta\/wp-json\/wp\/v2\/media\/11722"}],"wp:attachment":[{"href":"https:\/\/fiaf.net\/piemontevalledaosta\/wp-json\/wp\/v2\/media?parent=11736"}],"wp:term":[{"taxonomy":"category","embeddable":true,"href":"https:\/\/fiaf.net\/piemontevalledaosta\/wp-json\/wp\/v2\/categories?post=11736"},{"taxonomy":"post_tag","embeddable":true,"href":"https:\/\/fiaf.net\/piemontevalledaosta\/wp-json\/wp\/v2\/tags?post=11736"}],"curies":[{"name":"wp","href":"https:\/\/api.w.org\/{rel}","templated":true}]}}