{"id":11830,"date":"2024-11-10T11:41:55","date_gmt":"2024-11-10T10:41:55","guid":{"rendered":"https:\/\/fiaf.net\/piemontevalledaosta\/?p=11830"},"modified":"2024-11-10T11:41:55","modified_gmt":"2024-11-10T10:41:55","slug":"analisi-e-commento-delle-fotografie-sara-il-tema-della-serata-presso-la-societa-fotografica-subalpina-giiovedi-14-dalle-ore-2130","status":"publish","type":"post","link":"https:\/\/fiaf.net\/piemontevalledaosta\/analisi-e-commento-delle-fotografie-sara-il-tema-della-serata-presso-la-societa-fotografica-subalpina-giiovedi-14-dalle-ore-2130\/","title":{"rendered":"ANALISI E COMMENTO DELLE FOTOGRAFIE sar\u00e0 il tema della serata presso la Societ\u00e0 Fotografica Subalpina GIIOVEDI&#8217; 14 dalle ore 21,30"},"content":{"rendered":"<p>Gioved\u00ec 14 presso la SUBALPINA si terr\u00e0 una serata di ANALISI E COMMENTO DELLE FOTOGRAFIE dei soci. L&#8217;appuntamento \u00e8 presso COMBO di C.so Regina Margherita 128 a Torino<\/p>\n<p><img loading=\"lazy\" decoding=\"async\" class=\"alignnone wp-image-11820 size-full\" src=\"https:\/\/fiaf.net\/piemontevalledaosta\/wp-content\/uploads\/sites\/3\/2024\/11\/03-Analisi-foto-Subalpina-14-11.jpeg\" alt=\"\" width=\"640\" height=\"362\" srcset=\"https:\/\/fiaf.net\/piemontevalledaosta\/wp-content\/uploads\/sites\/3\/2024\/11\/03-Analisi-foto-Subalpina-14-11.jpeg 640w, https:\/\/fiaf.net\/piemontevalledaosta\/wp-content\/uploads\/sites\/3\/2024\/11\/03-Analisi-foto-Subalpina-14-11-300x170.jpeg 300w, https:\/\/fiaf.net\/piemontevalledaosta\/wp-content\/uploads\/sites\/3\/2024\/11\/03-Analisi-foto-Subalpina-14-11-390x220.jpeg 390w\" sizes=\"auto, (max-width: 640px) 100vw, 640px\" \/><\/p>\n\n    <div class=\"xs_social_share_widget xs_share_url after_content \t\tmain_content  wslu-style-1 wslu-share-box-shaped wslu-fill-colored wslu-none wslu-share-horizontal wslu-theme-font-no wslu-main_content\">\n\n\t\t\n        <ul>\n\t\t\t        <\/ul>\n    <\/div> \n","protected":false},"excerpt":{"rendered":"<p>Gioved\u00ec 14 presso la SUBALPINA si terr\u00e0 una serata di ANALISI E COMMENTO DELLE FOTOGRAFIE dei soci. L&#8217;appuntamento \u00e8 presso &hellip;<\/p>\n","protected":false},"author":71,"featured_media":11820,"comment_status":"closed","ping_status":"closed","sticky":true,"template":"","format":"standard","meta":{"_acf_changed":false,"footnotes":""},"categories":[2],"tags":[],"class_list":["post-11830","post","type-post","status-publish","format-standard","has-post-thumbnail","hentry","category-attivita-circoli"],"acf":[],"_links":{"self":[{"href":"https:\/\/fiaf.net\/piemontevalledaosta\/wp-json\/wp\/v2\/posts\/11830","targetHints":{"allow":["GET"]}}],"collection":[{"href":"https:\/\/fiaf.net\/piemontevalledaosta\/wp-json\/wp\/v2\/posts"}],"about":[{"href":"https:\/\/fiaf.net\/piemontevalledaosta\/wp-json\/wp\/v2\/types\/post"}],"author":[{"embeddable":true,"href":"https:\/\/fiaf.net\/piemontevalledaosta\/wp-json\/wp\/v2\/users\/71"}],"replies":[{"embeddable":true,"href":"https:\/\/fiaf.net\/piemontevalledaosta\/wp-json\/wp\/v2\/comments?post=11830"}],"version-history":[{"count":2,"href":"https:\/\/fiaf.net\/piemontevalledaosta\/wp-json\/wp\/v2\/posts\/11830\/revisions"}],"predecessor-version":[{"id":11832,"href":"https:\/\/fiaf.net\/piemontevalledaosta\/wp-json\/wp\/v2\/posts\/11830\/revisions\/11832"}],"wp:featuredmedia":[{"embeddable":true,"href":"https:\/\/fiaf.net\/piemontevalledaosta\/wp-json\/wp\/v2\/media\/11820"}],"wp:attachment":[{"href":"https:\/\/fiaf.net\/piemontevalledaosta\/wp-json\/wp\/v2\/media?parent=11830"}],"wp:term":[{"taxonomy":"category","embeddable":true,"href":"https:\/\/fiaf.net\/piemontevalledaosta\/wp-json\/wp\/v2\/categories?post=11830"},{"taxonomy":"post_tag","embeddable":true,"href":"https:\/\/fiaf.net\/piemontevalledaosta\/wp-json\/wp\/v2\/tags?post=11830"}],"curies":[{"name":"wp","href":"https:\/\/api.w.org\/{rel}","templated":true}]}}