{"id":11912,"date":"2025-01-06T10:46:19","date_gmt":"2025-01-06T09:46:19","guid":{"rendered":"https:\/\/fiaf.net\/piemontevalledaosta\/?p=11912"},"modified":"2025-01-07T14:14:00","modified_gmt":"2025-01-07T13:14:00","slug":"giovedi-9-gennaio-il-fotografo-lorusso-pasquale-sara-ospite-presso-la-subalpina-a-torino","status":"publish","type":"post","link":"https:\/\/fiaf.net\/piemontevalledaosta\/giovedi-9-gennaio-il-fotografo-lorusso-pasquale-sara-ospite-presso-la-subalpina-a-torino\/","title":{"rendered":"GIOVEDI&#8217; 9 GENNAIO il fotografo Lorusso Pasquale sar\u00e0 ospite presso la SUBALPINA a Torino"},"content":{"rendered":"<p>La Societ\u00e0 Fotografica Subalpina ospiter\u00e0 il fotografo Lorusso Pasquale con &#8220;RIFLESSIONI SUL PAESAGGIO&#8221; GIOVEDI&#8217; 9 GENNAIO presso la loro sede.<\/p>\n<p><img loading=\"lazy\" decoding=\"async\" class=\"alignnone wp-image-11909 size-full\" src=\"https:\/\/fiaf.net\/piemontevalledaosta\/wp-content\/uploads\/sites\/3\/2025\/01\/01-09-01_Lorusso-Paesaggio-copia.jpg\" alt=\"\" width=\"800\" height=\"445\" srcset=\"https:\/\/fiaf.net\/piemontevalledaosta\/wp-content\/uploads\/sites\/3\/2025\/01\/01-09-01_Lorusso-Paesaggio-copia.jpg 800w, https:\/\/fiaf.net\/piemontevalledaosta\/wp-content\/uploads\/sites\/3\/2025\/01\/01-09-01_Lorusso-Paesaggio-copia-300x167.jpg 300w, https:\/\/fiaf.net\/piemontevalledaosta\/wp-content\/uploads\/sites\/3\/2025\/01\/01-09-01_Lorusso-Paesaggio-copia-768x427.jpg 768w\" sizes=\"auto, (max-width: 800px) 100vw, 800px\" \/><\/p>\n\n    <div class=\"xs_social_share_widget xs_share_url after_content \t\tmain_content  wslu-style-1 wslu-share-box-shaped wslu-fill-colored wslu-none wslu-share-horizontal wslu-theme-font-no wslu-main_content\">\n\n\t\t\n        <ul>\n\t\t\t        <\/ul>\n    <\/div> \n","protected":false},"excerpt":{"rendered":"<p>La Societ\u00e0 Fotografica Subalpina ospiter\u00e0 il fotografo Lorusso Pasquale con &#8220;RIFLESSIONI SUL PAESAGGIO&#8221; GIOVEDI&#8217; 9 GENNAIO presso la loro sede.<\/p>\n","protected":false},"author":71,"featured_media":11909,"comment_status":"closed","ping_status":"closed","sticky":true,"template":"","format":"standard","meta":{"_acf_changed":false,"footnotes":""},"categories":[2,21],"tags":[],"class_list":["post-11912","post","type-post","status-publish","format-standard","has-post-thumbnail","hentry","category-attivita-circoli","category-seminari-incontri-webinar"],"acf":[],"_links":{"self":[{"href":"https:\/\/fiaf.net\/piemontevalledaosta\/wp-json\/wp\/v2\/posts\/11912","targetHints":{"allow":["GET"]}}],"collection":[{"href":"https:\/\/fiaf.net\/piemontevalledaosta\/wp-json\/wp\/v2\/posts"}],"about":[{"href":"https:\/\/fiaf.net\/piemontevalledaosta\/wp-json\/wp\/v2\/types\/post"}],"author":[{"embeddable":true,"href":"https:\/\/fiaf.net\/piemontevalledaosta\/wp-json\/wp\/v2\/users\/71"}],"replies":[{"embeddable":true,"href":"https:\/\/fiaf.net\/piemontevalledaosta\/wp-json\/wp\/v2\/comments?post=11912"}],"version-history":[{"count":1,"href":"https:\/\/fiaf.net\/piemontevalledaosta\/wp-json\/wp\/v2\/posts\/11912\/revisions"}],"predecessor-version":[{"id":11913,"href":"https:\/\/fiaf.net\/piemontevalledaosta\/wp-json\/wp\/v2\/posts\/11912\/revisions\/11913"}],"wp:featuredmedia":[{"embeddable":true,"href":"https:\/\/fiaf.net\/piemontevalledaosta\/wp-json\/wp\/v2\/media\/11909"}],"wp:attachment":[{"href":"https:\/\/fiaf.net\/piemontevalledaosta\/wp-json\/wp\/v2\/media?parent=11912"}],"wp:term":[{"taxonomy":"category","embeddable":true,"href":"https:\/\/fiaf.net\/piemontevalledaosta\/wp-json\/wp\/v2\/categories?post=11912"},{"taxonomy":"post_tag","embeddable":true,"href":"https:\/\/fiaf.net\/piemontevalledaosta\/wp-json\/wp\/v2\/tags?post=11912"}],"curies":[{"name":"wp","href":"https:\/\/api.w.org\/{rel}","templated":true}]}}