{"id":11999,"date":"2025-02-01T17:14:07","date_gmt":"2025-02-01T16:14:07","guid":{"rendered":"https:\/\/fiaf.net\/piemontevalledaosta\/?p=11999"},"modified":"2025-02-02T17:42:31","modified_gmt":"2025-02-02T16:42:31","slug":"massimo-pascutti-sara-ospite-presso-il-clik-photoclub-di-pianezza-per-una-serata-culturale-su-limmagine-infedele-martedi-04","status":"publish","type":"post","link":"https:\/\/fiaf.net\/piemontevalledaosta\/massimo-pascutti-sara-ospite-presso-il-clik-photoclub-di-pianezza-per-una-serata-culturale-su-limmagine-infedele-martedi-04\/","title":{"rendered":"Massimo Pascutti sar\u00e0 ospite presso il CLIK Photoclub di Pianezza per una serata culturale su &#8220;L&#8217;IMMAGINE INFEDELE&#8221; Marted\u00ec 04"},"content":{"rendered":"<p>Marted\u00ec 04 dalle ore 21,15 Massimo Pascutti sar\u00e0 ospite presso il CLIK Photoclub per una serata culturale su &#8220;L&#8217;IMMAGINE INFEDELE&#8221;<\/p>\n<p><img loading=\"lazy\" decoding=\"async\" class=\"alignnone wp-image-11998 size-large\" src=\"https:\/\/fiaf.net\/piemontevalledaosta\/wp-content\/uploads\/sites\/3\/2025\/02\/Massimo-Pascutti-04-02-724x1024.jpg\" alt=\"\" width=\"724\" height=\"1024\" \/><\/p>\n\n    <div class=\"xs_social_share_widget xs_share_url after_content \t\tmain_content  wslu-style-1 wslu-share-box-shaped wslu-fill-colored wslu-none wslu-share-horizontal wslu-theme-font-no wslu-main_content\">\n\n\t\t\n        <ul>\n\t\t\t        <\/ul>\n    <\/div> \n","protected":false},"excerpt":{"rendered":"<p>Marted\u00ec 04 dalle ore 21,15 Massimo Pascutti sar\u00e0 ospite presso il CLIK Photoclub per una serata culturale su &#8220;L&#8217;IMMAGINE INFEDELE&#8221;<\/p>\n","protected":false},"author":71,"featured_media":11998,"comment_status":"closed","ping_status":"closed","sticky":true,"template":"","format":"standard","meta":{"_acf_changed":false,"footnotes":""},"categories":[2,21],"tags":[],"class_list":["post-11999","post","type-post","status-publish","format-standard","has-post-thumbnail","hentry","category-attivita-circoli","category-seminari-incontri-webinar"],"acf":[],"_links":{"self":[{"href":"https:\/\/fiaf.net\/piemontevalledaosta\/wp-json\/wp\/v2\/posts\/11999","targetHints":{"allow":["GET"]}}],"collection":[{"href":"https:\/\/fiaf.net\/piemontevalledaosta\/wp-json\/wp\/v2\/posts"}],"about":[{"href":"https:\/\/fiaf.net\/piemontevalledaosta\/wp-json\/wp\/v2\/types\/post"}],"author":[{"embeddable":true,"href":"https:\/\/fiaf.net\/piemontevalledaosta\/wp-json\/wp\/v2\/users\/71"}],"replies":[{"embeddable":true,"href":"https:\/\/fiaf.net\/piemontevalledaosta\/wp-json\/wp\/v2\/comments?post=11999"}],"version-history":[{"count":1,"href":"https:\/\/fiaf.net\/piemontevalledaosta\/wp-json\/wp\/v2\/posts\/11999\/revisions"}],"predecessor-version":[{"id":12000,"href":"https:\/\/fiaf.net\/piemontevalledaosta\/wp-json\/wp\/v2\/posts\/11999\/revisions\/12000"}],"wp:featuredmedia":[{"embeddable":true,"href":"https:\/\/fiaf.net\/piemontevalledaosta\/wp-json\/wp\/v2\/media\/11998"}],"wp:attachment":[{"href":"https:\/\/fiaf.net\/piemontevalledaosta\/wp-json\/wp\/v2\/media?parent=11999"}],"wp:term":[{"taxonomy":"category","embeddable":true,"href":"https:\/\/fiaf.net\/piemontevalledaosta\/wp-json\/wp\/v2\/categories?post=11999"},{"taxonomy":"post_tag","embeddable":true,"href":"https:\/\/fiaf.net\/piemontevalledaosta\/wp-json\/wp\/v2\/tags?post=11999"}],"curies":[{"name":"wp","href":"https:\/\/api.w.org\/{rel}","templated":true}]}}