{"id":12075,"date":"2025-03-03T18:25:29","date_gmt":"2025-03-03T17:25:29","guid":{"rendered":"https:\/\/fiaf.net\/piemontevalledaosta\/?p=12075"},"modified":"2025-03-03T18:25:29","modified_gmt":"2025-03-03T17:25:29","slug":"giovedi-06-marzo-presso-la-societa-fotografica-subalpina-si-parlera-di-post-produzione","status":"publish","type":"post","link":"https:\/\/fiaf.net\/piemontevalledaosta\/giovedi-06-marzo-presso-la-societa-fotografica-subalpina-si-parlera-di-post-produzione\/","title":{"rendered":"Gioved\u00ec 06 marzo presso la Societ\u00e0 Fotografica Subalpina si parler\u00e0 di POST-PRODUZIONE"},"content":{"rendered":"<p>&#8220;PARLIAMO DI POST-PRODUZIONE&#8221; sar\u00e0 l&#8217;argomento della serata di Gioved\u00ec 6 marzo dalle ore 21,30 presso la Societ\u00e0 Fotografica Subalpina<\/p>\n<p><img loading=\"lazy\" decoding=\"async\" class=\"alignnone wp-image-12074 size-large\" src=\"https:\/\/fiaf.net\/piemontevalledaosta\/wp-content\/uploads\/sites\/3\/2025\/03\/06-03-Post-produzione-1024x577.jpeg\" alt=\"\" width=\"1024\" height=\"577\" srcset=\"https:\/\/fiaf.net\/piemontevalledaosta\/wp-content\/uploads\/sites\/3\/2025\/03\/06-03-Post-produzione-1024x577.jpeg 1024w, https:\/\/fiaf.net\/piemontevalledaosta\/wp-content\/uploads\/sites\/3\/2025\/03\/06-03-Post-produzione-300x169.jpeg 300w, https:\/\/fiaf.net\/piemontevalledaosta\/wp-content\/uploads\/sites\/3\/2025\/03\/06-03-Post-produzione-768x432.jpeg 768w, https:\/\/fiaf.net\/piemontevalledaosta\/wp-content\/uploads\/sites\/3\/2025\/03\/06-03-Post-produzione-1536x865.jpeg 1536w, https:\/\/fiaf.net\/piemontevalledaosta\/wp-content\/uploads\/sites\/3\/2025\/03\/06-03-Post-produzione-2048x1153.jpeg 2048w, https:\/\/fiaf.net\/piemontevalledaosta\/wp-content\/uploads\/sites\/3\/2025\/03\/06-03-Post-produzione-390x220.jpeg 390w\" sizes=\"auto, (max-width: 1024px) 100vw, 1024px\" \/><\/p>\n\n    <div class=\"xs_social_share_widget xs_share_url after_content \t\tmain_content  wslu-style-1 wslu-share-box-shaped wslu-fill-colored wslu-none wslu-share-horizontal wslu-theme-font-no wslu-main_content\">\n\n\t\t\n        <ul>\n\t\t\t        <\/ul>\n    <\/div> \n","protected":false},"excerpt":{"rendered":"<p>&#8220;PARLIAMO DI POST-PRODUZIONE&#8221; sar\u00e0 l&#8217;argomento della serata di Gioved\u00ec 6 marzo dalle ore 21,30 presso la Societ\u00e0 Fotografica Subalpina<\/p>\n","protected":false},"author":71,"featured_media":12074,"comment_status":"closed","ping_status":"closed","sticky":true,"template":"","format":"standard","meta":{"_acf_changed":false,"footnotes":""},"categories":[2],"tags":[],"class_list":["post-12075","post","type-post","status-publish","format-standard","has-post-thumbnail","hentry","category-attivita-circoli"],"acf":[],"_links":{"self":[{"href":"https:\/\/fiaf.net\/piemontevalledaosta\/wp-json\/wp\/v2\/posts\/12075","targetHints":{"allow":["GET"]}}],"collection":[{"href":"https:\/\/fiaf.net\/piemontevalledaosta\/wp-json\/wp\/v2\/posts"}],"about":[{"href":"https:\/\/fiaf.net\/piemontevalledaosta\/wp-json\/wp\/v2\/types\/post"}],"author":[{"embeddable":true,"href":"https:\/\/fiaf.net\/piemontevalledaosta\/wp-json\/wp\/v2\/users\/71"}],"replies":[{"embeddable":true,"href":"https:\/\/fiaf.net\/piemontevalledaosta\/wp-json\/wp\/v2\/comments?post=12075"}],"version-history":[{"count":1,"href":"https:\/\/fiaf.net\/piemontevalledaosta\/wp-json\/wp\/v2\/posts\/12075\/revisions"}],"predecessor-version":[{"id":12076,"href":"https:\/\/fiaf.net\/piemontevalledaosta\/wp-json\/wp\/v2\/posts\/12075\/revisions\/12076"}],"wp:featuredmedia":[{"embeddable":true,"href":"https:\/\/fiaf.net\/piemontevalledaosta\/wp-json\/wp\/v2\/media\/12074"}],"wp:attachment":[{"href":"https:\/\/fiaf.net\/piemontevalledaosta\/wp-json\/wp\/v2\/media?parent=12075"}],"wp:term":[{"taxonomy":"category","embeddable":true,"href":"https:\/\/fiaf.net\/piemontevalledaosta\/wp-json\/wp\/v2\/categories?post=12075"},{"taxonomy":"post_tag","embeddable":true,"href":"https:\/\/fiaf.net\/piemontevalledaosta\/wp-json\/wp\/v2\/tags?post=12075"}],"curies":[{"name":"wp","href":"https:\/\/api.w.org\/{rel}","templated":true}]}}