{"id":12125,"date":"2025-03-16T19:18:46","date_gmt":"2025-03-16T18:18:46","guid":{"rendered":"https:\/\/fiaf.net\/piemontevalledaosta\/?p=12125"},"modified":"2025-03-16T19:18:46","modified_gmt":"2025-03-16T18:18:46","slug":"gabriele-bellomo-presentera-il-suo-lavoro-su-tenerife-presso-il-circolo-fotografico-casellese-lunedi-17-dalle-ore-2100","status":"publish","type":"post","link":"https:\/\/fiaf.net\/piemontevalledaosta\/gabriele-bellomo-presentera-il-suo-lavoro-su-tenerife-presso-il-circolo-fotografico-casellese-lunedi-17-dalle-ore-2100\/","title":{"rendered":"Gabriele Bellomo presenter\u00e0 il suo lavoro su &#8220;TENERIFE&#8221; presso il Circolo Fotografico Casellese luned\u00ec 17 dalle ore 21,00"},"content":{"rendered":"<p>Il Circolo Fotografico Casellese ospiter\u00e0 luned\u00ec 17 dalle ore 21,00 GABRIELE BELLOMO con il suo lavoro su &#8220;TENERIFE &#8211; un continente in miniatura&#8221;<\/p>\n<p><img loading=\"lazy\" decoding=\"async\" class=\"alignnone wp-image-12124 size-full\" src=\"https:\/\/fiaf.net\/piemontevalledaosta\/wp-content\/uploads\/sites\/3\/2025\/03\/Bellomo-17-03.jpeg\" alt=\"\" width=\"718\" height=\"907\" srcset=\"https:\/\/fiaf.net\/piemontevalledaosta\/wp-content\/uploads\/sites\/3\/2025\/03\/Bellomo-17-03.jpeg 718w, https:\/\/fiaf.net\/piemontevalledaosta\/wp-content\/uploads\/sites\/3\/2025\/03\/Bellomo-17-03-237x300.jpeg 237w\" sizes=\"auto, (max-width: 718px) 100vw, 718px\" \/><\/p>\n\n    <div class=\"xs_social_share_widget xs_share_url after_content \t\tmain_content  wslu-style-1 wslu-share-box-shaped wslu-fill-colored wslu-none wslu-share-horizontal wslu-theme-font-no wslu-main_content\">\n\n\t\t\n        <ul>\n\t\t\t        <\/ul>\n    <\/div> \n","protected":false},"excerpt":{"rendered":"<p>Il Circolo Fotografico Casellese ospiter\u00e0 luned\u00ec 17 dalle ore 21,00 GABRIELE BELLOMO con il suo lavoro su &#8220;TENERIFE &#8211; un &hellip;<\/p>\n","protected":false},"author":71,"featured_media":0,"comment_status":"closed","ping_status":"closed","sticky":true,"template":"","format":"standard","meta":{"_acf_changed":false,"footnotes":""},"categories":[2],"tags":[],"class_list":["post-12125","post","type-post","status-publish","format-standard","hentry","category-attivita-circoli"],"acf":[],"_links":{"self":[{"href":"https:\/\/fiaf.net\/piemontevalledaosta\/wp-json\/wp\/v2\/posts\/12125","targetHints":{"allow":["GET"]}}],"collection":[{"href":"https:\/\/fiaf.net\/piemontevalledaosta\/wp-json\/wp\/v2\/posts"}],"about":[{"href":"https:\/\/fiaf.net\/piemontevalledaosta\/wp-json\/wp\/v2\/types\/post"}],"author":[{"embeddable":true,"href":"https:\/\/fiaf.net\/piemontevalledaosta\/wp-json\/wp\/v2\/users\/71"}],"replies":[{"embeddable":true,"href":"https:\/\/fiaf.net\/piemontevalledaosta\/wp-json\/wp\/v2\/comments?post=12125"}],"version-history":[{"count":1,"href":"https:\/\/fiaf.net\/piemontevalledaosta\/wp-json\/wp\/v2\/posts\/12125\/revisions"}],"predecessor-version":[{"id":12126,"href":"https:\/\/fiaf.net\/piemontevalledaosta\/wp-json\/wp\/v2\/posts\/12125\/revisions\/12126"}],"wp:attachment":[{"href":"https:\/\/fiaf.net\/piemontevalledaosta\/wp-json\/wp\/v2\/media?parent=12125"}],"wp:term":[{"taxonomy":"category","embeddable":true,"href":"https:\/\/fiaf.net\/piemontevalledaosta\/wp-json\/wp\/v2\/categories?post=12125"},{"taxonomy":"post_tag","embeddable":true,"href":"https:\/\/fiaf.net\/piemontevalledaosta\/wp-json\/wp\/v2\/tags?post=12125"}],"curies":[{"name":"wp","href":"https:\/\/api.w.org\/{rel}","templated":true}]}}