{"id":12228,"date":"2025-04-12T18:47:37","date_gmt":"2025-04-12T16:47:37","guid":{"rendered":"https:\/\/fiaf.net\/piemontevalledaosta\/?p=12228"},"modified":"2025-04-12T18:47:37","modified_gmt":"2025-04-12T16:47:37","slug":"giovanni-capone-sara-ospite-del-fotogruppo-lincontro-martedi-15-dalle-ore-2100","status":"publish","type":"post","link":"https:\/\/fiaf.net\/piemontevalledaosta\/giovanni-capone-sara-ospite-del-fotogruppo-lincontro-martedi-15-dalle-ore-2100\/","title":{"rendered":"Giovanni Capone sar\u00e0 ospite del Fotogruppo L&#8217;INCONTRO marted\u00ec 15 dalle ore 21,00"},"content":{"rendered":"<p>Il Fotogruppo L&#8217;INCONTRO ospiter\u00e0 Giovanni Capone con un lavoro su &#8220;LA PUNA ARGENTINA&#8221; marted\u00ec 15 dalle ore 21,00<\/p>\n<p><img loading=\"lazy\" decoding=\"async\" class=\"alignnone wp-image-12222 size-large\" src=\"https:\/\/fiaf.net\/piemontevalledaosta\/wp-content\/uploads\/sites\/3\/2025\/04\/15-04-Giovanni-Capone-Collegno-1024x1024.jpeg\" alt=\"\" width=\"1024\" height=\"1024\" \/><\/p>\n\n    <div class=\"xs_social_share_widget xs_share_url after_content \t\tmain_content  wslu-style-1 wslu-share-box-shaped wslu-fill-colored wslu-none wslu-share-horizontal wslu-theme-font-no wslu-main_content\">\n\n\t\t\n        <ul>\n\t\t\t        <\/ul>\n    <\/div> \n","protected":false},"excerpt":{"rendered":"<p>Il Fotogruppo L&#8217;INCONTRO ospiter\u00e0 Giovanni Capone con un lavoro su &#8220;LA PUNA ARGENTINA&#8221; marted\u00ec 15 dalle ore 21,00<\/p>\n","protected":false},"author":71,"featured_media":12222,"comment_status":"closed","ping_status":"closed","sticky":true,"template":"","format":"standard","meta":{"_acf_changed":false,"footnotes":""},"categories":[2],"tags":[],"class_list":["post-12228","post","type-post","status-publish","format-standard","has-post-thumbnail","hentry","category-attivita-circoli"],"acf":[],"_links":{"self":[{"href":"https:\/\/fiaf.net\/piemontevalledaosta\/wp-json\/wp\/v2\/posts\/12228","targetHints":{"allow":["GET"]}}],"collection":[{"href":"https:\/\/fiaf.net\/piemontevalledaosta\/wp-json\/wp\/v2\/posts"}],"about":[{"href":"https:\/\/fiaf.net\/piemontevalledaosta\/wp-json\/wp\/v2\/types\/post"}],"author":[{"embeddable":true,"href":"https:\/\/fiaf.net\/piemontevalledaosta\/wp-json\/wp\/v2\/users\/71"}],"replies":[{"embeddable":true,"href":"https:\/\/fiaf.net\/piemontevalledaosta\/wp-json\/wp\/v2\/comments?post=12228"}],"version-history":[{"count":1,"href":"https:\/\/fiaf.net\/piemontevalledaosta\/wp-json\/wp\/v2\/posts\/12228\/revisions"}],"predecessor-version":[{"id":12229,"href":"https:\/\/fiaf.net\/piemontevalledaosta\/wp-json\/wp\/v2\/posts\/12228\/revisions\/12229"}],"wp:featuredmedia":[{"embeddable":true,"href":"https:\/\/fiaf.net\/piemontevalledaosta\/wp-json\/wp\/v2\/media\/12222"}],"wp:attachment":[{"href":"https:\/\/fiaf.net\/piemontevalledaosta\/wp-json\/wp\/v2\/media?parent=12228"}],"wp:term":[{"taxonomy":"category","embeddable":true,"href":"https:\/\/fiaf.net\/piemontevalledaosta\/wp-json\/wp\/v2\/categories?post=12228"},{"taxonomy":"post_tag","embeddable":true,"href":"https:\/\/fiaf.net\/piemontevalledaosta\/wp-json\/wp\/v2\/tags?post=12228"}],"curies":[{"name":"wp","href":"https:\/\/api.w.org\/{rel}","templated":true}]}}