{"id":12371,"date":"2025-05-25T18:40:19","date_gmt":"2025-05-25T16:40:19","guid":{"rendered":"https:\/\/fiaf.net\/piemontevalledaosta\/?p=12371"},"modified":"2025-05-25T18:40:19","modified_gmt":"2025-05-25T16:40:19","slug":"pino-dellaquila-sara-ospite-presso-il-fotoclub-a-neyrone-di-trofarello-martedi-27-dalle-ore-2100","status":"publish","type":"post","link":"https:\/\/fiaf.net\/piemontevalledaosta\/pino-dellaquila-sara-ospite-presso-il-fotoclub-a-neyrone-di-trofarello-martedi-27-dalle-ore-2100\/","title":{"rendered":"Pino Dell&#8217;Aquila sar\u00e0 ospite presso il Fotoclub A. Neyrone di Trofarello Marted\u00ec 27 dalle ore 21,00"},"content":{"rendered":"<p>Il Fotoclub A. Neyrone di Trofarello, Marted\u00ec 27 dalle ore 21,00, ospiter\u00e0 Pino Dell&#8217;Aquila, architetto che si occupa di immagine coordinata per l&#8217;architettura e l&#8217;arte e collabora con i pi\u00f9 importanti editori del settore.<\/p>\n<p><img loading=\"lazy\" decoding=\"async\" class=\"alignnone wp-image-12368 size-large\" src=\"https:\/\/fiaf.net\/piemontevalledaosta\/wp-content\/uploads\/sites\/3\/2025\/05\/27-05-Pino_DellAquila-Trofarello-1024x390.jpg\" alt=\"\" width=\"1024\" height=\"390\" srcset=\"https:\/\/fiaf.net\/piemontevalledaosta\/wp-content\/uploads\/sites\/3\/2025\/05\/27-05-Pino_DellAquila-Trofarello-1024x390.jpg 1024w, https:\/\/fiaf.net\/piemontevalledaosta\/wp-content\/uploads\/sites\/3\/2025\/05\/27-05-Pino_DellAquila-Trofarello-300x114.jpg 300w, https:\/\/fiaf.net\/piemontevalledaosta\/wp-content\/uploads\/sites\/3\/2025\/05\/27-05-Pino_DellAquila-Trofarello-768x293.jpg 768w, https:\/\/fiaf.net\/piemontevalledaosta\/wp-content\/uploads\/sites\/3\/2025\/05\/27-05-Pino_DellAquila-Trofarello-1536x585.jpg 1536w, https:\/\/fiaf.net\/piemontevalledaosta\/wp-content\/uploads\/sites\/3\/2025\/05\/27-05-Pino_DellAquila-Trofarello-2048x780.jpg 2048w\" sizes=\"auto, (max-width: 1024px) 100vw, 1024px\" \/><\/p>\n\n    <div class=\"xs_social_share_widget xs_share_url after_content \t\tmain_content  wslu-style-1 wslu-share-box-shaped wslu-fill-colored wslu-none wslu-share-horizontal wslu-theme-font-no wslu-main_content\">\n\n\t\t\n        <ul>\n\t\t\t        <\/ul>\n    <\/div> \n","protected":false},"excerpt":{"rendered":"<p>Il Fotoclub A. Neyrone di Trofarello, Marted\u00ec 27 dalle ore 21,00, ospiter\u00e0 Pino Dell&#8217;Aquila, architetto che si occupa di immagine &hellip;<\/p>\n","protected":false},"author":71,"featured_media":12368,"comment_status":"closed","ping_status":"closed","sticky":false,"template":"","format":"standard","meta":{"_acf_changed":false,"footnotes":""},"categories":[2],"tags":[],"class_list":["post-12371","post","type-post","status-publish","format-standard","has-post-thumbnail","hentry","category-attivita-circoli"],"acf":[],"_links":{"self":[{"href":"https:\/\/fiaf.net\/piemontevalledaosta\/wp-json\/wp\/v2\/posts\/12371","targetHints":{"allow":["GET"]}}],"collection":[{"href":"https:\/\/fiaf.net\/piemontevalledaosta\/wp-json\/wp\/v2\/posts"}],"about":[{"href":"https:\/\/fiaf.net\/piemontevalledaosta\/wp-json\/wp\/v2\/types\/post"}],"author":[{"embeddable":true,"href":"https:\/\/fiaf.net\/piemontevalledaosta\/wp-json\/wp\/v2\/users\/71"}],"replies":[{"embeddable":true,"href":"https:\/\/fiaf.net\/piemontevalledaosta\/wp-json\/wp\/v2\/comments?post=12371"}],"version-history":[{"count":1,"href":"https:\/\/fiaf.net\/piemontevalledaosta\/wp-json\/wp\/v2\/posts\/12371\/revisions"}],"predecessor-version":[{"id":12372,"href":"https:\/\/fiaf.net\/piemontevalledaosta\/wp-json\/wp\/v2\/posts\/12371\/revisions\/12372"}],"wp:featuredmedia":[{"embeddable":true,"href":"https:\/\/fiaf.net\/piemontevalledaosta\/wp-json\/wp\/v2\/media\/12368"}],"wp:attachment":[{"href":"https:\/\/fiaf.net\/piemontevalledaosta\/wp-json\/wp\/v2\/media?parent=12371"}],"wp:term":[{"taxonomy":"category","embeddable":true,"href":"https:\/\/fiaf.net\/piemontevalledaosta\/wp-json\/wp\/v2\/categories?post=12371"},{"taxonomy":"post_tag","embeddable":true,"href":"https:\/\/fiaf.net\/piemontevalledaosta\/wp-json\/wp\/v2\/tags?post=12371"}],"curies":[{"name":"wp","href":"https:\/\/api.w.org\/{rel}","templated":true}]}}