{"id":12427,"date":"2025-06-08T21:06:09","date_gmt":"2025-06-08T19:06:09","guid":{"rendered":"https:\/\/fiaf.net\/piemontevalledaosta\/?p=12427"},"modified":"2025-06-08T21:06:09","modified_gmt":"2025-06-08T19:06:09","slug":"il-grande-joe-oppedisano-sara-ospite-presso-il-fotoclub-a-neyrone-di-trofarello-martedi-10-giugno-dalle-ore2100","status":"publish","type":"post","link":"https:\/\/fiaf.net\/piemontevalledaosta\/il-grande-joe-oppedisano-sara-ospite-presso-il-fotoclub-a-neyrone-di-trofarello-martedi-10-giugno-dalle-ore2100\/","title":{"rendered":"Il grande JOE OPPEDISANO sar\u00e0 ospite presso il Fotoclub A.Neyrone di Trofarello Marted\u00ec 10 giugno dalle ore21,00"},"content":{"rendered":"<p>Marted\u00ec 10 giugno dalle ore21,00 il Fotoclub A.Neyrone di Trofarello ospiter\u00e0 JOE OPPEDISANO\u00a0 <a href=\"https:\/\/www.facebook.com\/share\/16M5gaJ6uF\/\" target=\"_blank\" rel=\"noopener\">https:\/\/www.facebook.com\/share\/16M5gaJ6uF\/<\/a><\/p>\n<p><img loading=\"lazy\" decoding=\"async\" class=\"alignnone wp-image-12423 size-large\" src=\"https:\/\/fiaf.net\/piemontevalledaosta\/wp-content\/uploads\/sites\/3\/2025\/06\/10-06-Joe-Oppedisano-1024x431.jpeg\" alt=\"\" width=\"1024\" height=\"431\" srcset=\"https:\/\/fiaf.net\/piemontevalledaosta\/wp-content\/uploads\/sites\/3\/2025\/06\/10-06-Joe-Oppedisano-1024x431.jpeg 1024w, https:\/\/fiaf.net\/piemontevalledaosta\/wp-content\/uploads\/sites\/3\/2025\/06\/10-06-Joe-Oppedisano-300x126.jpeg 300w, https:\/\/fiaf.net\/piemontevalledaosta\/wp-content\/uploads\/sites\/3\/2025\/06\/10-06-Joe-Oppedisano-768x324.jpeg 768w, https:\/\/fiaf.net\/piemontevalledaosta\/wp-content\/uploads\/sites\/3\/2025\/06\/10-06-Joe-Oppedisano.jpeg 1080w\" sizes=\"auto, (max-width: 1024px) 100vw, 1024px\" \/><\/p>\n\n    <div class=\"xs_social_share_widget xs_share_url after_content \t\tmain_content  wslu-style-1 wslu-share-box-shaped wslu-fill-colored wslu-none wslu-share-horizontal wslu-theme-font-no wslu-main_content\">\n\n\t\t\n        <ul>\n\t\t\t        <\/ul>\n    <\/div> \n","protected":false},"excerpt":{"rendered":"<p>Marted\u00ec 10 giugno dalle ore21,00 il Fotoclub A.Neyrone di Trofarello ospiter\u00e0 JOE OPPEDISANO\u00a0 https:\/\/www.facebook.com\/share\/16M5gaJ6uF\/<\/p>\n","protected":false},"author":71,"featured_media":12423,"comment_status":"closed","ping_status":"closed","sticky":true,"template":"","format":"standard","meta":{"_acf_changed":false,"footnotes":""},"categories":[2],"tags":[],"class_list":["post-12427","post","type-post","status-publish","format-standard","has-post-thumbnail","hentry","category-attivita-circoli"],"acf":[],"_links":{"self":[{"href":"https:\/\/fiaf.net\/piemontevalledaosta\/wp-json\/wp\/v2\/posts\/12427","targetHints":{"allow":["GET"]}}],"collection":[{"href":"https:\/\/fiaf.net\/piemontevalledaosta\/wp-json\/wp\/v2\/posts"}],"about":[{"href":"https:\/\/fiaf.net\/piemontevalledaosta\/wp-json\/wp\/v2\/types\/post"}],"author":[{"embeddable":true,"href":"https:\/\/fiaf.net\/piemontevalledaosta\/wp-json\/wp\/v2\/users\/71"}],"replies":[{"embeddable":true,"href":"https:\/\/fiaf.net\/piemontevalledaosta\/wp-json\/wp\/v2\/comments?post=12427"}],"version-history":[{"count":2,"href":"https:\/\/fiaf.net\/piemontevalledaosta\/wp-json\/wp\/v2\/posts\/12427\/revisions"}],"predecessor-version":[{"id":12429,"href":"https:\/\/fiaf.net\/piemontevalledaosta\/wp-json\/wp\/v2\/posts\/12427\/revisions\/12429"}],"wp:featuredmedia":[{"embeddable":true,"href":"https:\/\/fiaf.net\/piemontevalledaosta\/wp-json\/wp\/v2\/media\/12423"}],"wp:attachment":[{"href":"https:\/\/fiaf.net\/piemontevalledaosta\/wp-json\/wp\/v2\/media?parent=12427"}],"wp:term":[{"taxonomy":"category","embeddable":true,"href":"https:\/\/fiaf.net\/piemontevalledaosta\/wp-json\/wp\/v2\/categories?post=12427"},{"taxonomy":"post_tag","embeddable":true,"href":"https:\/\/fiaf.net\/piemontevalledaosta\/wp-json\/wp\/v2\/tags?post=12427"}],"curies":[{"name":"wp","href":"https:\/\/api.w.org\/{rel}","templated":true}]}}