{"id":12662,"date":"2025-09-26T13:41:59","date_gmt":"2025-09-26T11:41:59","guid":{"rendered":"https:\/\/fiaf.net\/piemontevalledaosta\/?p=12662"},"modified":"2025-09-26T13:43:53","modified_gmt":"2025-09-26T11:43:53","slug":"inaugurazione-mostra-la-crumiere-1904-1986-sabato-27-dalle-ore-1700-a-villar-pellice-foto-di-aurelio-sartor-e-egidio-altomare","status":"publish","type":"post","link":"https:\/\/fiaf.net\/piemontevalledaosta\/inaugurazione-mostra-la-crumiere-1904-1986-sabato-27-dalle-ore-1700-a-villar-pellice-foto-di-aurelio-sartor-e-egidio-altomare\/","title":{"rendered":"Inaugurazione mostra &#8220;La Crumi\u00e8re 1904-1986&#8221; sabato 27 dalle ore 17,00 a Villar Pellice &#8211; Foto di Aurelio Sartor e Egidio Altomare"},"content":{"rendered":"<div>All&#8217;Ecomuseo Feltrificio Crumi\u00e8re di Villar Pellice sabato 27 alle ore 17,00 verr\u00e0 inaugurata la mostra su quello che \u00e8 stato e quello che ha prodotto, nel contesto sociale ed economico, il feltrificio.<\/div>\n<div>Le immagini di Aurelio Sartor e Egidio Altomare faranno da sfondo ad un piccolo convegno sulla storia del luogo a cura di personaggi illustri.<\/div>\n<p><img loading=\"lazy\" decoding=\"async\" class=\"alignnone wp-image-12657 size-full\" src=\"https:\/\/fiaf.net\/piemontevalledaosta\/wp-content\/uploads\/sites\/3\/2025\/09\/09-27-La-Crumiere-1904-1986.jpeg\" alt=\"\" width=\"724\" height=\"1024\" \/><\/p>\n\n    <div class=\"xs_social_share_widget xs_share_url after_content \t\tmain_content  wslu-style-1 wslu-share-box-shaped wslu-fill-colored wslu-none wslu-share-horizontal wslu-theme-font-no wslu-main_content\">\n\n\t\t\n        <ul>\n\t\t\t        <\/ul>\n    <\/div> \n","protected":false},"excerpt":{"rendered":"<p>All&#8217;Ecomuseo Feltrificio Crumi\u00e8re di Villar Pellice sabato 27 alle ore 17,00 verr\u00e0 inaugurata la mostra su quello che \u00e8 stato &hellip;<\/p>\n","protected":false},"author":71,"featured_media":12657,"comment_status":"closed","ping_status":"closed","sticky":true,"template":"","format":"standard","meta":{"_acf_changed":false,"footnotes":""},"categories":[7],"tags":[],"class_list":["post-12662","post","type-post","status-publish","format-standard","has-post-thumbnail","hentry","category-mostre"],"acf":[],"_links":{"self":[{"href":"https:\/\/fiaf.net\/piemontevalledaosta\/wp-json\/wp\/v2\/posts\/12662","targetHints":{"allow":["GET"]}}],"collection":[{"href":"https:\/\/fiaf.net\/piemontevalledaosta\/wp-json\/wp\/v2\/posts"}],"about":[{"href":"https:\/\/fiaf.net\/piemontevalledaosta\/wp-json\/wp\/v2\/types\/post"}],"author":[{"embeddable":true,"href":"https:\/\/fiaf.net\/piemontevalledaosta\/wp-json\/wp\/v2\/users\/71"}],"replies":[{"embeddable":true,"href":"https:\/\/fiaf.net\/piemontevalledaosta\/wp-json\/wp\/v2\/comments?post=12662"}],"version-history":[{"count":2,"href":"https:\/\/fiaf.net\/piemontevalledaosta\/wp-json\/wp\/v2\/posts\/12662\/revisions"}],"predecessor-version":[{"id":12664,"href":"https:\/\/fiaf.net\/piemontevalledaosta\/wp-json\/wp\/v2\/posts\/12662\/revisions\/12664"}],"wp:featuredmedia":[{"embeddable":true,"href":"https:\/\/fiaf.net\/piemontevalledaosta\/wp-json\/wp\/v2\/media\/12657"}],"wp:attachment":[{"href":"https:\/\/fiaf.net\/piemontevalledaosta\/wp-json\/wp\/v2\/media?parent=12662"}],"wp:term":[{"taxonomy":"category","embeddable":true,"href":"https:\/\/fiaf.net\/piemontevalledaosta\/wp-json\/wp\/v2\/categories?post=12662"},{"taxonomy":"post_tag","embeddable":true,"href":"https:\/\/fiaf.net\/piemontevalledaosta\/wp-json\/wp\/v2\/tags?post=12662"}],"curies":[{"name":"wp","href":"https:\/\/api.w.org\/{rel}","templated":true}]}}