{"id":12953,"date":"2025-11-15T17:26:22","date_gmt":"2025-11-15T16:26:22","guid":{"rendered":"https:\/\/fiaf.net\/piemontevalledaosta\/?p=12953"},"modified":"2025-11-16T19:14:22","modified_gmt":"2025-11-16T18:14:22","slug":"alessandro-accossato-ospite-presso-il-clik-photo-club-di-pianezza-martedi-18-dalle-ore-2115","status":"publish","type":"post","link":"https:\/\/fiaf.net\/piemontevalledaosta\/alessandro-accossato-ospite-presso-il-clik-photo-club-di-pianezza-martedi-18-dalle-ore-2115\/","title":{"rendered":"Alessandro Accossato ospite presso il CLIK PHOTO CLUB di Pianezza marted\u00ec 18 dalle ore 21,15"},"content":{"rendered":"<p>Il CLIK PHOTO CLUB ospiter\u00e0 Alessandro Accossato con il suo lavoro &#8220;FILI (IN) VISIBILI&#8221; marted\u00ec 18 dalle ore 21,15<\/p>\n<p><img loading=\"lazy\" decoding=\"async\" class=\"alignnone wp-image-12944 size-large\" src=\"https:\/\/fiaf.net\/piemontevalledaosta\/wp-content\/uploads\/sites\/3\/2025\/11\/11-18-Alessandro-Accossato-Pianezza-724x1024.jpeg\" alt=\"\" width=\"724\" height=\"1024\" \/><\/p>\n\n    <div class=\"xs_social_share_widget xs_share_url after_content \t\tmain_content  wslu-style-1 wslu-share-box-shaped wslu-fill-colored wslu-none wslu-share-horizontal wslu-theme-font-no wslu-main_content\">\n\n\t\t\n        <ul>\n\t\t\t        <\/ul>\n    <\/div> \n","protected":false},"excerpt":{"rendered":"<p>Il CLIK PHOTO CLUB ospiter\u00e0 Alessandro Accossato con il suo lavoro &#8220;FILI (IN) VISIBILI&#8221; marted\u00ec 18 dalle ore 21,15<\/p>\n","protected":false},"author":71,"featured_media":12944,"comment_status":"closed","ping_status":"closed","sticky":true,"template":"","format":"standard","meta":{"_acf_changed":false,"footnotes":""},"categories":[2],"tags":[],"class_list":["post-12953","post","type-post","status-publish","format-standard","has-post-thumbnail","hentry","category-attivita-circoli"],"acf":[],"_links":{"self":[{"href":"https:\/\/fiaf.net\/piemontevalledaosta\/wp-json\/wp\/v2\/posts\/12953","targetHints":{"allow":["GET"]}}],"collection":[{"href":"https:\/\/fiaf.net\/piemontevalledaosta\/wp-json\/wp\/v2\/posts"}],"about":[{"href":"https:\/\/fiaf.net\/piemontevalledaosta\/wp-json\/wp\/v2\/types\/post"}],"author":[{"embeddable":true,"href":"https:\/\/fiaf.net\/piemontevalledaosta\/wp-json\/wp\/v2\/users\/71"}],"replies":[{"embeddable":true,"href":"https:\/\/fiaf.net\/piemontevalledaosta\/wp-json\/wp\/v2\/comments?post=12953"}],"version-history":[{"count":1,"href":"https:\/\/fiaf.net\/piemontevalledaosta\/wp-json\/wp\/v2\/posts\/12953\/revisions"}],"predecessor-version":[{"id":12954,"href":"https:\/\/fiaf.net\/piemontevalledaosta\/wp-json\/wp\/v2\/posts\/12953\/revisions\/12954"}],"wp:featuredmedia":[{"embeddable":true,"href":"https:\/\/fiaf.net\/piemontevalledaosta\/wp-json\/wp\/v2\/media\/12944"}],"wp:attachment":[{"href":"https:\/\/fiaf.net\/piemontevalledaosta\/wp-json\/wp\/v2\/media?parent=12953"}],"wp:term":[{"taxonomy":"category","embeddable":true,"href":"https:\/\/fiaf.net\/piemontevalledaosta\/wp-json\/wp\/v2\/categories?post=12953"},{"taxonomy":"post_tag","embeddable":true,"href":"https:\/\/fiaf.net\/piemontevalledaosta\/wp-json\/wp\/v2\/tags?post=12953"}],"curies":[{"name":"wp","href":"https:\/\/api.w.org\/{rel}","templated":true}]}}