{"id":13006,"date":"2025-11-22T16:49:15","date_gmt":"2025-11-22T15:49:15","guid":{"rendered":"https:\/\/fiaf.net\/piemontevalledaosta\/?p=13006"},"modified":"2025-11-25T08:06:47","modified_gmt":"2025-11-25T07:06:47","slug":"incontro-con-il-fotografo-di-guerra-fabio-bucciarelli-che-presentera-il-suo-libro-territori-occupati-in-occasione-degli-incontri-con-i-grandi-fotografi-in-gallerie-ditalia-torino","status":"publish","type":"post","link":"https:\/\/fiaf.net\/piemontevalledaosta\/incontro-con-il-fotografo-di-guerra-fabio-bucciarelli-che-presentera-il-suo-libro-territori-occupati-in-occasione-degli-incontri-con-i-grandi-fotografi-in-gallerie-ditalia-torino\/","title":{"rendered":"Incontro con il fotografo di guerra FABIO BUCCIARELLI che presenter\u00e0 il suo libro &#8220;TERRITORI OCCUPATI&#8221; in occasione degli incontri con i grandi fotografi in GALLERIE D&#8217;ITALIA TORINO Marted\u00ec 25 dalle ore 18,00"},"content":{"rendered":"<p><i>Occupied Territories\u00a0<\/i>non \u00e8 solo il titolo del nuovo libro di Fabio Bucciarelli, ma la condizione quotidiana di chi vive in uno spazio e in un tempo segnati dall\u2019occupazione israeliana, costante e opprimente. Non si tratta semplicemente di luoghi sulla mappa come Gaza, Libano o la Cisgiordania. Questi territori sono simboli di un\u2019esperienza pi\u00f9 profonda, che va oltre la geografia. Occupied Territories \u00e8 lo spazio e il tempo di chi vive sotto assedio costante. \u00c8 la sensazione di un tempo sospeso, che non scorre come dovrebbe, e di corpi che non hanno la libert\u00e0 di muoversi, di esistere senza limiti. \u00c8 l\u2019interruzione di vite, costrette a ridefinirsi continuamente in un contesto di conflitto eterno.<\/p>\n<p><strong>E&#8217; consigliata la prenotazione, i posti sono limitati<\/strong>, qui di seguito il link con tutti gli appuntamenti che trovate anche sotto la locandina dell&#8217;incontro di MARTEDI&#8217; 25 NOVEMBRE: <a href=\"https:\/\/gallerieditalia.com\/it\/torino\/mostre-e-iniziative\/in-evidenza\/2025\/10\/01\/overview-uno-sguardo-dall-alto-sulla-fotografia-a-torino\/\" target=\"_blank\" rel=\"noopener\">https:\/\/gallerieditalia.com\/it\/torino\/mostre-e-iniziative\/in-evidenza\/2025\/10\/01\/overview-uno-sguardo-dall-alto-sulla-fotografia-a-torino\/<\/a><\/p>\n<p><img loading=\"lazy\" decoding=\"async\" class=\"alignnone wp-image-12999 size-large\" src=\"https:\/\/fiaf.net\/piemontevalledaosta\/wp-content\/uploads\/sites\/3\/2025\/11\/11-25-BUCCIARELLI-576x1024.jpg\" alt=\"\" width=\"576\" height=\"1024\" \/> <img loading=\"lazy\" decoding=\"async\" class=\"alignnone wp-image-13003 size-large\" src=\"https:\/\/fiaf.net\/piemontevalledaosta\/wp-content\/uploads\/sites\/3\/2025\/11\/Palinsesto-Gallerie-dItalia-576x1024.jpg\" alt=\"\" width=\"576\" height=\"1024\" srcset=\"https:\/\/fiaf.net\/piemontevalledaosta\/wp-content\/uploads\/sites\/3\/2025\/11\/Palinsesto-Gallerie-dItalia-576x1024.jpg 576w, https:\/\/fiaf.net\/piemontevalledaosta\/wp-content\/uploads\/sites\/3\/2025\/11\/Palinsesto-Gallerie-dItalia-169x300.jpg 169w, https:\/\/fiaf.net\/piemontevalledaosta\/wp-content\/uploads\/sites\/3\/2025\/11\/Palinsesto-Gallerie-dItalia-768x1365.jpg 768w, https:\/\/fiaf.net\/piemontevalledaosta\/wp-content\/uploads\/sites\/3\/2025\/11\/Palinsesto-Gallerie-dItalia-864x1536.jpg 864w, https:\/\/fiaf.net\/piemontevalledaosta\/wp-content\/uploads\/sites\/3\/2025\/11\/Palinsesto-Gallerie-dItalia-1152x2048.jpg 1152w, https:\/\/fiaf.net\/piemontevalledaosta\/wp-content\/uploads\/sites\/3\/2025\/11\/Palinsesto-Gallerie-dItalia.jpg 1440w\" sizes=\"auto, (max-width: 576px) 100vw, 576px\" \/><\/p>\n<p>&nbsp;<\/p>\n\n    <div class=\"xs_social_share_widget xs_share_url after_content \t\tmain_content  wslu-style-1 wslu-share-box-shaped wslu-fill-colored wslu-none wslu-share-horizontal wslu-theme-font-no wslu-main_content\">\n\n\t\t\n        <ul>\n\t\t\t        <\/ul>\n    <\/div> \n","protected":false},"excerpt":{"rendered":"<p>Occupied Territories\u00a0non \u00e8 solo il titolo del nuovo libro di Fabio Bucciarelli, ma la condizione quotidiana di chi vive in &hellip;<\/p>\n","protected":false},"author":71,"featured_media":12999,"comment_status":"closed","ping_status":"closed","sticky":true,"template":"","format":"standard","meta":{"_acf_changed":false,"footnotes":""},"categories":[2],"tags":[],"class_list":["post-13006","post","type-post","status-publish","format-standard","has-post-thumbnail","hentry","category-attivita-circoli"],"acf":[],"_links":{"self":[{"href":"https:\/\/fiaf.net\/piemontevalledaosta\/wp-json\/wp\/v2\/posts\/13006","targetHints":{"allow":["GET"]}}],"collection":[{"href":"https:\/\/fiaf.net\/piemontevalledaosta\/wp-json\/wp\/v2\/posts"}],"about":[{"href":"https:\/\/fiaf.net\/piemontevalledaosta\/wp-json\/wp\/v2\/types\/post"}],"author":[{"embeddable":true,"href":"https:\/\/fiaf.net\/piemontevalledaosta\/wp-json\/wp\/v2\/users\/71"}],"replies":[{"embeddable":true,"href":"https:\/\/fiaf.net\/piemontevalledaosta\/wp-json\/wp\/v2\/comments?post=13006"}],"version-history":[{"count":5,"href":"https:\/\/fiaf.net\/piemontevalledaosta\/wp-json\/wp\/v2\/posts\/13006\/revisions"}],"predecessor-version":[{"id":13031,"href":"https:\/\/fiaf.net\/piemontevalledaosta\/wp-json\/wp\/v2\/posts\/13006\/revisions\/13031"}],"wp:featuredmedia":[{"embeddable":true,"href":"https:\/\/fiaf.net\/piemontevalledaosta\/wp-json\/wp\/v2\/media\/12999"}],"wp:attachment":[{"href":"https:\/\/fiaf.net\/piemontevalledaosta\/wp-json\/wp\/v2\/media?parent=13006"}],"wp:term":[{"taxonomy":"category","embeddable":true,"href":"https:\/\/fiaf.net\/piemontevalledaosta\/wp-json\/wp\/v2\/categories?post=13006"},{"taxonomy":"post_tag","embeddable":true,"href":"https:\/\/fiaf.net\/piemontevalledaosta\/wp-json\/wp\/v2\/tags?post=13006"}],"curies":[{"name":"wp","href":"https:\/\/api.w.org\/{rel}","templated":true}]}}