{"id":13028,"date":"2025-11-28T13:32:31","date_gmt":"2025-11-28T12:32:31","guid":{"rendered":"https:\/\/fiaf.net\/piemontevalledaosta\/?p=13028"},"modified":"2025-11-28T13:34:10","modified_gmt":"2025-11-28T12:34:10","slug":"dal-25-al-30-novembre-per-la-giornata-internazionale-sulla-violenza-contro-le-donne-la-fiaf-sara-presente-al-lingotto-con-linstallazione-di-manuela-vallario","status":"publish","type":"post","link":"https:\/\/fiaf.net\/piemontevalledaosta\/dal-25-al-30-novembre-per-la-giornata-internazionale-sulla-violenza-contro-le-donne-la-fiaf-sara-presente-al-lingotto-con-linstallazione-di-manuela-vallario\/","title":{"rendered":"Dal 25 al 30 novembre per la Giornata Internazionale sulla violenza contro le donne, la FIAF sar\u00e0 presente al LINGOTTO con l&#8217;installazione di MANUELA VALLARIO"},"content":{"rendered":"<p>L&#8217;installazione dal titolo &#8220;Mai pi\u00f9 &#8211; 109 abiti per 109 donne&#8221; consiste nella disposizione a terra in modo ordinato e lineare di tanti abiti quante sono state le donne morte per femminicidio in Italia nel 2021 (nel 2022 sono state 120). Gli abiti sono di diversa qualit\u00e0 e foggia, in quanto appartenenti a donne di diversa estrazione sociale ed et\u00e0. L&#8217;obiettivo \u00e8 quello di evidenziare la gravit\u00e0 del fenomeno creando &#8220;<strong><em>un&#8217;immagine dal forte impatto visivo, che comunichi immediatamente all&#8217;osservatore quanto sarebbe grande un cimitero nel quale quelle vittime fossero sepolte tutte insieme.&#8221;<\/em><\/strong><\/p>\n<p>L&#8217;installazione la potete trovare al primo ingresso lato Lingotto Fiere al primo piano e per saperne di pi\u00f9 su Manuela Vallario:\u00a0<a href=\"https:\/\/manuelavallario.it\/\" target=\"_blank\" rel=\"noopener\">https:\/\/manuelavallario.it\/<\/a><\/p>\n<p><img loading=\"lazy\" decoding=\"async\" class=\"alignnone wp-image-13012 size-large\" src=\"https:\/\/fiaf.net\/piemontevalledaosta\/wp-content\/uploads\/sites\/3\/2025\/11\/11-25-Installazione-Manuela-Vallario-1-819x1024.jpeg\" alt=\"\" width=\"819\" height=\"1024\" \/><\/p>\n\n    <div class=\"xs_social_share_widget xs_share_url after_content \t\tmain_content  wslu-style-1 wslu-share-box-shaped wslu-fill-colored wslu-none wslu-share-horizontal wslu-theme-font-no wslu-main_content\">\n\n\t\t\n        <ul>\n\t\t\t        <\/ul>\n    <\/div> \n","protected":false},"excerpt":{"rendered":"<p>L&#8217;installazione dal titolo &#8220;Mai pi\u00f9 &#8211; 109 abiti per 109 donne&#8221; consiste nella disposizione a terra in modo ordinato e &hellip;<\/p>\n","protected":false},"author":71,"featured_media":13012,"comment_status":"closed","ping_status":"closed","sticky":true,"template":"","format":"standard","meta":{"_acf_changed":false,"footnotes":""},"categories":[7],"tags":[],"class_list":["post-13028","post","type-post","status-publish","format-standard","has-post-thumbnail","hentry","category-mostre"],"acf":[],"_links":{"self":[{"href":"https:\/\/fiaf.net\/piemontevalledaosta\/wp-json\/wp\/v2\/posts\/13028","targetHints":{"allow":["GET"]}}],"collection":[{"href":"https:\/\/fiaf.net\/piemontevalledaosta\/wp-json\/wp\/v2\/posts"}],"about":[{"href":"https:\/\/fiaf.net\/piemontevalledaosta\/wp-json\/wp\/v2\/types\/post"}],"author":[{"embeddable":true,"href":"https:\/\/fiaf.net\/piemontevalledaosta\/wp-json\/wp\/v2\/users\/71"}],"replies":[{"embeddable":true,"href":"https:\/\/fiaf.net\/piemontevalledaosta\/wp-json\/wp\/v2\/comments?post=13028"}],"version-history":[{"count":4,"href":"https:\/\/fiaf.net\/piemontevalledaosta\/wp-json\/wp\/v2\/posts\/13028\/revisions"}],"predecessor-version":[{"id":13066,"href":"https:\/\/fiaf.net\/piemontevalledaosta\/wp-json\/wp\/v2\/posts\/13028\/revisions\/13066"}],"wp:featuredmedia":[{"embeddable":true,"href":"https:\/\/fiaf.net\/piemontevalledaosta\/wp-json\/wp\/v2\/media\/13012"}],"wp:attachment":[{"href":"https:\/\/fiaf.net\/piemontevalledaosta\/wp-json\/wp\/v2\/media?parent=13028"}],"wp:term":[{"taxonomy":"category","embeddable":true,"href":"https:\/\/fiaf.net\/piemontevalledaosta\/wp-json\/wp\/v2\/categories?post=13028"},{"taxonomy":"post_tag","embeddable":true,"href":"https:\/\/fiaf.net\/piemontevalledaosta\/wp-json\/wp\/v2\/tags?post=13028"}],"curies":[{"name":"wp","href":"https:\/\/api.w.org\/{rel}","templated":true}]}}