{"id":13049,"date":"2025-11-22T16:20:58","date_gmt":"2025-11-22T15:20:58","guid":{"rendered":"https:\/\/fiaf.net\/piemontevalledaosta\/?p=13049"},"modified":"2025-11-25T08:04:48","modified_gmt":"2025-11-25T07:04:48","slug":"13049-2","status":"publish","type":"post","link":"https:\/\/fiaf.net\/piemontevalledaosta\/13049-2\/","title":{"rendered":"Gioved\u00ec 27 dalle ore 21,00 la Societ\u00e0 Fotografica Novarese ospiter\u00e0 ROBERTO ROSSO Fotografo e Docente all&#8217;Accademia Brera di Milano"},"content":{"rendered":"<p>&#8220;La fotografia di oggi si pone solo il problema del far vedere, pertanto, tralascia la parte fondamentale del linguaggio, quella della drammaturgia. La macchina fotografica \u00e8 un penna con la quale si racconta ci\u00f2 che si sa e ci\u00f2 che si \u00e8, attraverso ci\u00f2 che si vede, il tutto rubandolo al tempo. Questo \u00e8 il principio che uso per il mio corso in Accademia. Con una buona parte di stupore, molti miei studenti raccolgono il messaggio e senza alcuna spiegazione aggiunta raggiungono un livello di fotografia, ben diverso da quello del mercato. Ho raccolto le fotografie pi\u00f9 significative, come stimolo per correggere magari un po\u2019 la rotta\u2026..&#8221;<\/p>\n<p>Roberto Rosso : Fotografo\u00a0e\u00a0Professore Ordinario di Fotografia\u00a0presso l&#8217;Accademia di Belle Arti di Brera a Milano.<\/p>\n<p><img loading=\"lazy\" decoding=\"async\" class=\"alignnone wp-image-13048 size-large\" src=\"https:\/\/fiaf.net\/piemontevalledaosta\/wp-content\/uploads\/sites\/3\/2025\/11\/11-27-Roberto-Rosso-Novara-724x1024.jpg\" alt=\"\" width=\"724\" height=\"1024\" srcset=\"https:\/\/fiaf.net\/piemontevalledaosta\/wp-content\/uploads\/sites\/3\/2025\/11\/11-27-Roberto-Rosso-Novara-724x1024.jpg 724w, https:\/\/fiaf.net\/piemontevalledaosta\/wp-content\/uploads\/sites\/3\/2025\/11\/11-27-Roberto-Rosso-Novara-212x300.jpg 212w, https:\/\/fiaf.net\/piemontevalledaosta\/wp-content\/uploads\/sites\/3\/2025\/11\/11-27-Roberto-Rosso-Novara-768x1086.jpg 768w, https:\/\/fiaf.net\/piemontevalledaosta\/wp-content\/uploads\/sites\/3\/2025\/11\/11-27-Roberto-Rosso-Novara-1086x1536.jpg 1086w, https:\/\/fiaf.net\/piemontevalledaosta\/wp-content\/uploads\/sites\/3\/2025\/11\/11-27-Roberto-Rosso-Novara-1448x2048.jpg 1448w, https:\/\/fiaf.net\/piemontevalledaosta\/wp-content\/uploads\/sites\/3\/2025\/11\/11-27-Roberto-Rosso-Novara.jpg 1810w\" sizes=\"auto, (max-width: 724px) 100vw, 724px\" \/><\/p>\n\n    <div class=\"xs_social_share_widget xs_share_url after_content \t\tmain_content  wslu-style-1 wslu-share-box-shaped wslu-fill-colored wslu-none wslu-share-horizontal wslu-theme-font-no wslu-main_content\">\n\n\t\t\n        <ul>\n\t\t\t        <\/ul>\n    <\/div> \n","protected":false},"excerpt":{"rendered":"<p>&#8220;La fotografia di oggi si pone solo il problema del far vedere, pertanto, tralascia la parte fondamentale del linguaggio, quella &hellip;<\/p>\n","protected":false},"author":71,"featured_media":13048,"comment_status":"closed","ping_status":"closed","sticky":true,"template":"","format":"standard","meta":{"_acf_changed":false,"footnotes":""},"categories":[2],"tags":[],"class_list":["post-13049","post","type-post","status-publish","format-standard","has-post-thumbnail","hentry","category-attivita-circoli"],"acf":[],"_links":{"self":[{"href":"https:\/\/fiaf.net\/piemontevalledaosta\/wp-json\/wp\/v2\/posts\/13049","targetHints":{"allow":["GET"]}}],"collection":[{"href":"https:\/\/fiaf.net\/piemontevalledaosta\/wp-json\/wp\/v2\/posts"}],"about":[{"href":"https:\/\/fiaf.net\/piemontevalledaosta\/wp-json\/wp\/v2\/types\/post"}],"author":[{"embeddable":true,"href":"https:\/\/fiaf.net\/piemontevalledaosta\/wp-json\/wp\/v2\/users\/71"}],"replies":[{"embeddable":true,"href":"https:\/\/fiaf.net\/piemontevalledaosta\/wp-json\/wp\/v2\/comments?post=13049"}],"version-history":[{"count":3,"href":"https:\/\/fiaf.net\/piemontevalledaosta\/wp-json\/wp\/v2\/posts\/13049\/revisions"}],"predecessor-version":[{"id":13052,"href":"https:\/\/fiaf.net\/piemontevalledaosta\/wp-json\/wp\/v2\/posts\/13049\/revisions\/13052"}],"wp:featuredmedia":[{"embeddable":true,"href":"https:\/\/fiaf.net\/piemontevalledaosta\/wp-json\/wp\/v2\/media\/13048"}],"wp:attachment":[{"href":"https:\/\/fiaf.net\/piemontevalledaosta\/wp-json\/wp\/v2\/media?parent=13049"}],"wp:term":[{"taxonomy":"category","embeddable":true,"href":"https:\/\/fiaf.net\/piemontevalledaosta\/wp-json\/wp\/v2\/categories?post=13049"},{"taxonomy":"post_tag","embeddable":true,"href":"https:\/\/fiaf.net\/piemontevalledaosta\/wp-json\/wp\/v2\/tags?post=13049"}],"curies":[{"name":"wp","href":"https:\/\/api.w.org\/{rel}","templated":true}]}}