{"id":13114,"date":"2025-12-06T22:10:41","date_gmt":"2025-12-06T21:10:41","guid":{"rendered":"https:\/\/fiaf.net\/piemontevalledaosta\/?p=13114"},"modified":"2025-12-06T22:10:41","modified_gmt":"2025-12-06T21:10:41","slug":"nuova-serata-on-line-a-cura-di-monica-pelizzetti-su-fotografi-noti-ma-non-inflazionati","status":"publish","type":"post","link":"https:\/\/fiaf.net\/piemontevalledaosta\/nuova-serata-on-line-a-cura-di-monica-pelizzetti-su-fotografi-noti-ma-non-inflazionati\/","title":{"rendered":"Nuova serata on line a cura di MONICA PELIZZETTI su fotografi noti ma non inflazionati!"},"content":{"rendered":"<p>Questa sera SOTTO I RIFLETTORI di Monica Pelizzetti ci sar\u00e0 GERARD RANCJNAN: autore dalla forte identit\u00e0 visiva e tra le voci pi\u00f9 interessanti del panorama contemporaneo.\u00a0Per partecipare \u00e8 possibile <strong>richiedere il link a Monica<\/strong> <strong>Pelizzetti.\u00a0 <\/strong>Sar\u00e0 un\u2019occasione per approfondire la fotografia d\u2019autore e scoprire nuovi sguardi sul mondo!!<\/p>\n<p><img loading=\"lazy\" decoding=\"async\" class=\"alignnone wp-image-13093 size-large\" src=\"https:\/\/fiaf.net\/piemontevalledaosta\/wp-content\/uploads\/sites\/3\/2025\/12\/12-09-Sotto-i-riflettori-M.Pelizzetti-724x1024.jpeg\" alt=\"\" width=\"724\" height=\"1024\" srcset=\"https:\/\/fiaf.net\/piemontevalledaosta\/wp-content\/uploads\/sites\/3\/2025\/12\/12-09-Sotto-i-riflettori-M.Pelizzetti-724x1024.jpeg 724w, https:\/\/fiaf.net\/piemontevalledaosta\/wp-content\/uploads\/sites\/3\/2025\/12\/12-09-Sotto-i-riflettori-M.Pelizzetti-212x300.jpeg 212w, https:\/\/fiaf.net\/piemontevalledaosta\/wp-content\/uploads\/sites\/3\/2025\/12\/12-09-Sotto-i-riflettori-M.Pelizzetti-768x1086.jpeg 768w, https:\/\/fiaf.net\/piemontevalledaosta\/wp-content\/uploads\/sites\/3\/2025\/12\/12-09-Sotto-i-riflettori-M.Pelizzetti-1086x1536.jpeg 1086w, https:\/\/fiaf.net\/piemontevalledaosta\/wp-content\/uploads\/sites\/3\/2025\/12\/12-09-Sotto-i-riflettori-M.Pelizzetti.jpeg 1131w\" sizes=\"auto, (max-width: 724px) 100vw, 724px\" \/><\/p>\n\n    <div class=\"xs_social_share_widget xs_share_url after_content \t\tmain_content  wslu-style-1 wslu-share-box-shaped wslu-fill-colored wslu-none wslu-share-horizontal wslu-theme-font-no wslu-main_content\">\n\n\t\t\n        <ul>\n\t\t\t        <\/ul>\n    <\/div> \n","protected":false},"excerpt":{"rendered":"<p>Questa sera SOTTO I RIFLETTORI di Monica Pelizzetti ci sar\u00e0 GERARD RANCJNAN: autore dalla forte identit\u00e0 visiva e tra le &hellip;<\/p>\n","protected":false},"author":71,"featured_media":13093,"comment_status":"closed","ping_status":"closed","sticky":true,"template":"","format":"standard","meta":{"_acf_changed":false,"footnotes":""},"categories":[21],"tags":[],"class_list":["post-13114","post","type-post","status-publish","format-standard","has-post-thumbnail","hentry","category-seminari-incontri-webinar"],"acf":[],"_links":{"self":[{"href":"https:\/\/fiaf.net\/piemontevalledaosta\/wp-json\/wp\/v2\/posts\/13114","targetHints":{"allow":["GET"]}}],"collection":[{"href":"https:\/\/fiaf.net\/piemontevalledaosta\/wp-json\/wp\/v2\/posts"}],"about":[{"href":"https:\/\/fiaf.net\/piemontevalledaosta\/wp-json\/wp\/v2\/types\/post"}],"author":[{"embeddable":true,"href":"https:\/\/fiaf.net\/piemontevalledaosta\/wp-json\/wp\/v2\/users\/71"}],"replies":[{"embeddable":true,"href":"https:\/\/fiaf.net\/piemontevalledaosta\/wp-json\/wp\/v2\/comments?post=13114"}],"version-history":[{"count":1,"href":"https:\/\/fiaf.net\/piemontevalledaosta\/wp-json\/wp\/v2\/posts\/13114\/revisions"}],"predecessor-version":[{"id":13115,"href":"https:\/\/fiaf.net\/piemontevalledaosta\/wp-json\/wp\/v2\/posts\/13114\/revisions\/13115"}],"wp:featuredmedia":[{"embeddable":true,"href":"https:\/\/fiaf.net\/piemontevalledaosta\/wp-json\/wp\/v2\/media\/13093"}],"wp:attachment":[{"href":"https:\/\/fiaf.net\/piemontevalledaosta\/wp-json\/wp\/v2\/media?parent=13114"}],"wp:term":[{"taxonomy":"category","embeddable":true,"href":"https:\/\/fiaf.net\/piemontevalledaosta\/wp-json\/wp\/v2\/categories?post=13114"},{"taxonomy":"post_tag","embeddable":true,"href":"https:\/\/fiaf.net\/piemontevalledaosta\/wp-json\/wp\/v2\/tags?post=13114"}],"curies":[{"name":"wp","href":"https:\/\/api.w.org\/{rel}","templated":true}]}}