{"id":13254,"date":"2026-01-23T21:01:55","date_gmt":"2026-01-23T20:01:55","guid":{"rendered":"https:\/\/fiaf.net\/piemontevalledaosta\/?p=13254"},"modified":"2026-01-23T21:01:55","modified_gmt":"2026-01-23T20:01:55","slug":"il-fotoclub-chivasso-martedi-27-dalle-ore-2100-ospitera-pier-paolo-strona-in-una-serata-in-cui-la-fotografia-incontrera-la-musica","status":"publish","type":"post","link":"https:\/\/fiaf.net\/piemontevalledaosta\/il-fotoclub-chivasso-martedi-27-dalle-ore-2100-ospitera-pier-paolo-strona-in-una-serata-in-cui-la-fotografia-incontrera-la-musica\/","title":{"rendered":"Il Fotoclub Chivasso, marted\u00ec 27 dalle ore 21,00, ospiter\u00e0 Pier Paolo Strona in una serata in cui la FOTOGRAFIA incontrer\u00e0 la MUSICA"},"content":{"rendered":"<p>Il Fotoclub Chivasso organizza un incontro con l\u2019autore Pier Paolo Strona che ci porter\u00e0 in una coinvolgente serata tra due espressioni artistiche: la fotografia accompagnata dalla musica dal vivo.<\/p>\n<p>La natura del linguaggio musicale ha fondamenti matematici e geometrici e nella musica di J.S. Bach questo \u00e8 particolarmente evidente.\u00a0 La geometria ci aiuta quindi ad accostare la musica alla fotografia e all\u2019arte figurativa in una prospettiva unitaria per una pi\u00f9 profonda e consapevole comprensione e apprezzamento delle singole opere.<\/p>\n<p>Si propone quindi, un concerto multimediale in cui le composizioni scelte nel programma sono associate a fotografie proiettate sullo schermo con strutture geometriche e impatto emotivo simili. Il pubblico potr\u00e0 cos\u00ec ascoltare e guardare cogliendo l\u2019armonia del tutto, ascoltando la musica ed esplorando nel tempo l\u2019immagine.<\/p>\n<p><img loading=\"lazy\" decoding=\"async\" class=\"alignnone wp-image-13239 size-large\" src=\"https:\/\/fiaf.net\/piemontevalledaosta\/wp-content\/uploads\/sites\/3\/2026\/01\/01-27-Pier-Paolo-Strona-Chivasso-682x1024.jpeg\" alt=\"\" width=\"682\" height=\"1024\" srcset=\"https:\/\/fiaf.net\/piemontevalledaosta\/wp-content\/uploads\/sites\/3\/2026\/01\/01-27-Pier-Paolo-Strona-Chivasso-682x1024.jpeg 682w, https:\/\/fiaf.net\/piemontevalledaosta\/wp-content\/uploads\/sites\/3\/2026\/01\/01-27-Pier-Paolo-Strona-Chivasso-200x300.jpeg 200w, https:\/\/fiaf.net\/piemontevalledaosta\/wp-content\/uploads\/sites\/3\/2026\/01\/01-27-Pier-Paolo-Strona-Chivasso-768x1152.jpeg 768w, https:\/\/fiaf.net\/piemontevalledaosta\/wp-content\/uploads\/sites\/3\/2026\/01\/01-27-Pier-Paolo-Strona-Chivasso.jpeg 853w\" sizes=\"auto, (max-width: 682px) 100vw, 682px\" \/><\/p>\n\n    <div class=\"xs_social_share_widget xs_share_url after_content \t\tmain_content  wslu-style-1 wslu-share-box-shaped wslu-fill-colored wslu-none wslu-share-horizontal wslu-theme-font-no wslu-main_content\">\n\n\t\t\n        <ul>\n\t\t\t        <\/ul>\n    <\/div> \n","protected":false},"excerpt":{"rendered":"<p>Il Fotoclub Chivasso organizza un incontro con l\u2019autore Pier Paolo Strona che ci porter\u00e0 in una coinvolgente serata tra due &hellip;<\/p>\n","protected":false},"author":71,"featured_media":13239,"comment_status":"closed","ping_status":"closed","sticky":true,"template":"","format":"standard","meta":{"_acf_changed":false,"footnotes":""},"categories":[2],"tags":[],"class_list":["post-13254","post","type-post","status-publish","format-standard","has-post-thumbnail","hentry","category-attivita-circoli"],"acf":[],"_links":{"self":[{"href":"https:\/\/fiaf.net\/piemontevalledaosta\/wp-json\/wp\/v2\/posts\/13254","targetHints":{"allow":["GET"]}}],"collection":[{"href":"https:\/\/fiaf.net\/piemontevalledaosta\/wp-json\/wp\/v2\/posts"}],"about":[{"href":"https:\/\/fiaf.net\/piemontevalledaosta\/wp-json\/wp\/v2\/types\/post"}],"author":[{"embeddable":true,"href":"https:\/\/fiaf.net\/piemontevalledaosta\/wp-json\/wp\/v2\/users\/71"}],"replies":[{"embeddable":true,"href":"https:\/\/fiaf.net\/piemontevalledaosta\/wp-json\/wp\/v2\/comments?post=13254"}],"version-history":[{"count":2,"href":"https:\/\/fiaf.net\/piemontevalledaosta\/wp-json\/wp\/v2\/posts\/13254\/revisions"}],"predecessor-version":[{"id":13256,"href":"https:\/\/fiaf.net\/piemontevalledaosta\/wp-json\/wp\/v2\/posts\/13254\/revisions\/13256"}],"wp:featuredmedia":[{"embeddable":true,"href":"https:\/\/fiaf.net\/piemontevalledaosta\/wp-json\/wp\/v2\/media\/13239"}],"wp:attachment":[{"href":"https:\/\/fiaf.net\/piemontevalledaosta\/wp-json\/wp\/v2\/media?parent=13254"}],"wp:term":[{"taxonomy":"category","embeddable":true,"href":"https:\/\/fiaf.net\/piemontevalledaosta\/wp-json\/wp\/v2\/categories?post=13254"},{"taxonomy":"post_tag","embeddable":true,"href":"https:\/\/fiaf.net\/piemontevalledaosta\/wp-json\/wp\/v2\/tags?post=13254"}],"curies":[{"name":"wp","href":"https:\/\/api.w.org\/{rel}","templated":true}]}}