{"id":13905,"date":"2026-05-01T18:22:13","date_gmt":"2026-05-01T16:22:13","guid":{"rendered":"https:\/\/fiaf.net\/piemontevalledaosta\/?p=13905"},"modified":"2026-05-01T18:22:13","modified_gmt":"2026-05-01T16:22:13","slug":"davide-batticuore-sara-ospite-presso-il-gruppo-fotografico-torino-attiva-giovedi-7-dalle-ore-2115","status":"publish","type":"post","link":"https:\/\/fiaf.net\/piemontevalledaosta\/davide-batticuore-sara-ospite-presso-il-gruppo-fotografico-torino-attiva-giovedi-7-dalle-ore-2115\/","title":{"rendered":"DAVIDE BATTICUORE sar\u00e0 ospite presso il Gruppo Fotografico TORINO ATTIVA &#8211; Gioved\u00ec 7 dalle ore 21,15"},"content":{"rendered":"<p>Il Gruppo Fotografico TORINO ATTIVA ospiter\u00e0 DAVIDE BATTICUORE <strong>Gioved\u00ec 7 dalle ore 21,15<\/strong> con le sue immagini che ci aiuteranno a guardare TORINO con occhi diversi.<\/p>\n<p><img loading=\"lazy\" decoding=\"async\" class=\"alignnone wp-image-13889 size-large\" src=\"https:\/\/fiaf.net\/piemontevalledaosta\/wp-content\/uploads\/sites\/3\/2026\/05\/05-07-Davide-Batticuore-Torino-Attiva-820x1024.jpg\" alt=\"\" width=\"820\" height=\"1024\" \/><\/p>\n\n    <div class=\"xs_social_share_widget xs_share_url after_content \t\tmain_content  wslu-style-1 wslu-share-box-shaped wslu-fill-colored wslu-none wslu-share-horizontal wslu-theme-font-no wslu-main_content\">\n\n\t\t\n        <ul>\n\t\t\t        <\/ul>\n    <\/div> \n","protected":false},"excerpt":{"rendered":"<p>Il Gruppo Fotografico TORINO ATTIVA ospiter\u00e0 DAVIDE BATTICUORE Gioved\u00ec 7 dalle ore 21,15 con le sue immagini che ci aiuteranno &hellip;<\/p>\n","protected":false},"author":71,"featured_media":13889,"comment_status":"closed","ping_status":"closed","sticky":true,"template":"","format":"standard","meta":{"_acf_changed":false,"footnotes":""},"categories":[2],"tags":[],"class_list":["post-13905","post","type-post","status-publish","format-standard","has-post-thumbnail","hentry","category-attivita-circoli"],"acf":[],"_links":{"self":[{"href":"https:\/\/fiaf.net\/piemontevalledaosta\/wp-json\/wp\/v2\/posts\/13905","targetHints":{"allow":["GET"]}}],"collection":[{"href":"https:\/\/fiaf.net\/piemontevalledaosta\/wp-json\/wp\/v2\/posts"}],"about":[{"href":"https:\/\/fiaf.net\/piemontevalledaosta\/wp-json\/wp\/v2\/types\/post"}],"author":[{"embeddable":true,"href":"https:\/\/fiaf.net\/piemontevalledaosta\/wp-json\/wp\/v2\/users\/71"}],"replies":[{"embeddable":true,"href":"https:\/\/fiaf.net\/piemontevalledaosta\/wp-json\/wp\/v2\/comments?post=13905"}],"version-history":[{"count":1,"href":"https:\/\/fiaf.net\/piemontevalledaosta\/wp-json\/wp\/v2\/posts\/13905\/revisions"}],"predecessor-version":[{"id":13906,"href":"https:\/\/fiaf.net\/piemontevalledaosta\/wp-json\/wp\/v2\/posts\/13905\/revisions\/13906"}],"wp:featuredmedia":[{"embeddable":true,"href":"https:\/\/fiaf.net\/piemontevalledaosta\/wp-json\/wp\/v2\/media\/13889"}],"wp:attachment":[{"href":"https:\/\/fiaf.net\/piemontevalledaosta\/wp-json\/wp\/v2\/media?parent=13905"}],"wp:term":[{"taxonomy":"category","embeddable":true,"href":"https:\/\/fiaf.net\/piemontevalledaosta\/wp-json\/wp\/v2\/categories?post=13905"},{"taxonomy":"post_tag","embeddable":true,"href":"https:\/\/fiaf.net\/piemontevalledaosta\/wp-json\/wp\/v2\/tags?post=13905"}],"curies":[{"name":"wp","href":"https:\/\/api.w.org\/{rel}","templated":true}]}}