{"id":13910,"date":"2026-05-01T18:42:45","date_gmt":"2026-05-01T16:42:45","guid":{"rendered":"https:\/\/fiaf.net\/piemontevalledaosta\/?p=13910"},"modified":"2026-05-01T18:42:45","modified_gmt":"2026-05-01T16:42:45","slug":"il-fotoclub-a-neyrone-di-trofarello-ospitera-martedi-5-dalle-ore-2100-la-mostra-fotografica-di-zoltan-nagy","status":"publish","type":"post","link":"https:\/\/fiaf.net\/piemontevalledaosta\/il-fotoclub-a-neyrone-di-trofarello-ospitera-martedi-5-dalle-ore-2100-la-mostra-fotografica-di-zoltan-nagy\/","title":{"rendered":"Il Fotoclub A. Neyrone di Trofarello ospiter\u00e0 Marted\u00ec 5 dalle ore 21,00 la mostra fotografica di ZOLTAN NAGY"},"content":{"rendered":"<p>Zoltan Nagy \u00e8 nato nel 1943 a Budapest, in Ungheria. Nel 1966 ha lasciato il suo paese. Dal 1974 vive e lavora in\u00a0 ITALIA e dal 1984 \u00e8 diventato cittadino italiano. Ha pubblicato alcuni libri e ha partecipato a numerose mostre collettive e personali in Italia e all\u2019estero.\u00a0 \u00a0Alcune sue fotografie fanno parte delle collezioni permanenti dei musei e di privati italiani, tedeschi, svizzeri, nordamericani e ungheresi.<\/p>\n<p><span class=\"emoji x1rg5ohu x16dsc37 x19la9d6 x1fc57z9 x6ikm8r x10wlt62 x19co3pv x11tp94h xw4jnvo x1qx5ct2 xfibh0p xiy17q3 x1xsqp64 x1lkfr7t xexx8yu xyri2b x18d9i69 x1c1uobl\"><span class=\"xrtxmta x1bhl96m\">\ud83d\udcc5 Vi aspettiamo MARTEDI&#8217; 5 DALLE ORE 21,00 per l&#8217;inaugurazione!<\/span><\/span><\/p>\n<p><img loading=\"lazy\" decoding=\"async\" class=\"alignnone wp-image-13888 size-large\" src=\"https:\/\/fiaf.net\/piemontevalledaosta\/wp-content\/uploads\/sites\/3\/2026\/05\/05-05-Zoltan-Nagy-a-Trofarello-1024x391.jpeg\" alt=\"\" width=\"1024\" height=\"391\" \/><\/p>\n\n    <div class=\"xs_social_share_widget xs_share_url after_content \t\tmain_content  wslu-style-1 wslu-share-box-shaped wslu-fill-colored wslu-none wslu-share-horizontal wslu-theme-font-no wslu-main_content\">\n\n\t\t\n        <ul>\n\t\t\t        <\/ul>\n    <\/div> \n","protected":false},"excerpt":{"rendered":"<p>Zoltan Nagy \u00e8 nato nel 1943 a Budapest, in Ungheria. Nel 1966 ha lasciato il suo paese. Dal 1974 vive &hellip;<\/p>\n","protected":false},"author":71,"featured_media":13888,"comment_status":"closed","ping_status":"closed","sticky":true,"template":"","format":"standard","meta":{"_acf_changed":false,"footnotes":""},"categories":[7],"tags":[],"class_list":["post-13910","post","type-post","status-publish","format-standard","has-post-thumbnail","hentry","category-mostre"],"acf":[],"_links":{"self":[{"href":"https:\/\/fiaf.net\/piemontevalledaosta\/wp-json\/wp\/v2\/posts\/13910","targetHints":{"allow":["GET"]}}],"collection":[{"href":"https:\/\/fiaf.net\/piemontevalledaosta\/wp-json\/wp\/v2\/posts"}],"about":[{"href":"https:\/\/fiaf.net\/piemontevalledaosta\/wp-json\/wp\/v2\/types\/post"}],"author":[{"embeddable":true,"href":"https:\/\/fiaf.net\/piemontevalledaosta\/wp-json\/wp\/v2\/users\/71"}],"replies":[{"embeddable":true,"href":"https:\/\/fiaf.net\/piemontevalledaosta\/wp-json\/wp\/v2\/comments?post=13910"}],"version-history":[{"count":1,"href":"https:\/\/fiaf.net\/piemontevalledaosta\/wp-json\/wp\/v2\/posts\/13910\/revisions"}],"predecessor-version":[{"id":13911,"href":"https:\/\/fiaf.net\/piemontevalledaosta\/wp-json\/wp\/v2\/posts\/13910\/revisions\/13911"}],"wp:featuredmedia":[{"embeddable":true,"href":"https:\/\/fiaf.net\/piemontevalledaosta\/wp-json\/wp\/v2\/media\/13888"}],"wp:attachment":[{"href":"https:\/\/fiaf.net\/piemontevalledaosta\/wp-json\/wp\/v2\/media?parent=13910"}],"wp:term":[{"taxonomy":"category","embeddable":true,"href":"https:\/\/fiaf.net\/piemontevalledaosta\/wp-json\/wp\/v2\/categories?post=13910"},{"taxonomy":"post_tag","embeddable":true,"href":"https:\/\/fiaf.net\/piemontevalledaosta\/wp-json\/wp\/v2\/tags?post=13910"}],"curies":[{"name":"wp","href":"https:\/\/api.w.org\/{rel}","templated":true}]}}