{"id":9674,"date":"2022-11-21T09:15:07","date_gmt":"2022-11-21T08:15:07","guid":{"rendered":"https:\/\/fiaf.net\/piemontevalledaosta\/?p=9674"},"modified":"2023-01-15T11:44:24","modified_gmt":"2023-01-15T10:44:24","slug":"14-convegno-regionale-fiaf-piemonte-e-valle-daosta","status":"publish","type":"post","link":"https:\/\/fiaf.net\/piemontevalledaosta\/14-convegno-regionale-fiaf-piemonte-e-valle-daosta\/","title":{"rendered":"14\u00b0 CONVEGNO REGIONALE FIAF PIEMONTE e VALLE D&#8217;AOSTA"},"content":{"rendered":"<table role=\"presentation\" border=\"0\" width=\"100%\" cellspacing=\"0\" cellpadding=\"0\">\n<tbody>\n<tr>\n<td class=\"r4-i\">\n<table role=\"presentation\" border=\"0\" width=\"100%\" cellspacing=\"0\" cellpadding=\"0\">\n<tbody>\n<tr>\n<th class=\"r5-c\" valign=\"top\" width=\"100%\">\n<table class=\"r6-o\" role=\"presentation\" border=\"0\" width=\"100%\" cellspacing=\"0\" cellpadding=\"0\">\n<tbody>\n<tr>\n<td class=\"r7-i\" valign=\"top\">\n<table role=\"presentation\" border=\"0\" width=\"100%\" cellspacing=\"0\" cellpadding=\"0\">\n<tbody>\n<tr>\n<td class=\"r13-i nl2go-default-textstyle\" align=\"left\" valign=\"top\">\n<div>\n<p><strong>14\u00b0convegno regionale FIAF PIEMONTE e VALLE D&#8217;AOSTA.<\/strong><\/p>\n<p>Il luogo dell&#8217;incontro sar\u00e0 la <strong>sede del C.R.D.C in Corso Sicilia,12 a Torino<\/strong>.<\/p>\n<p>Un importante appuntamento per parlare del nuovo anno che sta arrivando. Sar\u00e0 un anno ricco di tantissime novit\u00e0 e attivit\u00e0 in arrivo dalla FIAF e che presenteremo, una ad una, sabato pomeriggio.<\/p>\n<p>Con l&#8217;occasione premieremo anche l&#8217;autore dell&#8217;anno Piemonte 2022 e i vincitori del FOTODIGIT.<\/p>\n<p>Saranno presenti con noi Massimo Pascutti e Monica Pelizzetti, Referenti LAB Di Cult 135 FIAF \u00a0che ci parleranno del progetto &#8220;CONFINI\u201d.<\/p>\n<p>&nbsp;<\/p>\n<p>La serata\u00a0proseguir\u00e0 alle 21.15, con il Ricordo di Mario Pugno socio fondatore della sez. fotografica del CRDC Torino. Per l&#8217;occasione sar\u00e0 allestita una mostra e proiettato un audiovisivo. Relatori della serata: Claudio Pastrone, Guido Forino, Glauco Poggioli e Maurizio Mangili.<\/p>\n<p>Per chi vorr\u00e0 intrattenersi a cena, abbiamo organizzato un men\u00f9 presso il ristorante C.R.D.C.\u00a0: trovi il men\u00f9 qui sotto. Sar\u00e0 possibile scegliere tra il men\u00f9 ristorante a prezzo fisso oppure pizza.<br \/>\nSe sei interessato, ti chiedo gentilmente di prenotare scrivendo a: piemontevalledaosta@fiaf.net e indicando il numero di persone ed eventuali intolleranze e allergie ENTRO IL 30 NOVEMBRE.<\/p>\n<\/div>\n<\/td>\n<\/tr>\n<\/tbody>\n<\/table>\n<\/td>\n<\/tr>\n<\/tbody>\n<\/table>\n<\/th>\n<\/tr>\n<\/tbody>\n<\/table>\n<\/td>\n<\/tr>\n<\/tbody>\n<\/table>\n<table class=\"r3-o\" role=\"presentation\" border=\"0\" width=\"100%\" cellspacing=\"0\" cellpadding=\"0\">\n<tbody>\n<tr>\n<td class=\"r4-i\">\n<table role=\"presentation\" border=\"0\" width=\"100%\" cellspacing=\"0\" cellpadding=\"0\">\n<tbody>\n<tr>\n<th class=\"r5-c\" valign=\"top\" width=\"100%\">\n<table class=\"r6-o\" role=\"presentation\" border=\"0\" width=\"100%\" cellspacing=\"0\" cellpadding=\"0\">\n<tbody>\n<tr>\n<td class=\"r7-i\" valign=\"top\">\n<table role=\"presentation\" border=\"0\" width=\"100%\" cellspacing=\"0\" cellpadding=\"0\">\n<tbody>\n<tr>\n<td class=\"r10-c\" align=\"left\">\n<table class=\"r11-o\" role=\"presentation\" border=\"0\" width=\"100%\" cellspacing=\"0\" cellpadding=\"0\">\n<tbody>\n<tr>\n<td class=\"r12-i nl2go-default-textstyle\" align=\"left\" valign=\"top\">\n<div>\n<h2 class=\"default-heading2\">Programma convegno:<\/h2>\n<\/div>\n<\/td>\n<\/tr>\n<\/tbody>\n<\/table>\n<\/td>\n<\/tr>\n<tr>\n<td class=\"r10-c\" align=\"left\">\n<table class=\"r11-o\" role=\"presentation\" border=\"0\" width=\"100%\" cellspacing=\"0\" cellpadding=\"0\">\n<tbody>\n<tr>\n<td class=\"r13-i nl2go-default-textstyle\" align=\"left\" valign=\"top\">\n<div>\n<p>Ore 14,30 \u2013 Apertura Segreteria Convegno<\/p>\n<p>&nbsp;<\/p>\n<p>Ore 15,00 \u2013 Benvenuto del Delegato Regionale \u00a0FIAF<br \/>\nRelatore Diego Battaglino- Delegato Regionale Piemonte<\/p>\n<p>&nbsp;<\/p>\n<p>Ore 15,15 \u2013 Presentazione Attivit\u00e0 FIAF e Tesseramento 2023<br \/>\nRelatore Roberto Puato- Vice Presidente FIAF<\/p>\n<p>&nbsp;<\/p>\n<p>Ore 16,15 \u2013 Presentazione Laboratorio Di Cult CONFINI<br \/>\nRelatori Massimo Pascutti- Monica Pelizzetti<br \/>\nReferenti LAB Di Cult 135 FIAF \u2013 \u201cCONFINI\u201d<\/p>\n<p>&nbsp;<\/p>\n<p>Ore 17,00 \u2013 Premiazione FOTODIGIT 2022<br \/>\nRelatore Diego Battaglino &#8211; Delegato Regionale<\/p>\n<p>&nbsp;<\/p>\n<p>Ore 17,45 \u2013 Premiazione Autore dell\u2019Anno Piemonte 2022<br \/>\nRelatore Diego Battaglino &#8211; Delegato Regionale<\/p>\n<p>&nbsp;<\/p>\n<p>Ore 18,30 \u2013 Saluti Finali e Termine Convegno<br \/>\nRelatore Diego Battaglino- Delegato Regionale<\/p>\n<p>&nbsp;<\/p>\n<p>Ore 19,30 \u2013 Cena<\/p>\n<p>&nbsp;<\/p>\n<p>Ore 21,15 \u2013 Ricordo di Mario Pugno socio fondatore della sez. fotografica del CRDC Torino<\/p>\n<p>Relatori:<\/p>\n<ul>\n<li>Claudio Pastrone, Direttore del Centro italiano della Fotografia d\u2019Autore<\/li>\n<li>Guido Forino, Responsabile Sez. Fotografica CRDC<\/li>\n<li>Glauco Poggioli, vice Responsabile Sez. Fotografica CRDC<\/li>\n<li>Maurizio Mangili, ex Responsabile Sez. Fotografica CRDC<\/li>\n<\/ul>\n<\/div>\n<\/td>\n<\/tr>\n<\/tbody>\n<\/table>\n<\/td>\n<\/tr>\n<\/tbody>\n<\/table>\n<\/td>\n<\/tr>\n<\/tbody>\n<\/table>\n<\/th>\n<\/tr>\n<\/tbody>\n<\/table>\n<\/td>\n<\/tr>\n<\/tbody>\n<\/table>\n<p>&nbsp;<\/p>\n<p><img loading=\"lazy\" decoding=\"async\" class=\"alignnone wp-image-9675 size-large\" src=\"https:\/\/fiaf.net\/piemontevalledaosta\/wp-content\/uploads\/sites\/3\/2022\/11\/Schermata-2022-11-21-alle-09.14.21-975x1024.jpg\" alt=\"\" width=\"975\" height=\"1024\" srcset=\"https:\/\/fiaf.net\/piemontevalledaosta\/wp-content\/uploads\/sites\/3\/2022\/11\/Schermata-2022-11-21-alle-09.14.21-975x1024.jpg 975w, https:\/\/fiaf.net\/piemontevalledaosta\/wp-content\/uploads\/sites\/3\/2022\/11\/Schermata-2022-11-21-alle-09.14.21-286x300.jpg 286w, https:\/\/fiaf.net\/piemontevalledaosta\/wp-content\/uploads\/sites\/3\/2022\/11\/Schermata-2022-11-21-alle-09.14.21-768x807.jpg 768w, https:\/\/fiaf.net\/piemontevalledaosta\/wp-content\/uploads\/sites\/3\/2022\/11\/Schermata-2022-11-21-alle-09.14.21.jpg 1392w\" sizes=\"auto, (max-width: 975px) 100vw, 975px\" \/><\/p>\n\n    <div class=\"xs_social_share_widget xs_share_url after_content \t\tmain_content  wslu-style-1 wslu-share-box-shaped wslu-fill-colored wslu-none wslu-share-horizontal wslu-theme-font-no wslu-main_content\">\n\n\t\t\n        <ul>\n\t\t\t        <\/ul>\n    <\/div> \n","protected":false},"excerpt":{"rendered":"<p>14\u00b0convegno regionale FIAF PIEMONTE e VALLE D&#8217;AOSTA. Il luogo dell&#8217;incontro sar\u00e0 la sede del C.R.D.C in Corso Sicilia,12 a Torino. &hellip;<\/p>\n","protected":false},"author":71,"featured_media":9512,"comment_status":"closed","ping_status":"closed","sticky":false,"template":"","format":"standard","meta":{"_acf_changed":false,"footnotes":""},"categories":[6],"tags":[],"class_list":["post-9674","post","type-post","status-publish","format-standard","has-post-thumbnail","hentry","category-manifestazioni"],"acf":[],"_links":{"self":[{"href":"https:\/\/fiaf.net\/piemontevalledaosta\/wp-json\/wp\/v2\/posts\/9674","targetHints":{"allow":["GET"]}}],"collection":[{"href":"https:\/\/fiaf.net\/piemontevalledaosta\/wp-json\/wp\/v2\/posts"}],"about":[{"href":"https:\/\/fiaf.net\/piemontevalledaosta\/wp-json\/wp\/v2\/types\/post"}],"author":[{"embeddable":true,"href":"https:\/\/fiaf.net\/piemontevalledaosta\/wp-json\/wp\/v2\/users\/71"}],"replies":[{"embeddable":true,"href":"https:\/\/fiaf.net\/piemontevalledaosta\/wp-json\/wp\/v2\/comments?post=9674"}],"version-history":[{"count":5,"href":"https:\/\/fiaf.net\/piemontevalledaosta\/wp-json\/wp\/v2\/posts\/9674\/revisions"}],"predecessor-version":[{"id":9682,"href":"https:\/\/fiaf.net\/piemontevalledaosta\/wp-json\/wp\/v2\/posts\/9674\/revisions\/9682"}],"wp:featuredmedia":[{"embeddable":true,"href":"https:\/\/fiaf.net\/piemontevalledaosta\/wp-json\/wp\/v2\/media\/9512"}],"wp:attachment":[{"href":"https:\/\/fiaf.net\/piemontevalledaosta\/wp-json\/wp\/v2\/media?parent=9674"}],"wp:term":[{"taxonomy":"category","embeddable":true,"href":"https:\/\/fiaf.net\/piemontevalledaosta\/wp-json\/wp\/v2\/categories?post=9674"},{"taxonomy":"post_tag","embeddable":true,"href":"https:\/\/fiaf.net\/piemontevalledaosta\/wp-json\/wp\/v2\/tags?post=9674"}],"curies":[{"name":"wp","href":"https:\/\/api.w.org\/{rel}","templated":true}]}}