{"id":9684,"date":"2022-11-28T09:14:01","date_gmt":"2022-11-28T08:14:01","guid":{"rendered":"https:\/\/fiaf.net\/piemontevalledaosta\/?p=9684"},"modified":"2023-01-15T11:44:30","modified_gmt":"2023-01-15T10:44:30","slug":"mauro-guglielminotti-presenta-detroit-in-my-life","status":"publish","type":"post","link":"https:\/\/fiaf.net\/piemontevalledaosta\/mauro-guglielminotti-presenta-detroit-in-my-life\/","title":{"rendered":"Mauro Guglielminotti presenta \u201cDetroit in my life\u201d"},"content":{"rendered":"<p>Gioved\u00ec 1 Dicembre la Societ\u00e0 Fotografica Subalpina \u00e8 lieta di ospitare il fotografo Mauro Guglielminotti che ci presenter\u00e0 il suo libro \u201cDetroit in my life\u201d raccolta di immagini con l\u2019intento di raccontare la crisi e la rinascita di Detroit, un\u2019icona americana che pu\u00f2 essere letta anche come un simbolo delle contraddizioni del mondo occidentale. Vi aspettiamo alle ore 21,30 da Combo in Corso Regina Margherita 128 a Torino.<\/p>\n<p>&nbsp;<\/p>\n<p><img loading=\"lazy\" decoding=\"async\" class=\"alignnone wp-image-9685 size-large\" src=\"https:\/\/fiaf.net\/piemontevalledaosta\/wp-content\/uploads\/sites\/3\/2022\/11\/WhatsApp-Image-2022-11-27-at-15.10.43-1024x761.jpeg\" alt=\"\" width=\"1024\" height=\"761\" srcset=\"https:\/\/fiaf.net\/piemontevalledaosta\/wp-content\/uploads\/sites\/3\/2022\/11\/WhatsApp-Image-2022-11-27-at-15.10.43-1024x761.jpeg 1024w, https:\/\/fiaf.net\/piemontevalledaosta\/wp-content\/uploads\/sites\/3\/2022\/11\/WhatsApp-Image-2022-11-27-at-15.10.43-300x223.jpeg 300w, https:\/\/fiaf.net\/piemontevalledaosta\/wp-content\/uploads\/sites\/3\/2022\/11\/WhatsApp-Image-2022-11-27-at-15.10.43-768x571.jpeg 768w, https:\/\/fiaf.net\/piemontevalledaosta\/wp-content\/uploads\/sites\/3\/2022\/11\/WhatsApp-Image-2022-11-27-at-15.10.43.jpeg 1307w\" sizes=\"auto, (max-width: 1024px) 100vw, 1024px\" \/><\/p>\n\n    <div class=\"xs_social_share_widget xs_share_url after_content \t\tmain_content  wslu-style-1 wslu-share-box-shaped wslu-fill-colored wslu-none wslu-share-horizontal wslu-theme-font-no wslu-main_content\">\n\n\t\t\n        <ul>\n\t\t\t        <\/ul>\n    <\/div> \n","protected":false},"excerpt":{"rendered":"<p>Gioved\u00ec 1 Dicembre la Societ\u00e0 Fotografica Subalpina \u00e8 lieta di ospitare il fotografo Mauro Guglielminotti che ci presenter\u00e0 il suo &hellip;<\/p>\n","protected":false},"author":71,"featured_media":9685,"comment_status":"closed","ping_status":"closed","sticky":false,"template":"","format":"standard","meta":{"_acf_changed":false,"footnotes":""},"categories":[2],"tags":[],"class_list":["post-9684","post","type-post","status-publish","format-standard","has-post-thumbnail","hentry","category-attivita-circoli"],"acf":[],"_links":{"self":[{"href":"https:\/\/fiaf.net\/piemontevalledaosta\/wp-json\/wp\/v2\/posts\/9684","targetHints":{"allow":["GET"]}}],"collection":[{"href":"https:\/\/fiaf.net\/piemontevalledaosta\/wp-json\/wp\/v2\/posts"}],"about":[{"href":"https:\/\/fiaf.net\/piemontevalledaosta\/wp-json\/wp\/v2\/types\/post"}],"author":[{"embeddable":true,"href":"https:\/\/fiaf.net\/piemontevalledaosta\/wp-json\/wp\/v2\/users\/71"}],"replies":[{"embeddable":true,"href":"https:\/\/fiaf.net\/piemontevalledaosta\/wp-json\/wp\/v2\/comments?post=9684"}],"version-history":[{"count":2,"href":"https:\/\/fiaf.net\/piemontevalledaosta\/wp-json\/wp\/v2\/posts\/9684\/revisions"}],"predecessor-version":[{"id":9687,"href":"https:\/\/fiaf.net\/piemontevalledaosta\/wp-json\/wp\/v2\/posts\/9684\/revisions\/9687"}],"wp:featuredmedia":[{"embeddable":true,"href":"https:\/\/fiaf.net\/piemontevalledaosta\/wp-json\/wp\/v2\/media\/9685"}],"wp:attachment":[{"href":"https:\/\/fiaf.net\/piemontevalledaosta\/wp-json\/wp\/v2\/media?parent=9684"}],"wp:term":[{"taxonomy":"category","embeddable":true,"href":"https:\/\/fiaf.net\/piemontevalledaosta\/wp-json\/wp\/v2\/categories?post=9684"},{"taxonomy":"post_tag","embeddable":true,"href":"https:\/\/fiaf.net\/piemontevalledaosta\/wp-json\/wp\/v2\/tags?post=9684"}],"curies":[{"name":"wp","href":"https:\/\/api.w.org\/{rel}","templated":true}]}}