{"id":9761,"date":"2023-02-04T15:40:58","date_gmt":"2023-02-04T14:40:58","guid":{"rendered":"https:\/\/fiaf.net\/piemontevalledaosta\/?p=9761"},"modified":"2025-01-07T14:06:30","modified_gmt":"2025-01-07T13:06:30","slug":"la-mia-storia-fotografica-serata-con","status":"publish","type":"post","link":"https:\/\/fiaf.net\/piemontevalledaosta\/la-mia-storia-fotografica-serata-con\/","title":{"rendered":"La mia storia fotografica. Serata con"},"content":{"rendered":"<p>Classe 1962, ingegnere aerospaziale, Luigi Mazzocchetti, rimane folgorato dal mondo della fotografia, nel 1979 dopo aver visto la mostra, &#8220;Venezia 79, la fotografia&#8221;. Dopo aver seguito il corso base per la fotografia alla &#8220;Galleria Subalpina&#8221; nello stesso anno, inizia la sua storia fotografica.<br \/>\nIl primo progetto inizia con la danza, stando a contatto del palco e dei suoi ballerini per tre anni.<br \/>\nNel 1980 la sua prima mostra fotografica al Teatro Nuovo di Torino.<br \/>\nSi trasferir\u00e0 nelle Marche ad Osimo, ma la sua passione ispirata da alcuni dei grandi della fotografia, non si placa.<br \/>\nTra questi: Salgado. Galimberti, Wenders, Lindbergh, Lid\u00f2, Giacomelli e Adams.<br \/>\nAma l&#8217;arte nella sua totalit\u00e0, tutto ci\u00f2 che \u00e8 mezzo di espressione. Fotografia, musica, pittura e poesia.<\/p>\n<p>Luigi Mazzocchetti, sar\u00e0 con noi, marted\u00ec 7 febbraio 2023, dalle ore 21.<br \/>\nA Trofarello presso il &#8220;Centro polifunzionale Marzanati&#8221; Via Cesare Battisti 25 al primo piano, nella sala &#8221; Barba Toni&#8221;.<\/p>\n<p>Vi aspettiamo!<\/p>\n<p>&nbsp;<\/p>\n<p><img loading=\"lazy\" decoding=\"async\" class=\"alignnone wp-image-9762 size-large\" src=\"https:\/\/fiaf.net\/piemontevalledaosta\/wp-content\/uploads\/sites\/3\/2023\/02\/WhatsApp-Image-2023-02-04-at-14.51.21-1024x390.jpeg\" alt=\"\" width=\"1024\" height=\"390\" srcset=\"https:\/\/fiaf.net\/piemontevalledaosta\/wp-content\/uploads\/sites\/3\/2023\/02\/WhatsApp-Image-2023-02-04-at-14.51.21-1024x390.jpeg 1024w, https:\/\/fiaf.net\/piemontevalledaosta\/wp-content\/uploads\/sites\/3\/2023\/02\/WhatsApp-Image-2023-02-04-at-14.51.21-300x114.jpeg 300w, https:\/\/fiaf.net\/piemontevalledaosta\/wp-content\/uploads\/sites\/3\/2023\/02\/WhatsApp-Image-2023-02-04-at-14.51.21-768x293.jpeg 768w, https:\/\/fiaf.net\/piemontevalledaosta\/wp-content\/uploads\/sites\/3\/2023\/02\/WhatsApp-Image-2023-02-04-at-14.51.21-1536x585.jpeg 1536w, https:\/\/fiaf.net\/piemontevalledaosta\/wp-content\/uploads\/sites\/3\/2023\/02\/WhatsApp-Image-2023-02-04-at-14.51.21.jpeg 2048w\" sizes=\"auto, (max-width: 1024px) 100vw, 1024px\" \/><\/p>\n\n    <div class=\"xs_social_share_widget xs_share_url after_content \t\tmain_content  wslu-style-1 wslu-share-box-shaped wslu-fill-colored wslu-none wslu-share-horizontal wslu-theme-font-no wslu-main_content\">\n\n\t\t\n        <ul>\n\t\t\t        <\/ul>\n    <\/div> \n","protected":false},"excerpt":{"rendered":"<p>Classe 1962, ingegnere aerospaziale, Luigi Mazzocchetti, rimane folgorato dal mondo della fotografia, nel 1979 dopo aver visto la mostra, &#8220;Venezia &hellip;<\/p>\n","protected":false},"author":71,"featured_media":9762,"comment_status":"closed","ping_status":"closed","sticky":false,"template":"","format":"standard","meta":{"_acf_changed":false,"footnotes":""},"categories":[2],"tags":[],"class_list":["post-9761","post","type-post","status-publish","format-standard","has-post-thumbnail","hentry","category-attivita-circoli"],"acf":[],"_links":{"self":[{"href":"https:\/\/fiaf.net\/piemontevalledaosta\/wp-json\/wp\/v2\/posts\/9761","targetHints":{"allow":["GET"]}}],"collection":[{"href":"https:\/\/fiaf.net\/piemontevalledaosta\/wp-json\/wp\/v2\/posts"}],"about":[{"href":"https:\/\/fiaf.net\/piemontevalledaosta\/wp-json\/wp\/v2\/types\/post"}],"author":[{"embeddable":true,"href":"https:\/\/fiaf.net\/piemontevalledaosta\/wp-json\/wp\/v2\/users\/71"}],"replies":[{"embeddable":true,"href":"https:\/\/fiaf.net\/piemontevalledaosta\/wp-json\/wp\/v2\/comments?post=9761"}],"version-history":[{"count":1,"href":"https:\/\/fiaf.net\/piemontevalledaosta\/wp-json\/wp\/v2\/posts\/9761\/revisions"}],"predecessor-version":[{"id":9763,"href":"https:\/\/fiaf.net\/piemontevalledaosta\/wp-json\/wp\/v2\/posts\/9761\/revisions\/9763"}],"wp:featuredmedia":[{"embeddable":true,"href":"https:\/\/fiaf.net\/piemontevalledaosta\/wp-json\/wp\/v2\/media\/9762"}],"wp:attachment":[{"href":"https:\/\/fiaf.net\/piemontevalledaosta\/wp-json\/wp\/v2\/media?parent=9761"}],"wp:term":[{"taxonomy":"category","embeddable":true,"href":"https:\/\/fiaf.net\/piemontevalledaosta\/wp-json\/wp\/v2\/categories?post=9761"},{"taxonomy":"post_tag","embeddable":true,"href":"https:\/\/fiaf.net\/piemontevalledaosta\/wp-json\/wp\/v2\/tags?post=9761"}],"curies":[{"name":"wp","href":"https:\/\/api.w.org\/{rel}","templated":true}]}}