{"id":9963,"date":"2023-04-05T09:10:28","date_gmt":"2023-04-05T07:10:28","guid":{"rendered":"https:\/\/fiaf.net\/piemontevalledaosta\/?p=9963"},"modified":"2025-01-07T14:22:50","modified_gmt":"2025-01-07T13:22:50","slug":"elisa-arnodo-presentera-presso-la-societa-fotografica-subalpina-il-suo-libro-gente-di-valle","status":"publish","type":"post","link":"https:\/\/fiaf.net\/piemontevalledaosta\/elisa-arnodo-presentera-presso-la-societa-fotografica-subalpina-il-suo-libro-gente-di-valle\/","title":{"rendered":"ELISA ARNODO presenter\u00e0 presso la Societ\u00e0 Fotografica Subalpina il suo libro GENTE DI VALLE"},"content":{"rendered":"<p>GIOVEDI&#8217; 06 APRILE ALLE ORE 21,30 Elisa Arnodo racconter\u00e0 la Valle Sangone, attraverso i volti di chi ci \u00e8 nato e vissuto, con una serie di stampe delle foto contenute nel libro. Presenter\u00e0 anche un portfolio di 18 immagini collegate al progetto del libro dal titolo \u201cIo resto qui. Vita di Pieraldo\u201d Un lavoro che documenta la vita di un uomo trascorsa nella solitudine.<\/p>\n<p><img loading=\"lazy\" decoding=\"async\" class=\"alignnone wp-image-9958 size-large\" src=\"https:\/\/fiaf.net\/piemontevalledaosta\/wp-content\/uploads\/sites\/3\/2023\/04\/Elisa-Arnodo-06-04-1024x771.jpeg\" alt=\"\" width=\"1024\" height=\"771\" \/><\/p>\n\n    <div class=\"xs_social_share_widget xs_share_url after_content \t\tmain_content  wslu-style-1 wslu-share-box-shaped wslu-fill-colored wslu-none wslu-share-horizontal wslu-theme-font-no wslu-main_content\">\n\n\t\t\n        <ul>\n\t\t\t        <\/ul>\n    <\/div> \n","protected":false},"excerpt":{"rendered":"<p>GIOVEDI&#8217; 06 APRILE ALLE ORE 21,30 Elisa Arnodo racconter\u00e0 la Valle Sangone, attraverso i volti di chi ci \u00e8 nato &hellip;<\/p>\n","protected":false},"author":71,"featured_media":9958,"comment_status":"closed","ping_status":"closed","sticky":false,"template":"","format":"standard","meta":{"_acf_changed":false,"footnotes":""},"categories":[2],"tags":[],"class_list":["post-9963","post","type-post","status-publish","format-standard","has-post-thumbnail","hentry","category-attivita-circoli"],"acf":[],"_links":{"self":[{"href":"https:\/\/fiaf.net\/piemontevalledaosta\/wp-json\/wp\/v2\/posts\/9963","targetHints":{"allow":["GET"]}}],"collection":[{"href":"https:\/\/fiaf.net\/piemontevalledaosta\/wp-json\/wp\/v2\/posts"}],"about":[{"href":"https:\/\/fiaf.net\/piemontevalledaosta\/wp-json\/wp\/v2\/types\/post"}],"author":[{"embeddable":true,"href":"https:\/\/fiaf.net\/piemontevalledaosta\/wp-json\/wp\/v2\/users\/71"}],"replies":[{"embeddable":true,"href":"https:\/\/fiaf.net\/piemontevalledaosta\/wp-json\/wp\/v2\/comments?post=9963"}],"version-history":[{"count":2,"href":"https:\/\/fiaf.net\/piemontevalledaosta\/wp-json\/wp\/v2\/posts\/9963\/revisions"}],"predecessor-version":[{"id":9965,"href":"https:\/\/fiaf.net\/piemontevalledaosta\/wp-json\/wp\/v2\/posts\/9963\/revisions\/9965"}],"wp:featuredmedia":[{"embeddable":true,"href":"https:\/\/fiaf.net\/piemontevalledaosta\/wp-json\/wp\/v2\/media\/9958"}],"wp:attachment":[{"href":"https:\/\/fiaf.net\/piemontevalledaosta\/wp-json\/wp\/v2\/media?parent=9963"}],"wp:term":[{"taxonomy":"category","embeddable":true,"href":"https:\/\/fiaf.net\/piemontevalledaosta\/wp-json\/wp\/v2\/categories?post=9963"},{"taxonomy":"post_tag","embeddable":true,"href":"https:\/\/fiaf.net\/piemontevalledaosta\/wp-json\/wp\/v2\/tags?post=9963"}],"curies":[{"name":"wp","href":"https:\/\/api.w.org\/{rel}","templated":true}]}}