{"id":1997,"date":"2021-05-15T19:14:05","date_gmt":"2021-05-15T19:14:05","guid":{"rendered":"https:\/\/fiaf.net\/portfolioitalia\/?p=1997"},"modified":"2022-11-28T19:19:39","modified_gmt":"2022-11-28T18:19:39","slug":"maria-cristina-comparato-della-presenza","status":"publish","type":"post","link":"https:\/\/fiaf.net\/portfolioitalia\/maria-cristina-comparato-della-presenza\/","title":{"rendered":"Maria Cristina Comparato \/ Della presenza &#8211; Vincitrice 2020"},"content":{"rendered":"<p><strong>Opera\u00a0vincitrice Portfolio Italia\u00a02020<\/strong><br \/>\n<!--more--><\/p>\n<div id='gallery-1' class='gallery galleryid-1997 gallery-columns-3 gallery-size-thumbnail'><figure class='gallery-item'>\n\t\t\t<div class='gallery-icon landscape'>\n\t\t\t\t<a href='https:\/\/fiaf.net\/portfolioitalia\/wp-content\/uploads\/sites\/27\/2021\/05\/Maria-Cristina-Comparato-Della-presenza-01.jpg'><img loading=\"lazy\" decoding=\"async\" width=\"150\" height=\"150\" src=\"https:\/\/fiaf.net\/portfolioitalia\/wp-content\/uploads\/sites\/27\/2021\/05\/Maria-Cristina-Comparato-Della-presenza-01-150x150.jpg\" class=\"attachment-thumbnail size-thumbnail\" alt=\"\" \/><\/a>\n\t\t\t<\/div><\/figure><figure class='gallery-item'>\n\t\t\t<div class='gallery-icon landscape'>\n\t\t\t\t<a href='https:\/\/fiaf.net\/portfolioitalia\/wp-content\/uploads\/sites\/27\/2021\/05\/Maria-Cristina-Comparato-Della-presenza-02.jpg'><img loading=\"lazy\" decoding=\"async\" width=\"150\" height=\"150\" src=\"https:\/\/fiaf.net\/portfolioitalia\/wp-content\/uploads\/sites\/27\/2021\/05\/Maria-Cristina-Comparato-Della-presenza-02-150x150.jpg\" class=\"attachment-thumbnail size-thumbnail\" alt=\"\" \/><\/a>\n\t\t\t<\/div><\/figure><figure class='gallery-item'>\n\t\t\t<div class='gallery-icon landscape'>\n\t\t\t\t<a href='https:\/\/fiaf.net\/portfolioitalia\/wp-content\/uploads\/sites\/27\/2021\/05\/Maria-Cristina-Comparato-Della-presenza-03.jpg'><img loading=\"lazy\" decoding=\"async\" width=\"150\" height=\"150\" src=\"https:\/\/fiaf.net\/portfolioitalia\/wp-content\/uploads\/sites\/27\/2021\/05\/Maria-Cristina-Comparato-Della-presenza-03-150x150.jpg\" class=\"attachment-thumbnail size-thumbnail\" alt=\"\" \/><\/a>\n\t\t\t<\/div><\/figure><figure class='gallery-item'>\n\t\t\t<div class='gallery-icon landscape'>\n\t\t\t\t<a href='https:\/\/fiaf.net\/portfolioitalia\/wp-content\/uploads\/sites\/27\/2021\/05\/Maria-Cristina-Comparato-Della-presenza-04.jpg'><img loading=\"lazy\" decoding=\"async\" width=\"150\" height=\"150\" src=\"https:\/\/fiaf.net\/portfolioitalia\/wp-content\/uploads\/sites\/27\/2021\/05\/Maria-Cristina-Comparato-Della-presenza-04-150x150.jpg\" class=\"attachment-thumbnail size-thumbnail\" alt=\"\" \/><\/a>\n\t\t\t<\/div><\/figure><figure class='gallery-item'>\n\t\t\t<div class='gallery-icon landscape'>\n\t\t\t\t<a href='https:\/\/fiaf.net\/portfolioitalia\/wp-content\/uploads\/sites\/27\/2021\/05\/Maria-Cristina-Comparato-Della-presenza-05.jpg'><img loading=\"lazy\" decoding=\"async\" width=\"150\" height=\"150\" src=\"https:\/\/fiaf.net\/portfolioitalia\/wp-content\/uploads\/sites\/27\/2021\/05\/Maria-Cristina-Comparato-Della-presenza-05-150x150.jpg\" class=\"attachment-thumbnail size-thumbnail\" alt=\"\" \/><\/a>\n\t\t\t<\/div><\/figure><figure class='gallery-item'>\n\t\t\t<div class='gallery-icon landscape'>\n\t\t\t\t<a href='https:\/\/fiaf.net\/portfolioitalia\/wp-content\/uploads\/sites\/27\/2021\/05\/Maria-Cristina-Comparato-Della-presenza-06.jpg'><img loading=\"lazy\" decoding=\"async\" width=\"150\" height=\"150\" src=\"https:\/\/fiaf.net\/portfolioitalia\/wp-content\/uploads\/sites\/27\/2021\/05\/Maria-Cristina-Comparato-Della-presenza-06-150x150.jpg\" class=\"attachment-thumbnail size-thumbnail\" alt=\"\" \/><\/a>\n\t\t\t<\/div><\/figure><figure class='gallery-item'>\n\t\t\t<div class='gallery-icon landscape'>\n\t\t\t\t<a href='https:\/\/fiaf.net\/portfolioitalia\/wp-content\/uploads\/sites\/27\/2021\/05\/Maria-Cristina-Comparato-Della-presenza-07.jpg'><img loading=\"lazy\" decoding=\"async\" width=\"150\" height=\"150\" src=\"https:\/\/fiaf.net\/portfolioitalia\/wp-content\/uploads\/sites\/27\/2021\/05\/Maria-Cristina-Comparato-Della-presenza-07-150x150.jpg\" class=\"attachment-thumbnail size-thumbnail\" alt=\"\" \/><\/a>\n\t\t\t<\/div><\/figure><figure class='gallery-item'>\n\t\t\t<div class='gallery-icon landscape'>\n\t\t\t\t<a href='https:\/\/fiaf.net\/portfolioitalia\/wp-content\/uploads\/sites\/27\/2021\/05\/Maria-Cristina-Comparato-Della-presenza-08.jpg'><img loading=\"lazy\" decoding=\"async\" width=\"150\" height=\"150\" src=\"https:\/\/fiaf.net\/portfolioitalia\/wp-content\/uploads\/sites\/27\/2021\/05\/Maria-Cristina-Comparato-Della-presenza-08-150x150.jpg\" class=\"attachment-thumbnail size-thumbnail\" alt=\"\" \/><\/a>\n\t\t\t<\/div><\/figure><figure class='gallery-item'>\n\t\t\t<div class='gallery-icon landscape'>\n\t\t\t\t<a href='https:\/\/fiaf.net\/portfolioitalia\/wp-content\/uploads\/sites\/27\/2021\/05\/Maria-Cristina-Comparato-Della-presenza-09.jpg'><img loading=\"lazy\" decoding=\"async\" width=\"150\" height=\"150\" src=\"https:\/\/fiaf.net\/portfolioitalia\/wp-content\/uploads\/sites\/27\/2021\/05\/Maria-Cristina-Comparato-Della-presenza-09-150x150.jpg\" class=\"attachment-thumbnail size-thumbnail\" alt=\"\" \/><\/a>\n\t\t\t<\/div><\/figure><figure class='gallery-item'>\n\t\t\t<div class='gallery-icon landscape'>\n\t\t\t\t<a href='https:\/\/fiaf.net\/portfolioitalia\/wp-content\/uploads\/sites\/27\/2021\/05\/Maria-Cristina-Comparato-Della-presenza-10.jpg'><img loading=\"lazy\" decoding=\"async\" width=\"150\" height=\"150\" src=\"https:\/\/fiaf.net\/portfolioitalia\/wp-content\/uploads\/sites\/27\/2021\/05\/Maria-Cristina-Comparato-Della-presenza-10-150x150.jpg\" class=\"attachment-thumbnail size-thumbnail\" alt=\"\" \/><\/a>\n\t\t\t<\/div><\/figure><figure class='gallery-item'>\n\t\t\t<div class='gallery-icon landscape'>\n\t\t\t\t<a href='https:\/\/fiaf.net\/portfolioitalia\/wp-content\/uploads\/sites\/27\/2021\/05\/Maria-Cristina-Comparato-Della-presenza-11.jpg'><img loading=\"lazy\" decoding=\"async\" width=\"150\" height=\"150\" src=\"https:\/\/fiaf.net\/portfolioitalia\/wp-content\/uploads\/sites\/27\/2021\/05\/Maria-Cristina-Comparato-Della-presenza-11-150x150.jpg\" class=\"attachment-thumbnail size-thumbnail\" alt=\"\" \/><\/a>\n\t\t\t<\/div><\/figure>\n\t\t<\/div>\n\n<p class=\"p1\">di Silvano Bicocchi<\/p>\n<p class=\"p1\">Con la segreta azione introspettiva dell\u2019autoscatto l\u2019autrice rappresenta, al proprio sguardo, i violenti mutamenti della propria esistenza imposti da una grave malattia. Da questo processo creativo \u00e8 generata una sequenza d\u2019immagini concettuali, essenzialmente simboliche, che si succedono in sala di posa con lo stesso fondale: l\u2019orizzonte chiuso tra il profilo di candide lenzuola e un muro chiaro liscio ma invalicabile. Questo spazio simbolico senza cielo, racchiuso nella limitatezza di un letto, ci fornisce gli elementi per comprendere il particolare stato d\u2019animo di chi \u00e8 privato della serenit\u00e0 per guardare al domani, perch\u00e9 ammalato. Col titolo \u201cDella presenza\u201d l\u2019autrice declina la lettura dell\u2019opera verso il dramma esistenziale di una giovinezza ferita da una patologia invalidante, anche nella sfera pi\u00f9 intima. Nella sequenza fotografica il suo giovane corpo \u00e8 la voce narrante del proprio vissuto che, con la delicatezza di un confidenziale \u201cguarda qui\u2026\u201d, mostra i segni dell\u2019invasiva azione di cura. Queste immagini, con la scelta della condivisione, attivano la trasfigurazione artistica e il suo corpo provato diventa il corpo di ogni donna che ha vissuto la medesima esperienza. Dopo l\u2019oggettivit\u00e0 della documentazione medica &#8211; con la diagnostica, i medicinali e gli strumenti di cura- la narrazione dal corpo si orienta verso la paura e l\u2019angoscia di un futuro incerto: la similitudine del ramoscello ingiallito e poi\u2026 la scena vuota.<\/p>\n<p class=\"p1\">L\u2019occhio attonito rivolto all\u2019ignoto, chiude l\u2019opera. La sua forza espressiva ci mostra i segni di una energia morale enorme che l\u2019autrice ha messo in campo per contrastare la deriva depressiva, fatalmente indotta dagli eventi, e trovare le ragioni per una nuova visione del proprio domani.<\/p>\n<p class=\"p3\"><span class=\"s1\"><b>Biografia<\/b><\/span><\/p>\n<p class=\"p1\"><em>Garganica, lettrice e nomade, si occupa di fotografia perch\u00ae\u00b6 non sa disegnare. Qualche volta racconta storie, che qualche volta vengono pubblicate. La trovate su Tina, Cadillac, Squadernauti e forse altrove, ma sicuramente sui suoi blog.<\/em><\/p>\n\n    <div class=\"xs_social_share_widget xs_share_url after_content \t\tmain_content  wslu-style-1 wslu-share-box-shaped wslu-fill-colored wslu-none wslu-share-horizontal wslu-theme-font-no wslu-main_content\">\n\n\t\t\n        <ul>\n\t\t\t        <\/ul>\n    <\/div> \n","protected":false},"excerpt":{"rendered":"<p>Opera\u00a0vincitrice Portfolio Italia\u00a02020 di Silvano Bicocchi Con la segreta azione introspettiva dell\u2019autoscatto l\u2019autrice rappresenta, al proprio sguardo, i violenti mutamenti &hellip;<\/p>\n","protected":false},"author":1,"featured_media":2011,"comment_status":"closed","ping_status":"open","sticky":false,"template":"","format":"standard","meta":{"_acf_changed":false,"footnotes":""},"categories":[18],"tags":[],"class_list":["post-1997","post","type-post","status-publish","format-standard","has-post-thumbnail","hentry","category-vincitori-2020"],"acf":[],"_links":{"self":[{"href":"https:\/\/fiaf.net\/portfolioitalia\/wp-json\/wp\/v2\/posts\/1997","targetHints":{"allow":["GET"]}}],"collection":[{"href":"https:\/\/fiaf.net\/portfolioitalia\/wp-json\/wp\/v2\/posts"}],"about":[{"href":"https:\/\/fiaf.net\/portfolioitalia\/wp-json\/wp\/v2\/types\/post"}],"author":[{"embeddable":true,"href":"https:\/\/fiaf.net\/portfolioitalia\/wp-json\/wp\/v2\/users\/1"}],"replies":[{"embeddable":true,"href":"https:\/\/fiaf.net\/portfolioitalia\/wp-json\/wp\/v2\/comments?post=1997"}],"version-history":[{"count":2,"href":"https:\/\/fiaf.net\/portfolioitalia\/wp-json\/wp\/v2\/posts\/1997\/revisions"}],"predecessor-version":[{"id":3218,"href":"https:\/\/fiaf.net\/portfolioitalia\/wp-json\/wp\/v2\/posts\/1997\/revisions\/3218"}],"wp:featuredmedia":[{"embeddable":true,"href":"https:\/\/fiaf.net\/portfolioitalia\/wp-json\/wp\/v2\/media\/2011"}],"wp:attachment":[{"href":"https:\/\/fiaf.net\/portfolioitalia\/wp-json\/wp\/v2\/media?parent=1997"}],"wp:term":[{"taxonomy":"category","embeddable":true,"href":"https:\/\/fiaf.net\/portfolioitalia\/wp-json\/wp\/v2\/categories?post=1997"},{"taxonomy":"post_tag","embeddable":true,"href":"https:\/\/fiaf.net\/portfolioitalia\/wp-json\/wp\/v2\/tags?post=1997"}],"curies":[{"name":"wp","href":"https:\/\/api.w.org\/{rel}","templated":true}]}}