{"id":259,"date":"2015-02-11T10:40:23","date_gmt":"2015-02-11T10:40:23","guid":{"rendered":"https:\/\/fiaf.net\/portfolioitalia\/?p=259"},"modified":"2015-02-11T10:40:23","modified_gmt":"2015-02-11T10:40:23","slug":"francesco-comello-bolivia-diario-di-un-fotografo-visionario","status":"publish","type":"post","link":"https:\/\/fiaf.net\/portfolioitalia\/francesco-comello-bolivia-diario-di-un-fotografo-visionario\/","title":{"rendered":"Francesco Comello &#8211; Bolivia, diario di un fotografo visionario"},"content":{"rendered":"<p><!--more--><br \/>\n<div id='gallery-1' class='gallery galleryid-259 gallery-columns-3 gallery-size-thumbnail'><figure class='gallery-item'>\n\t\t\t<div class='gallery-icon landscape'>\n\t\t\t\t<a href='https:\/\/fiaf.net\/portfolioitalia\/francesco-comello-bolivia-diario-di-un-fotografo-visionario\/bolivia_03\/'><img loading=\"lazy\" decoding=\"async\" width=\"150\" height=\"150\" src=\"https:\/\/fiaf.net\/portfolioitalia\/wp-content\/uploads\/sites\/27\/2015\/02\/Bolivia_03-150x150.jpg\" class=\"attachment-thumbnail size-thumbnail\" alt=\"\" \/><\/a>\n\t\t\t<\/div><\/figure><figure class='gallery-item'>\n\t\t\t<div class='gallery-icon landscape'>\n\t\t\t\t<a href='https:\/\/fiaf.net\/portfolioitalia\/francesco-comello-bolivia-diario-di-un-fotografo-visionario\/bolivia_04\/'><img loading=\"lazy\" decoding=\"async\" width=\"150\" height=\"150\" src=\"https:\/\/fiaf.net\/portfolioitalia\/wp-content\/uploads\/sites\/27\/2015\/02\/Bolivia_04-150x150.jpg\" class=\"attachment-thumbnail size-thumbnail\" alt=\"\" \/><\/a>\n\t\t\t<\/div><\/figure><figure class='gallery-item'>\n\t\t\t<div class='gallery-icon landscape'>\n\t\t\t\t<a href='https:\/\/fiaf.net\/portfolioitalia\/francesco-comello-bolivia-diario-di-un-fotografo-visionario\/bolivia_05\/'><img loading=\"lazy\" decoding=\"async\" width=\"150\" height=\"150\" src=\"https:\/\/fiaf.net\/portfolioitalia\/wp-content\/uploads\/sites\/27\/2015\/02\/Bolivia_05-150x150.jpg\" class=\"attachment-thumbnail size-thumbnail\" alt=\"\" \/><\/a>\n\t\t\t<\/div><\/figure><figure class='gallery-item'>\n\t\t\t<div class='gallery-icon landscape'>\n\t\t\t\t<a href='https:\/\/fiaf.net\/portfolioitalia\/francesco-comello-bolivia-diario-di-un-fotografo-visionario\/bolivia_06\/'><img loading=\"lazy\" decoding=\"async\" width=\"150\" height=\"150\" src=\"https:\/\/fiaf.net\/portfolioitalia\/wp-content\/uploads\/sites\/27\/2015\/02\/Bolivia_06-150x150.jpg\" class=\"attachment-thumbnail size-thumbnail\" alt=\"\" \/><\/a>\n\t\t\t<\/div><\/figure><figure class='gallery-item'>\n\t\t\t<div class='gallery-icon landscape'>\n\t\t\t\t<a href='https:\/\/fiaf.net\/portfolioitalia\/francesco-comello-bolivia-diario-di-un-fotografo-visionario\/bolivia_07\/'><img loading=\"lazy\" decoding=\"async\" width=\"150\" height=\"150\" src=\"https:\/\/fiaf.net\/portfolioitalia\/wp-content\/uploads\/sites\/27\/2015\/02\/Bolivia_07-150x150.jpg\" class=\"attachment-thumbnail size-thumbnail\" alt=\"\" \/><\/a>\n\t\t\t<\/div><\/figure><figure class='gallery-item'>\n\t\t\t<div class='gallery-icon landscape'>\n\t\t\t\t<a href='https:\/\/fiaf.net\/portfolioitalia\/francesco-comello-bolivia-diario-di-un-fotografo-visionario\/bolivia_08\/'><img loading=\"lazy\" decoding=\"async\" width=\"150\" height=\"150\" src=\"https:\/\/fiaf.net\/portfolioitalia\/wp-content\/uploads\/sites\/27\/2015\/02\/Bolivia_08-150x150.jpg\" class=\"attachment-thumbnail size-thumbnail\" alt=\"\" \/><\/a>\n\t\t\t<\/div><\/figure><figure class='gallery-item'>\n\t\t\t<div class='gallery-icon portrait'>\n\t\t\t\t<a href='https:\/\/fiaf.net\/portfolioitalia\/francesco-comello-bolivia-diario-di-un-fotografo-visionario\/bolivia_11\/'><img loading=\"lazy\" decoding=\"async\" width=\"150\" height=\"150\" src=\"https:\/\/fiaf.net\/portfolioitalia\/wp-content\/uploads\/sites\/27\/2015\/02\/Bolivia_11-150x150.jpg\" class=\"attachment-thumbnail size-thumbnail\" alt=\"\" \/><\/a>\n\t\t\t<\/div><\/figure><figure class='gallery-item'>\n\t\t\t<div class='gallery-icon portrait'>\n\t\t\t\t<a href='https:\/\/fiaf.net\/portfolioitalia\/francesco-comello-bolivia-diario-di-un-fotografo-visionario\/bolivia_12\/'><img loading=\"lazy\" decoding=\"async\" width=\"150\" height=\"150\" src=\"https:\/\/fiaf.net\/portfolioitalia\/wp-content\/uploads\/sites\/27\/2015\/02\/Bolivia_12-150x150.jpg\" class=\"attachment-thumbnail size-thumbnail\" alt=\"\" \/><\/a>\n\t\t\t<\/div><\/figure><figure class='gallery-item'>\n\t\t\t<div class='gallery-icon landscape'>\n\t\t\t\t<a href='https:\/\/fiaf.net\/portfolioitalia\/francesco-comello-bolivia-diario-di-un-fotografo-visionario\/bolivia_17\/'><img loading=\"lazy\" decoding=\"async\" width=\"150\" height=\"150\" src=\"https:\/\/fiaf.net\/portfolioitalia\/wp-content\/uploads\/sites\/27\/2015\/02\/Bolivia_17-150x150.jpg\" class=\"attachment-thumbnail size-thumbnail\" alt=\"\" \/><\/a>\n\t\t\t<\/div><\/figure><figure class='gallery-item'>\n\t\t\t<div class='gallery-icon landscape'>\n\t\t\t\t<a href='https:\/\/fiaf.net\/portfolioitalia\/francesco-comello-bolivia-diario-di-un-fotografo-visionario\/bolivia_18\/'><img loading=\"lazy\" decoding=\"async\" width=\"150\" height=\"150\" src=\"https:\/\/fiaf.net\/portfolioitalia\/wp-content\/uploads\/sites\/27\/2015\/02\/Bolivia_18-150x150.jpg\" class=\"attachment-thumbnail size-thumbnail\" alt=\"\" \/><\/a>\n\t\t\t<\/div><\/figure><figure class='gallery-item'>\n\t\t\t<div class='gallery-icon landscape'>\n\t\t\t\t<a href='https:\/\/fiaf.net\/portfolioitalia\/francesco-comello-bolivia-diario-di-un-fotografo-visionario\/bolivia_19\/'><img loading=\"lazy\" decoding=\"async\" width=\"150\" height=\"150\" src=\"https:\/\/fiaf.net\/portfolioitalia\/wp-content\/uploads\/sites\/27\/2015\/02\/Bolivia_19-150x150.jpg\" class=\"attachment-thumbnail size-thumbnail\" alt=\"\" \/><\/a>\n\t\t\t<\/div><\/figure><figure class='gallery-item'>\n\t\t\t<div class='gallery-icon landscape'>\n\t\t\t\t<a href='https:\/\/fiaf.net\/portfolioitalia\/francesco-comello-bolivia-diario-di-un-fotografo-visionario\/bolivia_20\/'><img loading=\"lazy\" decoding=\"async\" width=\"150\" height=\"150\" src=\"https:\/\/fiaf.net\/portfolioitalia\/wp-content\/uploads\/sites\/27\/2015\/02\/Bolivia_20-150x150.jpg\" class=\"attachment-thumbnail size-thumbnail\" alt=\"\" \/><\/a>\n\t\t\t<\/div><\/figure><figure class='gallery-item'>\n\t\t\t<div class='gallery-icon landscape'>\n\t\t\t\t<a href='https:\/\/fiaf.net\/portfolioitalia\/francesco-comello-bolivia-diario-di-un-fotografo-visionario\/bolivia_23\/'><img loading=\"lazy\" decoding=\"async\" width=\"150\" height=\"150\" src=\"https:\/\/fiaf.net\/portfolioitalia\/wp-content\/uploads\/sites\/27\/2015\/02\/Bolivia_23-150x150.jpg\" class=\"attachment-thumbnail size-thumbnail\" alt=\"\" \/><\/a>\n\t\t\t<\/div><\/figure><figure class='gallery-item'>\n\t\t\t<div class='gallery-icon landscape'>\n\t\t\t\t<a href='https:\/\/fiaf.net\/portfolioitalia\/francesco-comello-bolivia-diario-di-un-fotografo-visionario\/bolivia_24\/'><img loading=\"lazy\" decoding=\"async\" width=\"150\" height=\"150\" src=\"https:\/\/fiaf.net\/portfolioitalia\/wp-content\/uploads\/sites\/27\/2015\/02\/Bolivia_24-150x150.jpg\" class=\"attachment-thumbnail size-thumbnail\" alt=\"\" \/><\/a>\n\t\t\t<\/div><\/figure><figure class='gallery-item'>\n\t\t\t<div class='gallery-icon landscape'>\n\t\t\t\t<a href='https:\/\/fiaf.net\/portfolioitalia\/francesco-comello-bolivia-diario-di-un-fotografo-visionario\/bolivia_25\/'><img loading=\"lazy\" decoding=\"async\" width=\"150\" height=\"150\" src=\"https:\/\/fiaf.net\/portfolioitalia\/wp-content\/uploads\/sites\/27\/2015\/02\/Bolivia_25-150x150.jpg\" class=\"attachment-thumbnail size-thumbnail\" alt=\"\" \/><\/a>\n\t\t\t<\/div><\/figure><figure class='gallery-item'>\n\t\t\t<div class='gallery-icon landscape'>\n\t\t\t\t<a href='https:\/\/fiaf.net\/portfolioitalia\/francesco-comello-bolivia-diario-di-un-fotografo-visionario\/bolivia_26\/'><img loading=\"lazy\" decoding=\"async\" width=\"150\" height=\"150\" src=\"https:\/\/fiaf.net\/portfolioitalia\/wp-content\/uploads\/sites\/27\/2015\/02\/Bolivia_26-150x150.jpg\" class=\"attachment-thumbnail size-thumbnail\" alt=\"\" \/><\/a>\n\t\t\t<\/div><\/figure><figure class='gallery-item'>\n\t\t\t<div class='gallery-icon landscape'>\n\t\t\t\t<a href='https:\/\/fiaf.net\/portfolioitalia\/francesco-comello-bolivia-diario-di-un-fotografo-visionario\/bolivia_27\/'><img loading=\"lazy\" decoding=\"async\" width=\"150\" height=\"150\" src=\"https:\/\/fiaf.net\/portfolioitalia\/wp-content\/uploads\/sites\/27\/2015\/02\/Bolivia_27-150x150.jpg\" class=\"attachment-thumbnail size-thumbnail\" alt=\"\" \/><\/a>\n\t\t\t<\/div><\/figure><figure class='gallery-item'>\n\t\t\t<div class='gallery-icon landscape'>\n\t\t\t\t<a href='https:\/\/fiaf.net\/portfolioitalia\/francesco-comello-bolivia-diario-di-un-fotografo-visionario\/bolivia_28\/'><img loading=\"lazy\" decoding=\"async\" width=\"150\" height=\"150\" src=\"https:\/\/fiaf.net\/portfolioitalia\/wp-content\/uploads\/sites\/27\/2015\/02\/Bolivia_28-150x150.jpg\" class=\"attachment-thumbnail size-thumbnail\" alt=\"\" \/><\/a>\n\t\t\t<\/div><\/figure><figure class='gallery-item'>\n\t\t\t<div class='gallery-icon landscape'>\n\t\t\t\t<a href='https:\/\/fiaf.net\/portfolioitalia\/francesco-comello-bolivia-diario-di-un-fotografo-visionario\/bolivia_31\/'><img loading=\"lazy\" decoding=\"async\" width=\"150\" height=\"150\" src=\"https:\/\/fiaf.net\/portfolioitalia\/wp-content\/uploads\/sites\/27\/2015\/02\/Bolivia_31-150x150.jpg\" class=\"attachment-thumbnail size-thumbnail\" alt=\"\" \/><\/a>\n\t\t\t<\/div><\/figure><figure class='gallery-item'>\n\t\t\t<div class='gallery-icon landscape'>\n\t\t\t\t<a href='https:\/\/fiaf.net\/portfolioitalia\/francesco-comello-bolivia-diario-di-un-fotografo-visionario\/bolivia_32\/'><img loading=\"lazy\" decoding=\"async\" width=\"150\" height=\"150\" src=\"https:\/\/fiaf.net\/portfolioitalia\/wp-content\/uploads\/sites\/27\/2015\/02\/Bolivia_32-150x150.jpg\" class=\"attachment-thumbnail size-thumbnail\" alt=\"\" \/><\/a>\n\t\t\t<\/div><\/figure><figure class='gallery-item'>\n\t\t\t<div class='gallery-icon portrait'>\n\t\t\t\t<a href='https:\/\/fiaf.net\/portfolioitalia\/francesco-comello-bolivia-diario-di-un-fotografo-visionario\/bolivia_33\/'><img loading=\"lazy\" decoding=\"async\" width=\"150\" height=\"150\" src=\"https:\/\/fiaf.net\/portfolioitalia\/wp-content\/uploads\/sites\/27\/2015\/02\/Bolivia_33-150x150.jpg\" class=\"attachment-thumbnail size-thumbnail\" alt=\"\" \/><\/a>\n\t\t\t<\/div><\/figure><figure class='gallery-item'>\n\t\t\t<div class='gallery-icon portrait'>\n\t\t\t\t<a href='https:\/\/fiaf.net\/portfolioitalia\/francesco-comello-bolivia-diario-di-un-fotografo-visionario\/bolivia_34\/'><img loading=\"lazy\" decoding=\"async\" width=\"150\" height=\"150\" src=\"https:\/\/fiaf.net\/portfolioitalia\/wp-content\/uploads\/sites\/27\/2015\/02\/Bolivia_34-150x150.jpg\" class=\"attachment-thumbnail size-thumbnail\" alt=\"\" \/><\/a>\n\t\t\t<\/div><\/figure><figure class='gallery-item'>\n\t\t\t<div class='gallery-icon portrait'>\n\t\t\t\t<a href='https:\/\/fiaf.net\/portfolioitalia\/francesco-comello-bolivia-diario-di-un-fotografo-visionario\/bolivia_35\/'><img loading=\"lazy\" decoding=\"async\" width=\"150\" height=\"150\" src=\"https:\/\/fiaf.net\/portfolioitalia\/wp-content\/uploads\/sites\/27\/2015\/02\/Bolivia_35-150x150.jpg\" class=\"attachment-thumbnail size-thumbnail\" alt=\"\" \/><\/a>\n\t\t\t<\/div><\/figure><figure class='gallery-item'>\n\t\t\t<div class='gallery-icon portrait'>\n\t\t\t\t<a href='https:\/\/fiaf.net\/portfolioitalia\/francesco-comello-bolivia-diario-di-un-fotografo-visionario\/bolivia_36\/'><img loading=\"lazy\" decoding=\"async\" width=\"150\" height=\"150\" src=\"https:\/\/fiaf.net\/portfolioitalia\/wp-content\/uploads\/sites\/27\/2015\/02\/Bolivia_36-150x150.jpg\" class=\"attachment-thumbnail size-thumbnail\" alt=\"\" \/><\/a>\n\t\t\t<\/div><\/figure>\n\t\t<\/div>\n\ndi Lorenza Biasetto<br \/>\nLa cifra stilistica di tanti lavori di Francesco Comello pare essere la sospensione del tempo, in parte legata alla scelta dei temi trattati, in parte dovuta ad una sensibilit\u00e0 meditativa e ad uno sguardo discreto. Ne derivano atmosfere rarefatte e intrise di poesia, anche laddove protagoniste sono scene di quotidianit\u00e0 durissima. Lo stesso titolo del lavoro anticipa il contrasto ossimorico di una realt\u00e0, come quella della Bolivia pi\u00f9 povera, e il punto di vista, quasi contemplativo, del fotografo-viaggiatore udinese, che tenta di ricondurre il mero reportage documentaristico ad una pi\u00f9 ampia visione dell\u2019umana sorte, dove la morte fa parte della vita e ogni evento si relativizza nel flusso dell\u2019esistenza. Non \u00e8 un caso che i colori sgargianti, tipici del paese sudamericano, acquistino nuovi significati in un bianco e nero quasi surreale, adatto a suggerire riflessioni sull\u2019essenzialit\u00e0 del vivere: qui, ricchezza e povert\u00e0, gioia e dolore, lavoro e festa si intrecciano inscindibili, in una raffinata visione fotografica, in grado di stabilire una distanza silenziosa tra la semplice descrizione e il racconto di un viaggio interiore, alla ricerca di equilibrio tra estremi opposti. Sballottato in bus affollati su interminabili piste sterrate, alle pendici di monti che superano i quattromila metri, Francesco raggiunge piccole comunit\u00e0 di lingua Aymara e Quechua, laddove i campesinos sopravvivono di un\u2019agricoltura di sussistenza e di attivit\u00e0 estrattiva. Un viaggio in una grande galleria di metafore viventi, fra gironi danteschi di vecchie miniere, il marasma di carceri gigantesche e isole di speranza per bambine prostitute. Qui il tempo \u00e8 sospeso. La citazione dello scrittore Ray Bradbury, scelta da Comello a chiosa del suo lavoro, parla di un grande orologio che, come un mulino, \u201csetaccia i grani del tempo, quelli pi\u00f9 grossi dei secoli e quelli pi\u00f9 minuscoli degli anni, fino ai chicchi piccolissimi delle ore e dei minuti (&#8230;) spargendo ai quattro venti il polline del tempo\u201d.<br \/>\nBiografia<br \/>\nE\u2019 nato a Udine nel 1963. Dopo aver frequentato la Scuola d\u2019Arte, si diploma e comincia a lavorare nel campo della grafica pubblicitaria e dell\u2019illustrazione. Fin dal tempo della scuola si appassiona di fotografia, ma solo in questi ultimi anni intensifica il suo interesse, con l\u2019intento di produrre dei racconti fotografici. Per far questo compie dei viaggi che lo mettono in contatto con realt\u00e0 lontane e culturalmente diverse dalla sua. Numerose le esposizioni personali e collettive cui ha partecipato: Colletiva FacePhotoNews \u2013 Sassoferrato (2014); Personale Galleria San Fedele \u2013 Milano (2013), partecipazione alla mostra \u201cUno sguardo inadeguato\u201d di Francesco Zizola (CIFA 2013); Collettiva Festival di Fotografia Europea &#8211; Reggio Emilia (2013); Photo Vernissage Saint Petersburg (2011). Fra i numerosi riconoscimenti ottenuti: 1\u00b0 premio Rovereto Immagini (2011 e 2014); Autore dell\u2019anno FIAF &#8211; Friuli VeneziaGiulia (2013); 1\u00b0 premio 12\u00b0 Trieste PhotoFestival (2013); 1\u00ba premio 8\u00b0 Portfolio Trieste (2009).<\/p>\n\n    <div class=\"xs_social_share_widget xs_share_url after_content \t\tmain_content  wslu-style-1 wslu-share-box-shaped wslu-fill-colored wslu-none wslu-share-horizontal wslu-theme-font-no wslu-main_content\">\n\n\t\t\n        <ul>\n\t\t\t        <\/ul>\n    <\/div> \n","protected":false},"excerpt":{"rendered":"<p>di Lorenza Biasetto La cifra stilistica di tanti lavori di Francesco Comello pare essere la sospensione del tempo, in parte &hellip;<\/p>\n","protected":false},"author":64,"featured_media":284,"comment_status":"open","ping_status":"open","sticky":false,"template":"","format":"standard","meta":{"_acf_changed":false,"footnotes":""},"categories":[2],"tags":[],"class_list":["post-259","post","type-post","status-publish","format-standard","has-post-thumbnail","hentry","category-finalisti-2014"],"acf":[],"_links":{"self":[{"href":"https:\/\/fiaf.net\/portfolioitalia\/wp-json\/wp\/v2\/posts\/259","targetHints":{"allow":["GET"]}}],"collection":[{"href":"https:\/\/fiaf.net\/portfolioitalia\/wp-json\/wp\/v2\/posts"}],"about":[{"href":"https:\/\/fiaf.net\/portfolioitalia\/wp-json\/wp\/v2\/types\/post"}],"author":[{"embeddable":true,"href":"https:\/\/fiaf.net\/portfolioitalia\/wp-json\/wp\/v2\/users\/64"}],"replies":[{"embeddable":true,"href":"https:\/\/fiaf.net\/portfolioitalia\/wp-json\/wp\/v2\/comments?post=259"}],"version-history":[{"count":0,"href":"https:\/\/fiaf.net\/portfolioitalia\/wp-json\/wp\/v2\/posts\/259\/revisions"}],"wp:featuredmedia":[{"embeddable":true,"href":"https:\/\/fiaf.net\/portfolioitalia\/wp-json\/wp\/v2\/media\/284"}],"wp:attachment":[{"href":"https:\/\/fiaf.net\/portfolioitalia\/wp-json\/wp\/v2\/media?parent=259"}],"wp:term":[{"taxonomy":"category","embeddable":true,"href":"https:\/\/fiaf.net\/portfolioitalia\/wp-json\/wp\/v2\/categories?post=259"},{"taxonomy":"post_tag","embeddable":true,"href":"https:\/\/fiaf.net\/portfolioitalia\/wp-json\/wp\/v2\/tags?post=259"}],"curies":[{"name":"wp","href":"https:\/\/api.w.org\/{rel}","templated":true}]}}