{"id":2987,"date":"2022-10-04T10:45:15","date_gmt":"2022-10-04T08:45:15","guid":{"rendered":"https:\/\/fiaf.net\/portfolioitalia\/?p=2987"},"modified":"2025-11-03T10:20:56","modified_gmt":"2025-11-03T09:20:56","slug":"risultati-della-decima-tappa-2022","status":"publish","type":"post","link":"https:\/\/fiaf.net\/portfolioitalia\/risultati-della-decima-tappa-2022\/","title":{"rendered":"Risultati della decima Tappa 2022"},"content":{"rendered":"<p>Risultati del <strong>\u00ab7\u00b0 Portfolio sul Po\u00bb<\/strong> decima delle undici Selezioni aderenti al <strong>\u00ab19\u00b0 Portfolio Italia 2022 &#8211; Gran Premio Fujifilm\u00bb<\/strong><\/p>\n<p><!--more--><\/p>\n<p class=\"p1\">Il <strong>\u00ab7\u00b0 Portfolio sul Po\u00bb,<\/strong> organizzato dal Comitato \u201cTorino FotograFIAF\u201d, si \u00e8 svolto nelle giornate dell\u2019<strong>1 e 2 ottobre 2022 a Torino<\/strong>, presso le prestigiose &#8220;Gallerie d&#8217;Italia&#8221;, nello storico Palazzo Turinetti di piazza San Carlo. Agli Incontri hanno partecipato 58 Autori con 69 Portfolio. Sono state effettuate 112 Letture. A conclusione delle due giornate, la Commissione Selezionatrice composta dai Signori Leonello Bertolucci, Federica Cerami, Lorenzo Cicconi Massi, Luigi Erba, Fulvio Merlak (Presidente di Giuria) Massimo Pascutti, Augusto Pieroni e Valentina Tamborra (Barbara Bergaglio ed Elena Givone hanno svolto unicamente funzioni di Lettrici), ha assegnato i riconoscimenti come segue:<\/p>\n<p>________________________________________<\/p>\n<p class=\"p1\"><strong>1\u00b0 Premio<\/strong> a \u00ab<strong>Lo spazio incerto\u00bb<\/strong> di<strong> Pierfranco FORNASIERI<\/strong> di Rivalta di Torino (TO) (Portfolio composto da 2 immagini + 4 dittici in Bianco&amp;Nero realizzati fra il 2020 e il 2021) con la seguente motivazione:<br \/>\n\u00abLa linea di confine fra infanzia ed et\u00e0 adulta \u00e8 un territorio incerto e a tratti spaventoso. Lo sguardo attento ma allo stesso tempo discreto di un padre che accompagna il figlio verso la scoperta di s\u00e9, il giocattolo abbandonato eppure esposto alla vista, lo sguardo di sfida e di presenza che si contrappone a un gesto di protezione, ci raccontano tutta l&#8217;ambivalenza di un&#8217;et\u00e0 dove ogni spigolo pu\u00f2 ferire, poich\u00e9 si \u00e8 ancora carne tenera e totalmente esposta.\u00bb<\/p>\n<p><a href=\"https:\/\/fiaf.net\/portfolioitalia\/wp-content\/uploads\/sites\/27\/2022\/10\/Pierfranco-Fornasieri-Lo-spazio-incerto-06-scaled.jpg\"><img loading=\"lazy\" decoding=\"async\" class=\"alignnone wp-image-2988 size-large\" src=\"https:\/\/fiaf.net\/portfolioitalia\/wp-content\/uploads\/sites\/27\/2022\/10\/Pierfranco-Fornasieri-Lo-spazio-incerto-06-1024x683.jpg\" alt=\"\" width=\"1024\" height=\"683\" srcset=\"https:\/\/fiaf.net\/portfolioitalia\/wp-content\/uploads\/sites\/27\/2022\/10\/Pierfranco-Fornasieri-Lo-spazio-incerto-06-1024x683.jpg 1024w, https:\/\/fiaf.net\/portfolioitalia\/wp-content\/uploads\/sites\/27\/2022\/10\/Pierfranco-Fornasieri-Lo-spazio-incerto-06-300x200.jpg 300w, https:\/\/fiaf.net\/portfolioitalia\/wp-content\/uploads\/sites\/27\/2022\/10\/Pierfranco-Fornasieri-Lo-spazio-incerto-06-768x512.jpg 768w, https:\/\/fiaf.net\/portfolioitalia\/wp-content\/uploads\/sites\/27\/2022\/10\/Pierfranco-Fornasieri-Lo-spazio-incerto-06-1536x1024.jpg 1536w, https:\/\/fiaf.net\/portfolioitalia\/wp-content\/uploads\/sites\/27\/2022\/10\/Pierfranco-Fornasieri-Lo-spazio-incerto-06-2048x1365.jpg 2048w\" sizes=\"auto, (max-width: 1024px) 100vw, 1024px\" \/><\/a><\/p>\n<p><a href=\"https:\/\/fiaf.net\/portfolioitalia\/wp-content\/uploads\/sites\/27\/2022\/10\/Lo-spazio-incerto-Pierfranco-Fornasieri.jpg\"><img loading=\"lazy\" decoding=\"async\" class=\"alignnone wp-image-2989 size-large\" src=\"https:\/\/fiaf.net\/portfolioitalia\/wp-content\/uploads\/sites\/27\/2022\/10\/Lo-spazio-incerto-Pierfranco-Fornasieri-955x1024.jpg\" alt=\"\" width=\"955\" height=\"1024\" srcset=\"https:\/\/fiaf.net\/portfolioitalia\/wp-content\/uploads\/sites\/27\/2022\/10\/Lo-spazio-incerto-Pierfranco-Fornasieri-955x1024.jpg 955w, https:\/\/fiaf.net\/portfolioitalia\/wp-content\/uploads\/sites\/27\/2022\/10\/Lo-spazio-incerto-Pierfranco-Fornasieri-280x300.jpg 280w, https:\/\/fiaf.net\/portfolioitalia\/wp-content\/uploads\/sites\/27\/2022\/10\/Lo-spazio-incerto-Pierfranco-Fornasieri-768x824.jpg 768w, https:\/\/fiaf.net\/portfolioitalia\/wp-content\/uploads\/sites\/27\/2022\/10\/Lo-spazio-incerto-Pierfranco-Fornasieri-1432x1536.jpg 1432w, https:\/\/fiaf.net\/portfolioitalia\/wp-content\/uploads\/sites\/27\/2022\/10\/Lo-spazio-incerto-Pierfranco-Fornasieri.jpg 1653w\" sizes=\"auto, (max-width: 955px) 100vw, 955px\" \/><\/a><\/p>\n<p class=\"p1\">________________________________________<\/p>\n<p class=\"p1\">2\u00b0 Premio a \u00abVietato morire \u2013 Storie di ordinaria resistenza\u00bb di Renata BUSETTINI &amp; Max FERRERO di Torino (Portfolio composto da 10 immagini in Bianco&amp;Nero realizzate fra il 2018 e il 2022) con la seguente motivazione:<br \/>\n\u00abPer la determinazione nel cercare e raccontare storie di donne ad un passo dalla morte. La sapienza compositiva e l&#8217;uso plastico della luce contribuiscono a evidenziare la forza e il lirismo di ogni ritratto.\u00bb<\/p>\n<figure id=\"attachment_2990\" aria-describedby=\"caption-attachment-2990\" style=\"width: 1024px\" class=\"wp-caption alignnone\"><a href=\"https:\/\/fiaf.net\/portfolioitalia\/wp-content\/uploads\/sites\/27\/2022\/10\/Busettini-Ferrero-Vietato-morire-01-Agata-Borghesan-scaled.jpg\"><img loading=\"lazy\" decoding=\"async\" class=\"wp-image-2990 size-large\" src=\"https:\/\/fiaf.net\/portfolioitalia\/wp-content\/uploads\/sites\/27\/2022\/10\/Busettini-Ferrero-Vietato-morire-01-Agata-Borghesan-1024x683.jpg\" alt=\"\" width=\"1024\" height=\"683\" srcset=\"https:\/\/fiaf.net\/portfolioitalia\/wp-content\/uploads\/sites\/27\/2022\/10\/Busettini-Ferrero-Vietato-morire-01-Agata-Borghesan-1024x683.jpg 1024w, https:\/\/fiaf.net\/portfolioitalia\/wp-content\/uploads\/sites\/27\/2022\/10\/Busettini-Ferrero-Vietato-morire-01-Agata-Borghesan-300x200.jpg 300w, https:\/\/fiaf.net\/portfolioitalia\/wp-content\/uploads\/sites\/27\/2022\/10\/Busettini-Ferrero-Vietato-morire-01-Agata-Borghesan-768x512.jpg 768w, https:\/\/fiaf.net\/portfolioitalia\/wp-content\/uploads\/sites\/27\/2022\/10\/Busettini-Ferrero-Vietato-morire-01-Agata-Borghesan-1536x1024.jpg 1536w, https:\/\/fiaf.net\/portfolioitalia\/wp-content\/uploads\/sites\/27\/2022\/10\/Busettini-Ferrero-Vietato-morire-01-Agata-Borghesan-2048x1365.jpg 2048w\" sizes=\"auto, (max-width: 1024px) 100vw, 1024px\" \/><\/a><figcaption id=\"caption-attachment-2990\" class=\"wp-caption-text\">Agata Borghesan<\/figcaption><\/figure>\n<p><a href=\"https:\/\/fiaf.net\/portfolioitalia\/wp-content\/uploads\/sites\/27\/2022\/10\/Vietato-morire-Busettini-Ferrero-2.jpg\"><img loading=\"lazy\" decoding=\"async\" class=\"alignnone wp-image-6617 size-large\" src=\"https:\/\/fiaf.net\/portfolioitalia\/wp-content\/uploads\/sites\/27\/2022\/10\/Vietato-morire-Busettini-Ferrero-2-672x1024.jpg\" alt=\"\" width=\"672\" height=\"1024\" srcset=\"https:\/\/fiaf.net\/portfolioitalia\/wp-content\/uploads\/sites\/27\/2022\/10\/Vietato-morire-Busettini-Ferrero-2-672x1024.jpg 672w, https:\/\/fiaf.net\/portfolioitalia\/wp-content\/uploads\/sites\/27\/2022\/10\/Vietato-morire-Busettini-Ferrero-2-197x300.jpg 197w, https:\/\/fiaf.net\/portfolioitalia\/wp-content\/uploads\/sites\/27\/2022\/10\/Vietato-morire-Busettini-Ferrero-2-768x1170.jpg 768w, https:\/\/fiaf.net\/portfolioitalia\/wp-content\/uploads\/sites\/27\/2022\/10\/Vietato-morire-Busettini-Ferrero-2-1008x1536.jpg 1008w, https:\/\/fiaf.net\/portfolioitalia\/wp-content\/uploads\/sites\/27\/2022\/10\/Vietato-morire-Busettini-Ferrero-2-1344x2048.jpg 1344w, https:\/\/fiaf.net\/portfolioitalia\/wp-content\/uploads\/sites\/27\/2022\/10\/Vietato-morire-Busettini-Ferrero-2.jpg 1513w\" sizes=\"auto, (max-width: 672px) 100vw, 672px\" \/><\/a><\/p>\n<p class=\"p1\">________________________________________<\/p>\n<p class=\"p1\"><strong>Segnalazione a \u00abQuesti bravi ragazzi\u00bb di Francesco NOLA di Paese (TV)<\/strong><\/p>\n<p class=\"p1\"><strong>Portfolio selezionati<\/strong> dai singoli Giurati (a seguito delle letture effettuate) per l\u2019assegnazione dei Premi finali:<br \/>\n\u00abVietato morire\u00bb di Renata BUSETTINI &amp; Max FERRERO di Torino;<br \/>\n\u00abRadici\u00bb di Candido CUPERTINO di Torino;<br \/>\n\u00abFuori stagione\u00bb di Silvia DE BLASI di Torino;<br \/>\n\u00abLo spazio incerto\u00bb di Pierfranco FORNASIERI di Rivalta di Torino (TO);<br \/>\n\u00abSummer Camp\u00bb di Dino JASAREVIC di Torino;<br \/>\n\u00abAftermath\u00bb di Mattia MARINOLLI di Torino;<br \/>\n\u00abAtlante\u00bb di Giovanna MATASSONI di Cigognola (PV);<br \/>\n\u00abCamera equestre\u00bb di Matteo MONTESANO di Torino;<br \/>\n\u00abQuesti bravi ragazzi\u00bb di Francesco NOLA di Paese (TV);<br \/>\n\u00abUnderworld\u00bb di Paola PARODI di Torino;<br \/>\n\u00abMarseille Fos\u00bb di Claudio PASTRONE di Trofarello (TO);<br \/>\n\u00abWorkers are not (just) shadows\u00bb di Stefano PIERINI di Torino;<br \/>\n\u00ab#diabetebastardo\u00bb di Enrica PONTIN di Bassano del Grappa (VI);<br \/>\n\u00abLegami indivisibili\u00bb di Cristina RASICCI di Mappano (TO);<br \/>\n\u00abL\u2019invasione dell\u2019acqua\u00bb di Clara TONIOLO di Torino.<\/p>\n<p class=\"p1\">I due Autori del 1\u00b0 e 2\u00b0 Premio riceveranno dalla FIAF l&#8217;invito a partecipare alla Selezione conclusiva, facendo pervenire, <strong>entro domenica 16 ottobre 2022<\/strong>, i rispettivi Portfolio (in formato cartaceo) al seguente indirizzo: \u201cCentro Italiano della Fotografia d\u2019Autore\u201d Via delle Monache, 2 \u2013 52011 Bibbiena (AR) <span class=\"s1\">Tel. 05751653924 <\/span><a href=\"mailto:segreteria@centrofotografia.org\" target=\"_blank\" rel=\"noopener\">segreteria@centrofotografia.org<\/a><\/p>\n<p class=\"p1\">Tutti i portfolio premiati (1\u00b0 e 2\u00b0 Premio) nel corso del Circuito di \u00abPortfolio Italia 2022 \u2013 Gran Premio Fujifilm\u00bb saranno esposti a Bibbiena (AR), presso il \u201cCentro Italiano della Fotografia d\u2019Autore\u201d. La Mostra sar\u00e0 inaugurata <strong>sabato 26 novembre 2022<\/strong>. Nel corso della giornata inaugurale saranno resi noti i tre portfolio Finalisti e, subito dopo, sar\u00e0 proclamato il \u201c<strong>PORTFOLIO ITALIA<\/strong>\u201d edizione 2022.<\/p>\n<p class=\"p1\">L\u2019undicesima e ultima Manifestazione in programma, il \u00ab<strong>12\u00b0 Premio Maria Luigia<\/strong>\u00bb, organizzato dal \u201cGruppo Fotografico Color&#8217;s Light\u201d, si svolger\u00e0 (nell&#8217;ambito del \u201d13\u00b0 Colorno Photo Life\u201d), nelle giornate del <strong>15 e 16 ottobre 2022, a Colorno (Parma)<\/strong>, presso l\u2019Aranciaia (Museo MUPAC) sita in Piazzale Vittorio Veneto, 22<\/p>\n\n    <div class=\"xs_social_share_widget xs_share_url after_content \t\tmain_content  wslu-style-1 wslu-share-box-shaped wslu-fill-colored wslu-none wslu-share-horizontal wslu-theme-font-no wslu-main_content\">\n\n\t\t\n        <ul>\n\t\t\t        <\/ul>\n    <\/div> \n","protected":false},"excerpt":{"rendered":"<p>Risultati del \u00ab7\u00b0 Portfolio sul Po\u00bb decima delle undici Selezioni aderenti al \u00ab19\u00b0 Portfolio Italia 2022 &#8211; Gran Premio Fujifilm\u00bb &hellip;<\/p>\n","protected":false},"author":63,"featured_media":2988,"comment_status":"open","ping_status":"open","sticky":false,"template":"","format":"standard","meta":{"_acf_changed":false,"footnotes":""},"categories":[29],"tags":[],"class_list":["post-2987","post","type-post","status-publish","format-standard","has-post-thumbnail","hentry","category-risultati-tappe-2022"],"acf":[],"_links":{"self":[{"href":"https:\/\/fiaf.net\/portfolioitalia\/wp-json\/wp\/v2\/posts\/2987","targetHints":{"allow":["GET"]}}],"collection":[{"href":"https:\/\/fiaf.net\/portfolioitalia\/wp-json\/wp\/v2\/posts"}],"about":[{"href":"https:\/\/fiaf.net\/portfolioitalia\/wp-json\/wp\/v2\/types\/post"}],"author":[{"embeddable":true,"href":"https:\/\/fiaf.net\/portfolioitalia\/wp-json\/wp\/v2\/users\/63"}],"replies":[{"embeddable":true,"href":"https:\/\/fiaf.net\/portfolioitalia\/wp-json\/wp\/v2\/comments?post=2987"}],"version-history":[{"count":5,"href":"https:\/\/fiaf.net\/portfolioitalia\/wp-json\/wp\/v2\/posts\/2987\/revisions"}],"predecessor-version":[{"id":6618,"href":"https:\/\/fiaf.net\/portfolioitalia\/wp-json\/wp\/v2\/posts\/2987\/revisions\/6618"}],"wp:featuredmedia":[{"embeddable":true,"href":"https:\/\/fiaf.net\/portfolioitalia\/wp-json\/wp\/v2\/media\/2988"}],"wp:attachment":[{"href":"https:\/\/fiaf.net\/portfolioitalia\/wp-json\/wp\/v2\/media?parent=2987"}],"wp:term":[{"taxonomy":"category","embeddable":true,"href":"https:\/\/fiaf.net\/portfolioitalia\/wp-json\/wp\/v2\/categories?post=2987"},{"taxonomy":"post_tag","embeddable":true,"href":"https:\/\/fiaf.net\/portfolioitalia\/wp-json\/wp\/v2\/tags?post=2987"}],"curies":[{"name":"wp","href":"https:\/\/api.w.org\/{rel}","templated":true}]}}