{"id":3105,"date":"2022-12-04T15:27:10","date_gmt":"2022-12-04T14:27:10","guid":{"rendered":"https:\/\/fiaf.net\/portfolioitalia\/?p=3105"},"modified":"2023-04-17T18:57:46","modified_gmt":"2023-04-17T16:57:46","slug":"stefania-adami-adagio-napoletano-2-premio-ex-aequo","status":"publish","type":"post","link":"https:\/\/fiaf.net\/portfolioitalia\/stefania-adami-adagio-napoletano-2-premio-ex-aequo\/","title":{"rendered":"Stefania Adami \/ Adagio Napoletano &#8211; 2\u00b0 Premio ex-aequo 2022"},"content":{"rendered":"<p><strong>Opera 2\u00b0 Premio ex-aequo Portfolio Italia 2022<\/strong><br \/>\n<!--more--><\/p>\n<div id='gallery-1' class='gallery galleryid-3105 gallery-columns-3 gallery-size-thumbnail'><figure class='gallery-item'>\n\t\t\t<div class='gallery-icon landscape'>\n\t\t\t\t<a href='https:\/\/fiaf.net\/portfolioitalia\/wp-content\/uploads\/sites\/27\/2022\/11\/Stefania-Adami-Adagio-Napoletano-01-scaled.jpg'><img loading=\"lazy\" decoding=\"async\" width=\"150\" height=\"150\" src=\"https:\/\/fiaf.net\/portfolioitalia\/wp-content\/uploads\/sites\/27\/2022\/11\/Stefania-Adami-Adagio-Napoletano-01-150x150.jpg\" class=\"attachment-thumbnail size-thumbnail\" alt=\"\" \/><\/a>\n\t\t\t<\/div><\/figure><figure class='gallery-item'>\n\t\t\t<div class='gallery-icon landscape'>\n\t\t\t\t<a href='https:\/\/fiaf.net\/portfolioitalia\/wp-content\/uploads\/sites\/27\/2022\/11\/Stefania-Adami-Adagio-Napoletano-02-scaled.jpg'><img loading=\"lazy\" decoding=\"async\" width=\"150\" height=\"150\" src=\"https:\/\/fiaf.net\/portfolioitalia\/wp-content\/uploads\/sites\/27\/2022\/11\/Stefania-Adami-Adagio-Napoletano-02-150x150.jpg\" class=\"attachment-thumbnail size-thumbnail\" alt=\"\" \/><\/a>\n\t\t\t<\/div><\/figure><figure class='gallery-item'>\n\t\t\t<div class='gallery-icon landscape'>\n\t\t\t\t<a href='https:\/\/fiaf.net\/portfolioitalia\/wp-content\/uploads\/sites\/27\/2022\/11\/Stefania-Adami-Adagio-Napoletano-03-scaled.jpg'><img loading=\"lazy\" decoding=\"async\" width=\"150\" height=\"150\" src=\"https:\/\/fiaf.net\/portfolioitalia\/wp-content\/uploads\/sites\/27\/2022\/11\/Stefania-Adami-Adagio-Napoletano-03-150x150.jpg\" class=\"attachment-thumbnail size-thumbnail\" alt=\"\" \/><\/a>\n\t\t\t<\/div><\/figure><figure class='gallery-item'>\n\t\t\t<div class='gallery-icon landscape'>\n\t\t\t\t<a href='https:\/\/fiaf.net\/portfolioitalia\/wp-content\/uploads\/sites\/27\/2022\/11\/Stefania-Adami-Adagio-Napoletano-04-scaled.jpg'><img loading=\"lazy\" decoding=\"async\" width=\"150\" height=\"150\" src=\"https:\/\/fiaf.net\/portfolioitalia\/wp-content\/uploads\/sites\/27\/2022\/11\/Stefania-Adami-Adagio-Napoletano-04-150x150.jpg\" class=\"attachment-thumbnail size-thumbnail\" alt=\"\" \/><\/a>\n\t\t\t<\/div><\/figure><figure class='gallery-item'>\n\t\t\t<div class='gallery-icon landscape'>\n\t\t\t\t<a href='https:\/\/fiaf.net\/portfolioitalia\/wp-content\/uploads\/sites\/27\/2022\/11\/Stefania-Adami-Adagio-Napoletano-05-scaled.jpg'><img loading=\"lazy\" decoding=\"async\" width=\"150\" height=\"150\" src=\"https:\/\/fiaf.net\/portfolioitalia\/wp-content\/uploads\/sites\/27\/2022\/11\/Stefania-Adami-Adagio-Napoletano-05-150x150.jpg\" class=\"attachment-thumbnail size-thumbnail\" alt=\"\" \/><\/a>\n\t\t\t<\/div><\/figure><figure class='gallery-item'>\n\t\t\t<div class='gallery-icon landscape'>\n\t\t\t\t<a href='https:\/\/fiaf.net\/portfolioitalia\/wp-content\/uploads\/sites\/27\/2022\/11\/Stefania-Adami-Adagio-Napoletano-06-scaled.jpg'><img loading=\"lazy\" decoding=\"async\" width=\"150\" height=\"150\" src=\"https:\/\/fiaf.net\/portfolioitalia\/wp-content\/uploads\/sites\/27\/2022\/11\/Stefania-Adami-Adagio-Napoletano-06-150x150.jpg\" class=\"attachment-thumbnail size-thumbnail\" alt=\"\" \/><\/a>\n\t\t\t<\/div><\/figure><figure class='gallery-item'>\n\t\t\t<div class='gallery-icon landscape'>\n\t\t\t\t<a href='https:\/\/fiaf.net\/portfolioitalia\/wp-content\/uploads\/sites\/27\/2022\/11\/Stefania-Adami-Adagio-Napoletano-07-scaled.jpg'><img loading=\"lazy\" decoding=\"async\" width=\"150\" height=\"150\" src=\"https:\/\/fiaf.net\/portfolioitalia\/wp-content\/uploads\/sites\/27\/2022\/11\/Stefania-Adami-Adagio-Napoletano-07-150x150.jpg\" class=\"attachment-thumbnail size-thumbnail\" alt=\"\" \/><\/a>\n\t\t\t<\/div><\/figure><figure class='gallery-item'>\n\t\t\t<div class='gallery-icon landscape'>\n\t\t\t\t<a href='https:\/\/fiaf.net\/portfolioitalia\/wp-content\/uploads\/sites\/27\/2022\/11\/Stefania-Adami-Adagio-Napoletano-08-scaled.jpg'><img loading=\"lazy\" decoding=\"async\" width=\"150\" height=\"150\" src=\"https:\/\/fiaf.net\/portfolioitalia\/wp-content\/uploads\/sites\/27\/2022\/11\/Stefania-Adami-Adagio-Napoletano-08-150x150.jpg\" class=\"attachment-thumbnail size-thumbnail\" alt=\"\" \/><\/a>\n\t\t\t<\/div><\/figure><figure class='gallery-item'>\n\t\t\t<div class='gallery-icon landscape'>\n\t\t\t\t<a href='https:\/\/fiaf.net\/portfolioitalia\/wp-content\/uploads\/sites\/27\/2022\/11\/Stefania-Adami-Adagio-Napoletano-09-scaled.jpg'><img loading=\"lazy\" decoding=\"async\" width=\"150\" height=\"150\" src=\"https:\/\/fiaf.net\/portfolioitalia\/wp-content\/uploads\/sites\/27\/2022\/11\/Stefania-Adami-Adagio-Napoletano-09-150x150.jpg\" class=\"attachment-thumbnail size-thumbnail\" alt=\"\" \/><\/a>\n\t\t\t<\/div><\/figure><figure class='gallery-item'>\n\t\t\t<div class='gallery-icon landscape'>\n\t\t\t\t<a href='https:\/\/fiaf.net\/portfolioitalia\/wp-content\/uploads\/sites\/27\/2022\/11\/Stefania-Adami-Adagio-Napoletano-10-scaled.jpg'><img loading=\"lazy\" decoding=\"async\" width=\"150\" height=\"150\" src=\"https:\/\/fiaf.net\/portfolioitalia\/wp-content\/uploads\/sites\/27\/2022\/11\/Stefania-Adami-Adagio-Napoletano-10-150x150.jpg\" class=\"attachment-thumbnail size-thumbnail\" alt=\"\" \/><\/a>\n\t\t\t<\/div><\/figure><figure class='gallery-item'>\n\t\t\t<div class='gallery-icon landscape'>\n\t\t\t\t<a href='https:\/\/fiaf.net\/portfolioitalia\/wp-content\/uploads\/sites\/27\/2022\/11\/Stefania-Adami-Adagio-Napoletano-11-scaled.jpg'><img loading=\"lazy\" decoding=\"async\" width=\"150\" height=\"150\" src=\"https:\/\/fiaf.net\/portfolioitalia\/wp-content\/uploads\/sites\/27\/2022\/11\/Stefania-Adami-Adagio-Napoletano-11-150x150.jpg\" class=\"attachment-thumbnail size-thumbnail\" alt=\"\" \/><\/a>\n\t\t\t<\/div><\/figure><figure class='gallery-item'>\n\t\t\t<div class='gallery-icon landscape'>\n\t\t\t\t<a href='https:\/\/fiaf.net\/portfolioitalia\/wp-content\/uploads\/sites\/27\/2022\/11\/Stefania-Adami-Adagio-Napoletano-12-scaled.jpg'><img loading=\"lazy\" decoding=\"async\" width=\"150\" height=\"150\" src=\"https:\/\/fiaf.net\/portfolioitalia\/wp-content\/uploads\/sites\/27\/2022\/11\/Stefania-Adami-Adagio-Napoletano-12-150x150.jpg\" class=\"attachment-thumbnail size-thumbnail\" alt=\"\" \/><\/a>\n\t\t\t<\/div><\/figure><figure class='gallery-item'>\n\t\t\t<div class='gallery-icon landscape'>\n\t\t\t\t<a href='https:\/\/fiaf.net\/portfolioitalia\/wp-content\/uploads\/sites\/27\/2022\/11\/Stefania-Adami-Adagio-Napoletano-13-scaled.jpg'><img loading=\"lazy\" decoding=\"async\" width=\"150\" height=\"150\" src=\"https:\/\/fiaf.net\/portfolioitalia\/wp-content\/uploads\/sites\/27\/2022\/11\/Stefania-Adami-Adagio-Napoletano-13-150x150.jpg\" class=\"attachment-thumbnail size-thumbnail\" alt=\"\" \/><\/a>\n\t\t\t<\/div><\/figure><figure class='gallery-item'>\n\t\t\t<div class='gallery-icon landscape'>\n\t\t\t\t<a href='https:\/\/fiaf.net\/portfolioitalia\/wp-content\/uploads\/sites\/27\/2022\/11\/Stefania-Adami-Adagio-Napoletano-14-scaled.jpg'><img loading=\"lazy\" decoding=\"async\" width=\"150\" height=\"150\" src=\"https:\/\/fiaf.net\/portfolioitalia\/wp-content\/uploads\/sites\/27\/2022\/11\/Stefania-Adami-Adagio-Napoletano-14-150x150.jpg\" class=\"attachment-thumbnail size-thumbnail\" alt=\"\" \/><\/a>\n\t\t\t<\/div><\/figure><figure class='gallery-item'>\n\t\t\t<div class='gallery-icon landscape'>\n\t\t\t\t<a href='https:\/\/fiaf.net\/portfolioitalia\/wp-content\/uploads\/sites\/27\/2022\/11\/Stefania-Adami-Adagio-Napoletano-15-scaled.jpg'><img loading=\"lazy\" decoding=\"async\" width=\"150\" height=\"150\" src=\"https:\/\/fiaf.net\/portfolioitalia\/wp-content\/uploads\/sites\/27\/2022\/11\/Stefania-Adami-Adagio-Napoletano-15-150x150.jpg\" class=\"attachment-thumbnail size-thumbnail\" alt=\"\" \/><\/a>\n\t\t\t<\/div><\/figure><figure class='gallery-item'>\n\t\t\t<div class='gallery-icon landscape'>\n\t\t\t\t<a href='https:\/\/fiaf.net\/portfolioitalia\/wp-content\/uploads\/sites\/27\/2022\/11\/Stefania-Adami-Adagio-Napoletano-16-scaled.jpg'><img loading=\"lazy\" decoding=\"async\" width=\"150\" height=\"150\" src=\"https:\/\/fiaf.net\/portfolioitalia\/wp-content\/uploads\/sites\/27\/2022\/11\/Stefania-Adami-Adagio-Napoletano-16-150x150.jpg\" class=\"attachment-thumbnail size-thumbnail\" alt=\"\" \/><\/a>\n\t\t\t<\/div><\/figure><figure class='gallery-item'>\n\t\t\t<div class='gallery-icon landscape'>\n\t\t\t\t<a href='https:\/\/fiaf.net\/portfolioitalia\/wp-content\/uploads\/sites\/27\/2022\/11\/Stefania-Adami-Adagio-Napoletano-17-scaled.jpg'><img loading=\"lazy\" decoding=\"async\" width=\"150\" height=\"150\" src=\"https:\/\/fiaf.net\/portfolioitalia\/wp-content\/uploads\/sites\/27\/2022\/11\/Stefania-Adami-Adagio-Napoletano-17-150x150.jpg\" class=\"attachment-thumbnail size-thumbnail\" alt=\"\" \/><\/a>\n\t\t\t<\/div><\/figure><figure class='gallery-item'>\n\t\t\t<div class='gallery-icon landscape'>\n\t\t\t\t<a href='https:\/\/fiaf.net\/portfolioitalia\/wp-content\/uploads\/sites\/27\/2022\/11\/Stefania-Adami-Adagio-Napoletano-18-scaled.jpg'><img loading=\"lazy\" decoding=\"async\" width=\"150\" height=\"150\" src=\"https:\/\/fiaf.net\/portfolioitalia\/wp-content\/uploads\/sites\/27\/2022\/11\/Stefania-Adami-Adagio-Napoletano-18-150x150.jpg\" class=\"attachment-thumbnail size-thumbnail\" alt=\"\" \/><\/a>\n\t\t\t<\/div><\/figure><figure class='gallery-item'>\n\t\t\t<div class='gallery-icon landscape'>\n\t\t\t\t<a href='https:\/\/fiaf.net\/portfolioitalia\/wp-content\/uploads\/sites\/27\/2022\/11\/Stefania-Adami-Adagio-Napoletano-19-scaled.jpg'><img loading=\"lazy\" decoding=\"async\" width=\"150\" height=\"150\" src=\"https:\/\/fiaf.net\/portfolioitalia\/wp-content\/uploads\/sites\/27\/2022\/11\/Stefania-Adami-Adagio-Napoletano-19-150x150.jpg\" class=\"attachment-thumbnail size-thumbnail\" alt=\"\" \/><\/a>\n\t\t\t<\/div><\/figure><figure class='gallery-item'>\n\t\t\t<div class='gallery-icon landscape'>\n\t\t\t\t<a href='https:\/\/fiaf.net\/portfolioitalia\/wp-content\/uploads\/sites\/27\/2022\/11\/Stefania-Adami-Adagio-Napoletano-20-scaled.jpg'><img loading=\"lazy\" decoding=\"async\" width=\"150\" height=\"150\" src=\"https:\/\/fiaf.net\/portfolioitalia\/wp-content\/uploads\/sites\/27\/2022\/11\/Stefania-Adami-Adagio-Napoletano-20-150x150.jpg\" class=\"attachment-thumbnail size-thumbnail\" alt=\"\" \/><\/a>\n\t\t\t<\/div><\/figure><figure class='gallery-item'>\n\t\t\t<div class='gallery-icon landscape'>\n\t\t\t\t<a href='https:\/\/fiaf.net\/portfolioitalia\/wp-content\/uploads\/sites\/27\/2022\/11\/Stefania-Adami-Adagio-Napoletano-21-scaled.jpg'><img loading=\"lazy\" decoding=\"async\" width=\"150\" height=\"150\" src=\"https:\/\/fiaf.net\/portfolioitalia\/wp-content\/uploads\/sites\/27\/2022\/11\/Stefania-Adami-Adagio-Napoletano-21-150x150.jpg\" class=\"attachment-thumbnail size-thumbnail\" alt=\"\" \/><\/a>\n\t\t\t<\/div><\/figure><figure class='gallery-item'>\n\t\t\t<div class='gallery-icon landscape'>\n\t\t\t\t<a href='https:\/\/fiaf.net\/portfolioitalia\/wp-content\/uploads\/sites\/27\/2022\/11\/Stefania-Adami-Adagio-Napoletano-22-scaled.jpg'><img loading=\"lazy\" decoding=\"async\" width=\"150\" height=\"150\" src=\"https:\/\/fiaf.net\/portfolioitalia\/wp-content\/uploads\/sites\/27\/2022\/11\/Stefania-Adami-Adagio-Napoletano-22-150x150.jpg\" class=\"attachment-thumbnail size-thumbnail\" alt=\"\" \/><\/a>\n\t\t\t<\/div><\/figure><figure class='gallery-item'>\n\t\t\t<div class='gallery-icon landscape'>\n\t\t\t\t<a href='https:\/\/fiaf.net\/portfolioitalia\/wp-content\/uploads\/sites\/27\/2022\/11\/Stefania-Adami-Adagio-Napoletano-23-scaled.jpg'><img loading=\"lazy\" decoding=\"async\" width=\"150\" height=\"150\" src=\"https:\/\/fiaf.net\/portfolioitalia\/wp-content\/uploads\/sites\/27\/2022\/11\/Stefania-Adami-Adagio-Napoletano-23-150x150.jpg\" class=\"attachment-thumbnail size-thumbnail\" alt=\"\" \/><\/a>\n\t\t\t<\/div><\/figure><figure class='gallery-item'>\n\t\t\t<div class='gallery-icon landscape'>\n\t\t\t\t<a href='https:\/\/fiaf.net\/portfolioitalia\/wp-content\/uploads\/sites\/27\/2022\/11\/Stefania-Adami-Adagio-Napoletano-24-scaled.jpg'><img loading=\"lazy\" decoding=\"async\" width=\"150\" height=\"150\" src=\"https:\/\/fiaf.net\/portfolioitalia\/wp-content\/uploads\/sites\/27\/2022\/11\/Stefania-Adami-Adagio-Napoletano-24-150x150.jpg\" class=\"attachment-thumbnail size-thumbnail\" alt=\"\" \/><\/a>\n\t\t\t<\/div><\/figure><figure class='gallery-item'>\n\t\t\t<div class='gallery-icon landscape'>\n\t\t\t\t<a href='https:\/\/fiaf.net\/portfolioitalia\/wp-content\/uploads\/sites\/27\/2022\/11\/Stefania-Adami-Adagio-Napoletano-25-scaled.jpg'><img loading=\"lazy\" decoding=\"async\" width=\"150\" height=\"150\" src=\"https:\/\/fiaf.net\/portfolioitalia\/wp-content\/uploads\/sites\/27\/2022\/11\/Stefania-Adami-Adagio-Napoletano-25-150x150.jpg\" class=\"attachment-thumbnail size-thumbnail\" alt=\"\" \/><\/a>\n\t\t\t<\/div><\/figure><figure class='gallery-item'>\n\t\t\t<div class='gallery-icon landscape'>\n\t\t\t\t<a href='https:\/\/fiaf.net\/portfolioitalia\/wp-content\/uploads\/sites\/27\/2022\/11\/Stefania-Adami-Adagio-Napoletano-26-scaled.jpg'><img loading=\"lazy\" decoding=\"async\" width=\"150\" height=\"150\" src=\"https:\/\/fiaf.net\/portfolioitalia\/wp-content\/uploads\/sites\/27\/2022\/11\/Stefania-Adami-Adagio-Napoletano-26-150x150.jpg\" class=\"attachment-thumbnail size-thumbnail\" alt=\"\" \/><\/a>\n\t\t\t<\/div><\/figure><figure class='gallery-item'>\n\t\t\t<div class='gallery-icon landscape'>\n\t\t\t\t<a href='https:\/\/fiaf.net\/portfolioitalia\/wp-content\/uploads\/sites\/27\/2022\/11\/Stefania-Adami-Adagio-Napoletano-27-scaled.jpg'><img loading=\"lazy\" decoding=\"async\" width=\"150\" height=\"150\" src=\"https:\/\/fiaf.net\/portfolioitalia\/wp-content\/uploads\/sites\/27\/2022\/11\/Stefania-Adami-Adagio-Napoletano-27-150x150.jpg\" class=\"attachment-thumbnail size-thumbnail\" alt=\"\" \/><\/a>\n\t\t\t<\/div><\/figure><figure class='gallery-item'>\n\t\t\t<div class='gallery-icon landscape'>\n\t\t\t\t<a href='https:\/\/fiaf.net\/portfolioitalia\/wp-content\/uploads\/sites\/27\/2022\/11\/Stefania-Adami-Adagio-Napoletano-28-scaled.jpg'><img loading=\"lazy\" decoding=\"async\" width=\"150\" height=\"150\" src=\"https:\/\/fiaf.net\/portfolioitalia\/wp-content\/uploads\/sites\/27\/2022\/11\/Stefania-Adami-Adagio-Napoletano-28-150x150.jpg\" class=\"attachment-thumbnail size-thumbnail\" alt=\"\" \/><\/a>\n\t\t\t<\/div><\/figure><figure class='gallery-item'>\n\t\t\t<div class='gallery-icon landscape'>\n\t\t\t\t<a href='https:\/\/fiaf.net\/portfolioitalia\/wp-content\/uploads\/sites\/27\/2022\/11\/Stefania-Adami-Adagio-Napoletano-29-scaled.jpg'><img loading=\"lazy\" decoding=\"async\" width=\"150\" height=\"150\" src=\"https:\/\/fiaf.net\/portfolioitalia\/wp-content\/uploads\/sites\/27\/2022\/11\/Stefania-Adami-Adagio-Napoletano-29-150x150.jpg\" class=\"attachment-thumbnail size-thumbnail\" alt=\"\" \/><\/a>\n\t\t\t<\/div><\/figure><figure class='gallery-item'>\n\t\t\t<div class='gallery-icon landscape'>\n\t\t\t\t<a href='https:\/\/fiaf.net\/portfolioitalia\/wp-content\/uploads\/sites\/27\/2022\/11\/Stefania-Adami-Adagio-Napoletano-30-scaled.jpg'><img loading=\"lazy\" decoding=\"async\" width=\"150\" height=\"150\" src=\"https:\/\/fiaf.net\/portfolioitalia\/wp-content\/uploads\/sites\/27\/2022\/11\/Stefania-Adami-Adagio-Napoletano-30-150x150.jpg\" class=\"attachment-thumbnail size-thumbnail\" alt=\"\" \/><\/a>\n\t\t\t<\/div><\/figure><figure class='gallery-item'>\n\t\t\t<div class='gallery-icon landscape'>\n\t\t\t\t<a href='https:\/\/fiaf.net\/portfolioitalia\/wp-content\/uploads\/sites\/27\/2022\/11\/Stefania-Adami-Adagio-Napoletano-31-scaled.jpg'><img loading=\"lazy\" decoding=\"async\" width=\"150\" height=\"150\" src=\"https:\/\/fiaf.net\/portfolioitalia\/wp-content\/uploads\/sites\/27\/2022\/11\/Stefania-Adami-Adagio-Napoletano-31-150x150.jpg\" class=\"attachment-thumbnail size-thumbnail\" alt=\"\" \/><\/a>\n\t\t\t<\/div><\/figure>\n\t\t<\/div>\n\n<p><em>di Luisa Bondoni<\/em><\/p>\n<p class=\"p1\"><em>Adagio Napoletano<\/em> dimostra come si possano raccontare storie ancora oggi, riuscendo ad essere originali e personali. Dimostra come sia importante <em>l\u2019ombra<\/em> del fotografo che si nasconde dietro la macchina fotografica, come la sua esperienza personale influenzi e arricchisca l\u2019esito finale del lavoro. Napoli \u00e8, per antonomasia, riconducibile ad alcuni stereotipi: la si dipinge spesso come rumorosa, affollata, a volte eccessiva, legata al folklore e a miti laici e religiosi. In passato Napoli \u00e8 stata pi\u00f9 volte soggetto di grandi fotografi: nel 1962 esce il volume <em>Napoli una citt\u00e0 nei suoi personaggi<\/em> con testi di Vittorio De Sica e fotografie del tedesco Herbert List. Il titolo stesso del libro suggerisce per\u00f2 l\u2019aspetto pi\u00f9 importante di questa citt\u00e0, perch\u00e9 sancisce quel connubio imprescindibile tra il luogo e le sue genti. Stefania Adami racconta la complessit\u00e0 dei Quartieri Spagnoli, quel tessuto urbano che aveva conosciuto trent\u2019anni fa e che si \u00e8 trovata a riscoprire oggi, come una sorta di contemporaneo fl\u00e2neur, libera dai pregiudizi e con la sola voglia di conoscere e di creare uno scambio con i suoi abitanti. Le case hanno le porte spalancate, non c\u2019\u00e8 separazione tra vita privata e pubblica, le finestre sono la connessione tra l\u2019interno intimo e familiare e l\u2019esterno. I protagonisti si affacciano, ridono, scrutano, lavorano, sospirano e sognano. Qualcuno semplicemente fuma, avvolto da una nebbia acre e densa di una sigaretta, circondato dai simboli di quella religiosit\u00e0 che tanto \u00e8 presente in ogni angolo di questi vicoli. Siamo lontani dalle porte chiuse, dalle inquietanti finestre cieche di Mimmo Jodice in <em>Vedute di Napoli<\/em> pubblicato nel 1980. Influenzato dal surrealismo e dalla metafisica, l\u2019autrice ci pone in una condizione di attesa e di sospensione, sottolineando la potenza evocativa delle cose, l\u2019emotivit\u00e0 dei luoghi e degli spazi, in cui scompaiono la figura umana e ogni riferimento temporale, cristallizzando il tempo. In questa sequenza invece troviamo il ventre pulsante del quartiere, l\u2019anima della comunit\u00e0, il suo lato pi\u00f9 intimo, rappresentato dalle persone che vivono e si specchiano in uno spazio che ci viene raccontato sovrapponendo nella stessa immagine diversi piani della stessa storia. E allora il nostro sguardo incrocia quello di un\u2019anziana signora che si affaccia alla finestra, in perfetta armonia con l\u2019uomo dai tatuaggi evidenti del primo piano; chiediamo una sigaretta al signore che sbuca dal davanzale e sembra sfidarci con sguardo arcigno o seguiamo i gesti della sarta aiutata dal marito. I ritratti ambientati si alternano a dettagli che ci trasportano in una dimensione fatta di bucato steso ad asciugare all\u2019ombra dei vicoli, di motorini aggiustati con il nastro adesivo, di stivali con il tacco abbandonati agli angoli delle strade, di palloncini accatastati vicino ai bidoni dell\u2019immondizia a ricordarci che la festa \u00e8 finita. Tutto riconduce all\u2019interesse per la realt\u00e0 umana, portando alla luce come tra questi vicoli, il tempo privato diventi un tempo collettivo.<\/p>\n<p class=\"p1\"><strong>Biografia<\/strong><\/p>\n<p class=\"p1\">Classe 1962, nasce e vive in Garfagnana (LU). All\u2019et\u00e0 di undici anni riceve dal padre una fotocamera con la quale inizia da autodidatta un lungo percorso di formazione. Una spiccata passione per la fotografia di reportage, intesa soprattutto come strumento d\u2019incontro, la porta a viaggiare per le strade del Mondo e dell\u2019Uomo. Nel 1995 si associa al circolo Fotocine Garfagnana ed alla FIAF, vince numerosi concorsi ma soprattutto impara a lavorare sui progetti e sulle idee. Sue opere vengono premiate nei pi\u00f9 importanti contest nazionali, fra i quali la prima edizione di Porfolio Italia, nel 2004, con un 2\u00b0 posto alla finalissima. Nel 2013 \u00e8 ancora finalista di Portfolio Italia con un lavoro autobiografico sulla donna colpita da tumore al seno. Innumerevoli le mostre personali e collettive in tutta Italia, le pubblicazioni su libri fotografici e periodici a tiratura nazionale e la partecipazione a tavole rotonde e serate ad invito. L\u2019opera <em>L\u2019inquiLinea<\/em> del 2014 \u00e8 esposta in via permanente nel museo a cielo aperto di \u201cBibbiena Citt\u00e0 della Fotografia\u201d. Nel 2018 le viene assegnato il titolo di <em>Fotografo dell\u2019anno FIAF<\/em> ed esce la monografia <em>Una privata consapevolezza<\/em>, mentre nel 2021, per la collana multimediale FIAF, viene prodotto l\u2019audiovisivo omonimo sulla sua storia fotografica e poetica. Nel 2022 vince il premio \u201cFosco Maraini\u201d per il miglior reportage e si aggiudica il primo premio al Portfolio in Rocca di San Felice sul Panaro.<\/p>\n<p>&nbsp;<\/p>\n<p>&nbsp;<\/p>\n\n    <div class=\"xs_social_share_widget xs_share_url after_content \t\tmain_content  wslu-style-1 wslu-share-box-shaped wslu-fill-colored wslu-none wslu-share-horizontal wslu-theme-font-no wslu-main_content\">\n\n\t\t\n        <ul>\n\t\t\t        <\/ul>\n    <\/div> \n","protected":false},"excerpt":{"rendered":"<p>Opera 2\u00b0 Premio ex-aequo Portfolio Italia 2022 di Luisa Bondoni Adagio Napoletano dimostra come si possano raccontare storie ancora oggi, &hellip;<\/p>\n","protected":false},"author":64,"featured_media":3112,"comment_status":"closed","ping_status":"open","sticky":false,"template":"","format":"standard","meta":{"_acf_changed":false,"footnotes":""},"categories":[31],"tags":[],"class_list":["post-3105","post","type-post","status-publish","format-standard","has-post-thumbnail","hentry","category-vincitori-2022"],"acf":[],"_links":{"self":[{"href":"https:\/\/fiaf.net\/portfolioitalia\/wp-json\/wp\/v2\/posts\/3105","targetHints":{"allow":["GET"]}}],"collection":[{"href":"https:\/\/fiaf.net\/portfolioitalia\/wp-json\/wp\/v2\/posts"}],"about":[{"href":"https:\/\/fiaf.net\/portfolioitalia\/wp-json\/wp\/v2\/types\/post"}],"author":[{"embeddable":true,"href":"https:\/\/fiaf.net\/portfolioitalia\/wp-json\/wp\/v2\/users\/64"}],"replies":[{"embeddable":true,"href":"https:\/\/fiaf.net\/portfolioitalia\/wp-json\/wp\/v2\/comments?post=3105"}],"version-history":[{"count":3,"href":"https:\/\/fiaf.net\/portfolioitalia\/wp-json\/wp\/v2\/posts\/3105\/revisions"}],"predecessor-version":[{"id":3228,"href":"https:\/\/fiaf.net\/portfolioitalia\/wp-json\/wp\/v2\/posts\/3105\/revisions\/3228"}],"wp:featuredmedia":[{"embeddable":true,"href":"https:\/\/fiaf.net\/portfolioitalia\/wp-json\/wp\/v2\/media\/3112"}],"wp:attachment":[{"href":"https:\/\/fiaf.net\/portfolioitalia\/wp-json\/wp\/v2\/media?parent=3105"}],"wp:term":[{"taxonomy":"category","embeddable":true,"href":"https:\/\/fiaf.net\/portfolioitalia\/wp-json\/wp\/v2\/categories?post=3105"},{"taxonomy":"post_tag","embeddable":true,"href":"https:\/\/fiaf.net\/portfolioitalia\/wp-json\/wp\/v2\/tags?post=3105"}],"curies":[{"name":"wp","href":"https:\/\/api.w.org\/{rel}","templated":true}]}}