{"id":3139,"date":"2022-12-04T15:20:48","date_gmt":"2022-12-04T14:20:48","guid":{"rendered":"https:\/\/fiaf.net\/portfolioitalia\/?p=3139"},"modified":"2023-04-17T18:57:58","modified_gmt":"2023-04-17T16:57:58","slug":"dario-apostoli-muhlemattstrasse-33-2-premio-ex-aequo","status":"publish","type":"post","link":"https:\/\/fiaf.net\/portfolioitalia\/dario-apostoli-muhlemattstrasse-33-2-premio-ex-aequo\/","title":{"rendered":"Dario Apostoli \/ Mu\u0308hlemattstrasse 33 &#8211; 2\u00b0 Premio ex-aequo 2022"},"content":{"rendered":"<p><strong>Opera 2\u00b0 Premio ex-aequo Portfolio Italia 2022<\/strong><br \/>\n<!--more--><\/p>\n<div id='gallery-1' class='gallery galleryid-3139 gallery-columns-3 gallery-size-thumbnail'><figure class='gallery-item'>\n\t\t\t<div class='gallery-icon landscape'>\n\t\t\t\t<a href='https:\/\/fiaf.net\/portfolioitalia\/wp-content\/uploads\/sites\/27\/2022\/11\/Dario-Apostoli-01-Ritratto-dellautore-1982-c.a.-scaled.jpg'><img loading=\"lazy\" decoding=\"async\" width=\"150\" height=\"150\" src=\"https:\/\/fiaf.net\/portfolioitalia\/wp-content\/uploads\/sites\/27\/2022\/11\/Dario-Apostoli-01-Ritratto-dellautore-1982-c.a.-150x150.jpg\" class=\"attachment-thumbnail size-thumbnail\" alt=\"\" srcset=\"https:\/\/fiaf.net\/portfolioitalia\/wp-content\/uploads\/sites\/27\/2022\/11\/Dario-Apostoli-01-Ritratto-dellautore-1982-c.a.-150x150.jpg 150w, https:\/\/fiaf.net\/portfolioitalia\/wp-content\/uploads\/sites\/27\/2022\/11\/Dario-Apostoli-01-Ritratto-dellautore-1982-c.a.-300x300.jpg 300w, https:\/\/fiaf.net\/portfolioitalia\/wp-content\/uploads\/sites\/27\/2022\/11\/Dario-Apostoli-01-Ritratto-dellautore-1982-c.a.-1024x1024.jpg 1024w, https:\/\/fiaf.net\/portfolioitalia\/wp-content\/uploads\/sites\/27\/2022\/11\/Dario-Apostoli-01-Ritratto-dellautore-1982-c.a.-768x768.jpg 768w, https:\/\/fiaf.net\/portfolioitalia\/wp-content\/uploads\/sites\/27\/2022\/11\/Dario-Apostoli-01-Ritratto-dellautore-1982-c.a.-1536x1536.jpg 1536w, https:\/\/fiaf.net\/portfolioitalia\/wp-content\/uploads\/sites\/27\/2022\/11\/Dario-Apostoli-01-Ritratto-dellautore-1982-c.a.-2048x2048.jpg 2048w\" sizes=\"auto, (max-width: 150px) 100vw, 150px\" \/><\/a>\n\t\t\t<\/div><\/figure><figure class='gallery-item'>\n\t\t\t<div class='gallery-icon landscape'>\n\t\t\t\t<a href='https:\/\/fiaf.net\/portfolioitalia\/wp-content\/uploads\/sites\/27\/2022\/11\/Dario-Apostoli-02-Monterosso-2016-BASSA-scaled.jpg'><img loading=\"lazy\" decoding=\"async\" width=\"150\" height=\"150\" src=\"https:\/\/fiaf.net\/portfolioitalia\/wp-content\/uploads\/sites\/27\/2022\/11\/Dario-Apostoli-02-Monterosso-2016-BASSA-150x150.jpg\" class=\"attachment-thumbnail size-thumbnail\" alt=\"\" srcset=\"https:\/\/fiaf.net\/portfolioitalia\/wp-content\/uploads\/sites\/27\/2022\/11\/Dario-Apostoli-02-Monterosso-2016-BASSA-150x150.jpg 150w, https:\/\/fiaf.net\/portfolioitalia\/wp-content\/uploads\/sites\/27\/2022\/11\/Dario-Apostoli-02-Monterosso-2016-BASSA-300x300.jpg 300w, https:\/\/fiaf.net\/portfolioitalia\/wp-content\/uploads\/sites\/27\/2022\/11\/Dario-Apostoli-02-Monterosso-2016-BASSA-1024x1024.jpg 1024w, https:\/\/fiaf.net\/portfolioitalia\/wp-content\/uploads\/sites\/27\/2022\/11\/Dario-Apostoli-02-Monterosso-2016-BASSA-768x768.jpg 768w, https:\/\/fiaf.net\/portfolioitalia\/wp-content\/uploads\/sites\/27\/2022\/11\/Dario-Apostoli-02-Monterosso-2016-BASSA-1536x1536.jpg 1536w, https:\/\/fiaf.net\/portfolioitalia\/wp-content\/uploads\/sites\/27\/2022\/11\/Dario-Apostoli-02-Monterosso-2016-BASSA-2048x2048.jpg 2048w\" sizes=\"auto, (max-width: 150px) 100vw, 150px\" \/><\/a>\n\t\t\t<\/div><\/figure><figure class='gallery-item'>\n\t\t\t<div class='gallery-icon landscape'>\n\t\t\t\t<a href='https:\/\/fiaf.net\/portfolioitalia\/wp-content\/uploads\/sites\/27\/2022\/11\/Dario-Apostoli-03-Portovenere-2019-scaled.jpg'><img loading=\"lazy\" decoding=\"async\" width=\"150\" height=\"150\" src=\"https:\/\/fiaf.net\/portfolioitalia\/wp-content\/uploads\/sites\/27\/2022\/11\/Dario-Apostoli-03-Portovenere-2019-150x150.jpg\" class=\"attachment-thumbnail size-thumbnail\" alt=\"\" srcset=\"https:\/\/fiaf.net\/portfolioitalia\/wp-content\/uploads\/sites\/27\/2022\/11\/Dario-Apostoli-03-Portovenere-2019-150x150.jpg 150w, https:\/\/fiaf.net\/portfolioitalia\/wp-content\/uploads\/sites\/27\/2022\/11\/Dario-Apostoli-03-Portovenere-2019-300x300.jpg 300w, https:\/\/fiaf.net\/portfolioitalia\/wp-content\/uploads\/sites\/27\/2022\/11\/Dario-Apostoli-03-Portovenere-2019-1024x1024.jpg 1024w, https:\/\/fiaf.net\/portfolioitalia\/wp-content\/uploads\/sites\/27\/2022\/11\/Dario-Apostoli-03-Portovenere-2019-768x768.jpg 768w, https:\/\/fiaf.net\/portfolioitalia\/wp-content\/uploads\/sites\/27\/2022\/11\/Dario-Apostoli-03-Portovenere-2019-1536x1536.jpg 1536w, https:\/\/fiaf.net\/portfolioitalia\/wp-content\/uploads\/sites\/27\/2022\/11\/Dario-Apostoli-03-Portovenere-2019-2048x2048.jpg 2048w\" sizes=\"auto, (max-width: 150px) 100vw, 150px\" \/><\/a>\n\t\t\t<\/div><\/figure><figure class='gallery-item'>\n\t\t\t<div class='gallery-icon landscape'>\n\t\t\t\t<a href='https:\/\/fiaf.net\/portfolioitalia\/wp-content\/uploads\/sites\/27\/2022\/11\/Dario-Apostoli-04-S.-Teresa-Gallura-2015-scaled.jpg'><img loading=\"lazy\" decoding=\"async\" width=\"150\" height=\"150\" src=\"https:\/\/fiaf.net\/portfolioitalia\/wp-content\/uploads\/sites\/27\/2022\/11\/Dario-Apostoli-04-S.-Teresa-Gallura-2015-150x150.jpg\" class=\"attachment-thumbnail size-thumbnail\" alt=\"\" srcset=\"https:\/\/fiaf.net\/portfolioitalia\/wp-content\/uploads\/sites\/27\/2022\/11\/Dario-Apostoli-04-S.-Teresa-Gallura-2015-150x150.jpg 150w, https:\/\/fiaf.net\/portfolioitalia\/wp-content\/uploads\/sites\/27\/2022\/11\/Dario-Apostoli-04-S.-Teresa-Gallura-2015-300x300.jpg 300w, https:\/\/fiaf.net\/portfolioitalia\/wp-content\/uploads\/sites\/27\/2022\/11\/Dario-Apostoli-04-S.-Teresa-Gallura-2015-1024x1024.jpg 1024w, https:\/\/fiaf.net\/portfolioitalia\/wp-content\/uploads\/sites\/27\/2022\/11\/Dario-Apostoli-04-S.-Teresa-Gallura-2015-768x768.jpg 768w, https:\/\/fiaf.net\/portfolioitalia\/wp-content\/uploads\/sites\/27\/2022\/11\/Dario-Apostoli-04-S.-Teresa-Gallura-2015-1536x1536.jpg 1536w, https:\/\/fiaf.net\/portfolioitalia\/wp-content\/uploads\/sites\/27\/2022\/11\/Dario-Apostoli-04-S.-Teresa-Gallura-2015-2048x2048.jpg 2048w\" sizes=\"auto, (max-width: 150px) 100vw, 150px\" \/><\/a>\n\t\t\t<\/div><\/figure><figure class='gallery-item'>\n\t\t\t<div class='gallery-icon landscape'>\n\t\t\t\t<a href='https:\/\/fiaf.net\/portfolioitalia\/wp-content\/uploads\/sites\/27\/2022\/11\/Dario-Apostoli-05-Acqua-II-Cane-2017-scaled.jpg'><img loading=\"lazy\" decoding=\"async\" width=\"150\" height=\"150\" src=\"https:\/\/fiaf.net\/portfolioitalia\/wp-content\/uploads\/sites\/27\/2022\/11\/Dario-Apostoli-05-Acqua-II-Cane-2017-150x150.jpg\" class=\"attachment-thumbnail size-thumbnail\" alt=\"\" srcset=\"https:\/\/fiaf.net\/portfolioitalia\/wp-content\/uploads\/sites\/27\/2022\/11\/Dario-Apostoli-05-Acqua-II-Cane-2017-150x150.jpg 150w, https:\/\/fiaf.net\/portfolioitalia\/wp-content\/uploads\/sites\/27\/2022\/11\/Dario-Apostoli-05-Acqua-II-Cane-2017-300x300.jpg 300w, https:\/\/fiaf.net\/portfolioitalia\/wp-content\/uploads\/sites\/27\/2022\/11\/Dario-Apostoli-05-Acqua-II-Cane-2017-1024x1024.jpg 1024w, https:\/\/fiaf.net\/portfolioitalia\/wp-content\/uploads\/sites\/27\/2022\/11\/Dario-Apostoli-05-Acqua-II-Cane-2017-768x768.jpg 768w, https:\/\/fiaf.net\/portfolioitalia\/wp-content\/uploads\/sites\/27\/2022\/11\/Dario-Apostoli-05-Acqua-II-Cane-2017-1536x1536.jpg 1536w, https:\/\/fiaf.net\/portfolioitalia\/wp-content\/uploads\/sites\/27\/2022\/11\/Dario-Apostoli-05-Acqua-II-Cane-2017-2048x2048.jpg 2048w\" sizes=\"auto, (max-width: 150px) 100vw, 150px\" \/><\/a>\n\t\t\t<\/div><\/figure><figure class='gallery-item'>\n\t\t\t<div class='gallery-icon landscape'>\n\t\t\t\t<a href='https:\/\/fiaf.net\/portfolioitalia\/wp-content\/uploads\/sites\/27\/2022\/11\/Dario-Apostoli-06-Acqua-II-Cigno-2018-scaled.jpg'><img loading=\"lazy\" decoding=\"async\" width=\"150\" height=\"150\" src=\"https:\/\/fiaf.net\/portfolioitalia\/wp-content\/uploads\/sites\/27\/2022\/11\/Dario-Apostoli-06-Acqua-II-Cigno-2018-150x150.jpg\" class=\"attachment-thumbnail size-thumbnail\" alt=\"\" srcset=\"https:\/\/fiaf.net\/portfolioitalia\/wp-content\/uploads\/sites\/27\/2022\/11\/Dario-Apostoli-06-Acqua-II-Cigno-2018-150x150.jpg 150w, https:\/\/fiaf.net\/portfolioitalia\/wp-content\/uploads\/sites\/27\/2022\/11\/Dario-Apostoli-06-Acqua-II-Cigno-2018-300x300.jpg 300w, https:\/\/fiaf.net\/portfolioitalia\/wp-content\/uploads\/sites\/27\/2022\/11\/Dario-Apostoli-06-Acqua-II-Cigno-2018-1024x1024.jpg 1024w, https:\/\/fiaf.net\/portfolioitalia\/wp-content\/uploads\/sites\/27\/2022\/11\/Dario-Apostoli-06-Acqua-II-Cigno-2018-768x768.jpg 768w, https:\/\/fiaf.net\/portfolioitalia\/wp-content\/uploads\/sites\/27\/2022\/11\/Dario-Apostoli-06-Acqua-II-Cigno-2018-1536x1536.jpg 1536w, https:\/\/fiaf.net\/portfolioitalia\/wp-content\/uploads\/sites\/27\/2022\/11\/Dario-Apostoli-06-Acqua-II-Cigno-2018-2048x2048.jpg 2048w\" sizes=\"auto, (max-width: 150px) 100vw, 150px\" \/><\/a>\n\t\t\t<\/div><\/figure><figure class='gallery-item'>\n\t\t\t<div class='gallery-icon landscape'>\n\t\t\t\t<a href='https:\/\/fiaf.net\/portfolioitalia\/wp-content\/uploads\/sites\/27\/2022\/11\/Dario-Apostoli-07-Acqua-II-Garda-2018-scaled.jpg'><img loading=\"lazy\" decoding=\"async\" width=\"150\" height=\"150\" src=\"https:\/\/fiaf.net\/portfolioitalia\/wp-content\/uploads\/sites\/27\/2022\/11\/Dario-Apostoli-07-Acqua-II-Garda-2018-150x150.jpg\" class=\"attachment-thumbnail size-thumbnail\" alt=\"\" srcset=\"https:\/\/fiaf.net\/portfolioitalia\/wp-content\/uploads\/sites\/27\/2022\/11\/Dario-Apostoli-07-Acqua-II-Garda-2018-150x150.jpg 150w, https:\/\/fiaf.net\/portfolioitalia\/wp-content\/uploads\/sites\/27\/2022\/11\/Dario-Apostoli-07-Acqua-II-Garda-2018-300x300.jpg 300w, https:\/\/fiaf.net\/portfolioitalia\/wp-content\/uploads\/sites\/27\/2022\/11\/Dario-Apostoli-07-Acqua-II-Garda-2018-1024x1024.jpg 1024w, https:\/\/fiaf.net\/portfolioitalia\/wp-content\/uploads\/sites\/27\/2022\/11\/Dario-Apostoli-07-Acqua-II-Garda-2018-768x768.jpg 768w, https:\/\/fiaf.net\/portfolioitalia\/wp-content\/uploads\/sites\/27\/2022\/11\/Dario-Apostoli-07-Acqua-II-Garda-2018-1536x1536.jpg 1536w, https:\/\/fiaf.net\/portfolioitalia\/wp-content\/uploads\/sites\/27\/2022\/11\/Dario-Apostoli-07-Acqua-II-Garda-2018-2048x2048.jpg 2048w\" sizes=\"auto, (max-width: 150px) 100vw, 150px\" \/><\/a>\n\t\t\t<\/div><\/figure><figure class='gallery-item'>\n\t\t\t<div class='gallery-icon landscape'>\n\t\t\t\t<a href='https:\/\/fiaf.net\/portfolioitalia\/wp-content\/uploads\/sites\/27\/2022\/11\/Dario-Apostoli-08-Fiascherino-2018-scaled.jpg'><img loading=\"lazy\" decoding=\"async\" width=\"150\" height=\"150\" src=\"https:\/\/fiaf.net\/portfolioitalia\/wp-content\/uploads\/sites\/27\/2022\/11\/Dario-Apostoli-08-Fiascherino-2018-150x150.jpg\" class=\"attachment-thumbnail size-thumbnail\" alt=\"\" srcset=\"https:\/\/fiaf.net\/portfolioitalia\/wp-content\/uploads\/sites\/27\/2022\/11\/Dario-Apostoli-08-Fiascherino-2018-150x150.jpg 150w, https:\/\/fiaf.net\/portfolioitalia\/wp-content\/uploads\/sites\/27\/2022\/11\/Dario-Apostoli-08-Fiascherino-2018-300x300.jpg 300w, https:\/\/fiaf.net\/portfolioitalia\/wp-content\/uploads\/sites\/27\/2022\/11\/Dario-Apostoli-08-Fiascherino-2018-1024x1024.jpg 1024w, https:\/\/fiaf.net\/portfolioitalia\/wp-content\/uploads\/sites\/27\/2022\/11\/Dario-Apostoli-08-Fiascherino-2018-768x768.jpg 768w, https:\/\/fiaf.net\/portfolioitalia\/wp-content\/uploads\/sites\/27\/2022\/11\/Dario-Apostoli-08-Fiascherino-2018-1536x1536.jpg 1536w, https:\/\/fiaf.net\/portfolioitalia\/wp-content\/uploads\/sites\/27\/2022\/11\/Dario-Apostoli-08-Fiascherino-2018-2048x2048.jpg 2048w\" sizes=\"auto, (max-width: 150px) 100vw, 150px\" \/><\/a>\n\t\t\t<\/div><\/figure><figure class='gallery-item'>\n\t\t\t<div class='gallery-icon landscape'>\n\t\t\t\t<a href='https:\/\/fiaf.net\/portfolioitalia\/wp-content\/uploads\/sites\/27\/2022\/11\/Dario-Apostoli-09-Piscine-2018-scaled.jpg'><img loading=\"lazy\" decoding=\"async\" width=\"150\" height=\"150\" src=\"https:\/\/fiaf.net\/portfolioitalia\/wp-content\/uploads\/sites\/27\/2022\/11\/Dario-Apostoli-09-Piscine-2018-150x150.jpg\" class=\"attachment-thumbnail size-thumbnail\" alt=\"\" srcset=\"https:\/\/fiaf.net\/portfolioitalia\/wp-content\/uploads\/sites\/27\/2022\/11\/Dario-Apostoli-09-Piscine-2018-150x150.jpg 150w, https:\/\/fiaf.net\/portfolioitalia\/wp-content\/uploads\/sites\/27\/2022\/11\/Dario-Apostoli-09-Piscine-2018-300x300.jpg 300w, https:\/\/fiaf.net\/portfolioitalia\/wp-content\/uploads\/sites\/27\/2022\/11\/Dario-Apostoli-09-Piscine-2018-1024x1024.jpg 1024w, https:\/\/fiaf.net\/portfolioitalia\/wp-content\/uploads\/sites\/27\/2022\/11\/Dario-Apostoli-09-Piscine-2018-768x768.jpg 768w, https:\/\/fiaf.net\/portfolioitalia\/wp-content\/uploads\/sites\/27\/2022\/11\/Dario-Apostoli-09-Piscine-2018-1536x1536.jpg 1536w, https:\/\/fiaf.net\/portfolioitalia\/wp-content\/uploads\/sites\/27\/2022\/11\/Dario-Apostoli-09-Piscine-2018-2048x2048.jpg 2048w\" sizes=\"auto, (max-width: 150px) 100vw, 150px\" \/><\/a>\n\t\t\t<\/div><\/figure><figure class='gallery-item'>\n\t\t\t<div class='gallery-icon landscape'>\n\t\t\t\t<a href='https:\/\/fiaf.net\/portfolioitalia\/wp-content\/uploads\/sites\/27\/2022\/11\/Dario-Apostoli-10-Piscine-2015-scaled.jpg'><img loading=\"lazy\" decoding=\"async\" width=\"150\" height=\"150\" src=\"https:\/\/fiaf.net\/portfolioitalia\/wp-content\/uploads\/sites\/27\/2022\/11\/Dario-Apostoli-10-Piscine-2015-150x150.jpg\" class=\"attachment-thumbnail size-thumbnail\" alt=\"\" srcset=\"https:\/\/fiaf.net\/portfolioitalia\/wp-content\/uploads\/sites\/27\/2022\/11\/Dario-Apostoli-10-Piscine-2015-150x150.jpg 150w, https:\/\/fiaf.net\/portfolioitalia\/wp-content\/uploads\/sites\/27\/2022\/11\/Dario-Apostoli-10-Piscine-2015-300x300.jpg 300w, https:\/\/fiaf.net\/portfolioitalia\/wp-content\/uploads\/sites\/27\/2022\/11\/Dario-Apostoli-10-Piscine-2015-1024x1024.jpg 1024w, https:\/\/fiaf.net\/portfolioitalia\/wp-content\/uploads\/sites\/27\/2022\/11\/Dario-Apostoli-10-Piscine-2015-768x768.jpg 768w, https:\/\/fiaf.net\/portfolioitalia\/wp-content\/uploads\/sites\/27\/2022\/11\/Dario-Apostoli-10-Piscine-2015-1536x1536.jpg 1536w, https:\/\/fiaf.net\/portfolioitalia\/wp-content\/uploads\/sites\/27\/2022\/11\/Dario-Apostoli-10-Piscine-2015-2048x2048.jpg 2048w\" sizes=\"auto, (max-width: 150px) 100vw, 150px\" \/><\/a>\n\t\t\t<\/div><\/figure><figure class='gallery-item'>\n\t\t\t<div class='gallery-icon landscape'>\n\t\t\t\t<a href='https:\/\/fiaf.net\/portfolioitalia\/wp-content\/uploads\/sites\/27\/2022\/11\/Dario-Apostoli-11-Piscine-2015-scaled.jpg'><img loading=\"lazy\" decoding=\"async\" width=\"150\" height=\"150\" src=\"https:\/\/fiaf.net\/portfolioitalia\/wp-content\/uploads\/sites\/27\/2022\/11\/Dario-Apostoli-11-Piscine-2015-150x150.jpg\" class=\"attachment-thumbnail size-thumbnail\" alt=\"\" srcset=\"https:\/\/fiaf.net\/portfolioitalia\/wp-content\/uploads\/sites\/27\/2022\/11\/Dario-Apostoli-11-Piscine-2015-150x150.jpg 150w, https:\/\/fiaf.net\/portfolioitalia\/wp-content\/uploads\/sites\/27\/2022\/11\/Dario-Apostoli-11-Piscine-2015-300x300.jpg 300w, https:\/\/fiaf.net\/portfolioitalia\/wp-content\/uploads\/sites\/27\/2022\/11\/Dario-Apostoli-11-Piscine-2015-1024x1024.jpg 1024w, https:\/\/fiaf.net\/portfolioitalia\/wp-content\/uploads\/sites\/27\/2022\/11\/Dario-Apostoli-11-Piscine-2015-768x768.jpg 768w, https:\/\/fiaf.net\/portfolioitalia\/wp-content\/uploads\/sites\/27\/2022\/11\/Dario-Apostoli-11-Piscine-2015-1536x1536.jpg 1536w, https:\/\/fiaf.net\/portfolioitalia\/wp-content\/uploads\/sites\/27\/2022\/11\/Dario-Apostoli-11-Piscine-2015-2048x2048.jpg 2048w\" sizes=\"auto, (max-width: 150px) 100vw, 150px\" \/><\/a>\n\t\t\t<\/div><\/figure><figure class='gallery-item'>\n\t\t\t<div class='gallery-icon landscape'>\n\t\t\t\t<a href='https:\/\/fiaf.net\/portfolioitalia\/wp-content\/uploads\/sites\/27\/2022\/11\/Dario-Apostoli-12-S.-Teresa-Gallura-2019-scaled.jpg'><img loading=\"lazy\" decoding=\"async\" width=\"150\" height=\"150\" src=\"https:\/\/fiaf.net\/portfolioitalia\/wp-content\/uploads\/sites\/27\/2022\/11\/Dario-Apostoli-12-S.-Teresa-Gallura-2019-150x150.jpg\" class=\"attachment-thumbnail size-thumbnail\" alt=\"\" srcset=\"https:\/\/fiaf.net\/portfolioitalia\/wp-content\/uploads\/sites\/27\/2022\/11\/Dario-Apostoli-12-S.-Teresa-Gallura-2019-150x150.jpg 150w, https:\/\/fiaf.net\/portfolioitalia\/wp-content\/uploads\/sites\/27\/2022\/11\/Dario-Apostoli-12-S.-Teresa-Gallura-2019-300x300.jpg 300w, https:\/\/fiaf.net\/portfolioitalia\/wp-content\/uploads\/sites\/27\/2022\/11\/Dario-Apostoli-12-S.-Teresa-Gallura-2019-1024x1024.jpg 1024w, https:\/\/fiaf.net\/portfolioitalia\/wp-content\/uploads\/sites\/27\/2022\/11\/Dario-Apostoli-12-S.-Teresa-Gallura-2019-768x768.jpg 768w, https:\/\/fiaf.net\/portfolioitalia\/wp-content\/uploads\/sites\/27\/2022\/11\/Dario-Apostoli-12-S.-Teresa-Gallura-2019-1536x1536.jpg 1536w, https:\/\/fiaf.net\/portfolioitalia\/wp-content\/uploads\/sites\/27\/2022\/11\/Dario-Apostoli-12-S.-Teresa-Gallura-2019-2048x2048.jpg 2048w\" sizes=\"auto, (max-width: 150px) 100vw, 150px\" \/><\/a>\n\t\t\t<\/div><\/figure><figure class='gallery-item'>\n\t\t\t<div class='gallery-icon landscape'>\n\t\t\t\t<a href='https:\/\/fiaf.net\/portfolioitalia\/wp-content\/uploads\/sites\/27\/2022\/11\/Dario-Apostoli-13-S.-Teresa-Gallura-2015-scaled.jpg'><img loading=\"lazy\" decoding=\"async\" width=\"150\" height=\"150\" src=\"https:\/\/fiaf.net\/portfolioitalia\/wp-content\/uploads\/sites\/27\/2022\/11\/Dario-Apostoli-13-S.-Teresa-Gallura-2015-150x150.jpg\" class=\"attachment-thumbnail size-thumbnail\" alt=\"\" srcset=\"https:\/\/fiaf.net\/portfolioitalia\/wp-content\/uploads\/sites\/27\/2022\/11\/Dario-Apostoli-13-S.-Teresa-Gallura-2015-150x150.jpg 150w, https:\/\/fiaf.net\/portfolioitalia\/wp-content\/uploads\/sites\/27\/2022\/11\/Dario-Apostoli-13-S.-Teresa-Gallura-2015-300x300.jpg 300w, https:\/\/fiaf.net\/portfolioitalia\/wp-content\/uploads\/sites\/27\/2022\/11\/Dario-Apostoli-13-S.-Teresa-Gallura-2015-1024x1024.jpg 1024w, https:\/\/fiaf.net\/portfolioitalia\/wp-content\/uploads\/sites\/27\/2022\/11\/Dario-Apostoli-13-S.-Teresa-Gallura-2015-768x768.jpg 768w, https:\/\/fiaf.net\/portfolioitalia\/wp-content\/uploads\/sites\/27\/2022\/11\/Dario-Apostoli-13-S.-Teresa-Gallura-2015-1536x1536.jpg 1536w, https:\/\/fiaf.net\/portfolioitalia\/wp-content\/uploads\/sites\/27\/2022\/11\/Dario-Apostoli-13-S.-Teresa-Gallura-2015-2048x2048.jpg 2048w\" sizes=\"auto, (max-width: 150px) 100vw, 150px\" \/><\/a>\n\t\t\t<\/div><\/figure><figure class='gallery-item'>\n\t\t\t<div class='gallery-icon landscape'>\n\t\t\t\t<a href='https:\/\/fiaf.net\/portfolioitalia\/wp-content\/uploads\/sites\/27\/2022\/11\/Dario-Apostoli-14-Ritratto-di-famiglia-2015-scaled.jpg'><img loading=\"lazy\" decoding=\"async\" width=\"150\" height=\"150\" src=\"https:\/\/fiaf.net\/portfolioitalia\/wp-content\/uploads\/sites\/27\/2022\/11\/Dario-Apostoli-14-Ritratto-di-famiglia-2015-150x150.jpg\" class=\"attachment-thumbnail size-thumbnail\" alt=\"\" srcset=\"https:\/\/fiaf.net\/portfolioitalia\/wp-content\/uploads\/sites\/27\/2022\/11\/Dario-Apostoli-14-Ritratto-di-famiglia-2015-150x150.jpg 150w, https:\/\/fiaf.net\/portfolioitalia\/wp-content\/uploads\/sites\/27\/2022\/11\/Dario-Apostoli-14-Ritratto-di-famiglia-2015-300x300.jpg 300w, https:\/\/fiaf.net\/portfolioitalia\/wp-content\/uploads\/sites\/27\/2022\/11\/Dario-Apostoli-14-Ritratto-di-famiglia-2015-1024x1024.jpg 1024w, https:\/\/fiaf.net\/portfolioitalia\/wp-content\/uploads\/sites\/27\/2022\/11\/Dario-Apostoli-14-Ritratto-di-famiglia-2015-768x768.jpg 768w, https:\/\/fiaf.net\/portfolioitalia\/wp-content\/uploads\/sites\/27\/2022\/11\/Dario-Apostoli-14-Ritratto-di-famiglia-2015-1536x1536.jpg 1536w, https:\/\/fiaf.net\/portfolioitalia\/wp-content\/uploads\/sites\/27\/2022\/11\/Dario-Apostoli-14-Ritratto-di-famiglia-2015-2048x2048.jpg 2048w\" sizes=\"auto, (max-width: 150px) 100vw, 150px\" \/><\/a>\n\t\t\t<\/div><\/figure><figure class='gallery-item'>\n\t\t\t<div class='gallery-icon landscape'>\n\t\t\t\t<a href='https:\/\/fiaf.net\/portfolioitalia\/wp-content\/uploads\/sites\/27\/2022\/11\/Dario-Apostoli-15-S.-Teresa-Gallura-2015-scaled.jpg'><img loading=\"lazy\" decoding=\"async\" width=\"150\" height=\"150\" src=\"https:\/\/fiaf.net\/portfolioitalia\/wp-content\/uploads\/sites\/27\/2022\/11\/Dario-Apostoli-15-S.-Teresa-Gallura-2015-150x150.jpg\" class=\"attachment-thumbnail size-thumbnail\" alt=\"\" srcset=\"https:\/\/fiaf.net\/portfolioitalia\/wp-content\/uploads\/sites\/27\/2022\/11\/Dario-Apostoli-15-S.-Teresa-Gallura-2015-150x150.jpg 150w, https:\/\/fiaf.net\/portfolioitalia\/wp-content\/uploads\/sites\/27\/2022\/11\/Dario-Apostoli-15-S.-Teresa-Gallura-2015-300x300.jpg 300w, https:\/\/fiaf.net\/portfolioitalia\/wp-content\/uploads\/sites\/27\/2022\/11\/Dario-Apostoli-15-S.-Teresa-Gallura-2015-1024x1024.jpg 1024w, https:\/\/fiaf.net\/portfolioitalia\/wp-content\/uploads\/sites\/27\/2022\/11\/Dario-Apostoli-15-S.-Teresa-Gallura-2015-768x768.jpg 768w, https:\/\/fiaf.net\/portfolioitalia\/wp-content\/uploads\/sites\/27\/2022\/11\/Dario-Apostoli-15-S.-Teresa-Gallura-2015-1536x1536.jpg 1536w, https:\/\/fiaf.net\/portfolioitalia\/wp-content\/uploads\/sites\/27\/2022\/11\/Dario-Apostoli-15-S.-Teresa-Gallura-2015-2048x2048.jpg 2048w\" sizes=\"auto, (max-width: 150px) 100vw, 150px\" \/><\/a>\n\t\t\t<\/div><\/figure><figure class='gallery-item'>\n\t\t\t<div class='gallery-icon landscape'>\n\t\t\t\t<a href='https:\/\/fiaf.net\/portfolioitalia\/wp-content\/uploads\/sites\/27\/2022\/11\/Dario-Apostoli-16-S.-Teresa-Gallura-2019-scaled.jpg'><img loading=\"lazy\" decoding=\"async\" width=\"150\" height=\"150\" src=\"https:\/\/fiaf.net\/portfolioitalia\/wp-content\/uploads\/sites\/27\/2022\/11\/Dario-Apostoli-16-S.-Teresa-Gallura-2019-150x150.jpg\" class=\"attachment-thumbnail size-thumbnail\" alt=\"\" srcset=\"https:\/\/fiaf.net\/portfolioitalia\/wp-content\/uploads\/sites\/27\/2022\/11\/Dario-Apostoli-16-S.-Teresa-Gallura-2019-150x150.jpg 150w, https:\/\/fiaf.net\/portfolioitalia\/wp-content\/uploads\/sites\/27\/2022\/11\/Dario-Apostoli-16-S.-Teresa-Gallura-2019-300x300.jpg 300w, https:\/\/fiaf.net\/portfolioitalia\/wp-content\/uploads\/sites\/27\/2022\/11\/Dario-Apostoli-16-S.-Teresa-Gallura-2019-1024x1024.jpg 1024w, https:\/\/fiaf.net\/portfolioitalia\/wp-content\/uploads\/sites\/27\/2022\/11\/Dario-Apostoli-16-S.-Teresa-Gallura-2019-768x768.jpg 768w, https:\/\/fiaf.net\/portfolioitalia\/wp-content\/uploads\/sites\/27\/2022\/11\/Dario-Apostoli-16-S.-Teresa-Gallura-2019-1536x1536.jpg 1536w, https:\/\/fiaf.net\/portfolioitalia\/wp-content\/uploads\/sites\/27\/2022\/11\/Dario-Apostoli-16-S.-Teresa-Gallura-2019-2048x2048.jpg 2048w\" sizes=\"auto, (max-width: 150px) 100vw, 150px\" \/><\/a>\n\t\t\t<\/div><\/figure><figure class='gallery-item'>\n\t\t\t<div class='gallery-icon landscape'>\n\t\t\t\t<a href='https:\/\/fiaf.net\/portfolioitalia\/wp-content\/uploads\/sites\/27\/2022\/11\/Dario-Apostoli-17-Verezzi-2021-scaled.jpg'><img loading=\"lazy\" decoding=\"async\" width=\"150\" height=\"150\" src=\"https:\/\/fiaf.net\/portfolioitalia\/wp-content\/uploads\/sites\/27\/2022\/11\/Dario-Apostoli-17-Verezzi-2021-150x150.jpg\" class=\"attachment-thumbnail size-thumbnail\" alt=\"\" srcset=\"https:\/\/fiaf.net\/portfolioitalia\/wp-content\/uploads\/sites\/27\/2022\/11\/Dario-Apostoli-17-Verezzi-2021-150x150.jpg 150w, https:\/\/fiaf.net\/portfolioitalia\/wp-content\/uploads\/sites\/27\/2022\/11\/Dario-Apostoli-17-Verezzi-2021-300x300.jpg 300w, https:\/\/fiaf.net\/portfolioitalia\/wp-content\/uploads\/sites\/27\/2022\/11\/Dario-Apostoli-17-Verezzi-2021-1024x1024.jpg 1024w, https:\/\/fiaf.net\/portfolioitalia\/wp-content\/uploads\/sites\/27\/2022\/11\/Dario-Apostoli-17-Verezzi-2021-768x768.jpg 768w, https:\/\/fiaf.net\/portfolioitalia\/wp-content\/uploads\/sites\/27\/2022\/11\/Dario-Apostoli-17-Verezzi-2021-1536x1536.jpg 1536w, https:\/\/fiaf.net\/portfolioitalia\/wp-content\/uploads\/sites\/27\/2022\/11\/Dario-Apostoli-17-Verezzi-2021-2048x2048.jpg 2048w\" sizes=\"auto, (max-width: 150px) 100vw, 150px\" \/><\/a>\n\t\t\t<\/div><\/figure><figure class='gallery-item'>\n\t\t\t<div class='gallery-icon landscape'>\n\t\t\t\t<a href='https:\/\/fiaf.net\/portfolioitalia\/wp-content\/uploads\/sites\/27\/2022\/11\/Dario-Apostoli-18-Ritratto-di-famiglia-1982-c.a.-scaled.jpg'><img loading=\"lazy\" decoding=\"async\" width=\"150\" height=\"150\" src=\"https:\/\/fiaf.net\/portfolioitalia\/wp-content\/uploads\/sites\/27\/2022\/11\/Dario-Apostoli-18-Ritratto-di-famiglia-1982-c.a.-150x150.jpg\" class=\"attachment-thumbnail size-thumbnail\" alt=\"\" srcset=\"https:\/\/fiaf.net\/portfolioitalia\/wp-content\/uploads\/sites\/27\/2022\/11\/Dario-Apostoli-18-Ritratto-di-famiglia-1982-c.a.-150x150.jpg 150w, https:\/\/fiaf.net\/portfolioitalia\/wp-content\/uploads\/sites\/27\/2022\/11\/Dario-Apostoli-18-Ritratto-di-famiglia-1982-c.a.-300x300.jpg 300w, https:\/\/fiaf.net\/portfolioitalia\/wp-content\/uploads\/sites\/27\/2022\/11\/Dario-Apostoli-18-Ritratto-di-famiglia-1982-c.a.-1024x1024.jpg 1024w, https:\/\/fiaf.net\/portfolioitalia\/wp-content\/uploads\/sites\/27\/2022\/11\/Dario-Apostoli-18-Ritratto-di-famiglia-1982-c.a.-768x768.jpg 768w, https:\/\/fiaf.net\/portfolioitalia\/wp-content\/uploads\/sites\/27\/2022\/11\/Dario-Apostoli-18-Ritratto-di-famiglia-1982-c.a.-1536x1536.jpg 1536w, https:\/\/fiaf.net\/portfolioitalia\/wp-content\/uploads\/sites\/27\/2022\/11\/Dario-Apostoli-18-Ritratto-di-famiglia-1982-c.a.-2048x2048.jpg 2048w\" sizes=\"auto, (max-width: 150px) 100vw, 150px\" \/><\/a>\n\t\t\t<\/div><\/figure><figure class='gallery-item'>\n\t\t\t<div class='gallery-icon landscape'>\n\t\t\t\t<a href='https:\/\/fiaf.net\/portfolioitalia\/wp-content\/uploads\/sites\/27\/2022\/11\/Dario-Apostoli-19-Fontana-delle-voci-La-Spezia-1956-2017-scaled.jpg'><img loading=\"lazy\" decoding=\"async\" width=\"150\" height=\"150\" src=\"https:\/\/fiaf.net\/portfolioitalia\/wp-content\/uploads\/sites\/27\/2022\/11\/Dario-Apostoli-19-Fontana-delle-voci-La-Spezia-1956-2017-150x150.jpg\" class=\"attachment-thumbnail size-thumbnail\" alt=\"\" srcset=\"https:\/\/fiaf.net\/portfolioitalia\/wp-content\/uploads\/sites\/27\/2022\/11\/Dario-Apostoli-19-Fontana-delle-voci-La-Spezia-1956-2017-150x150.jpg 150w, https:\/\/fiaf.net\/portfolioitalia\/wp-content\/uploads\/sites\/27\/2022\/11\/Dario-Apostoli-19-Fontana-delle-voci-La-Spezia-1956-2017-300x300.jpg 300w, https:\/\/fiaf.net\/portfolioitalia\/wp-content\/uploads\/sites\/27\/2022\/11\/Dario-Apostoli-19-Fontana-delle-voci-La-Spezia-1956-2017-1024x1024.jpg 1024w, https:\/\/fiaf.net\/portfolioitalia\/wp-content\/uploads\/sites\/27\/2022\/11\/Dario-Apostoli-19-Fontana-delle-voci-La-Spezia-1956-2017-768x768.jpg 768w, https:\/\/fiaf.net\/portfolioitalia\/wp-content\/uploads\/sites\/27\/2022\/11\/Dario-Apostoli-19-Fontana-delle-voci-La-Spezia-1956-2017-1536x1536.jpg 1536w, https:\/\/fiaf.net\/portfolioitalia\/wp-content\/uploads\/sites\/27\/2022\/11\/Dario-Apostoli-19-Fontana-delle-voci-La-Spezia-1956-2017-2048x2048.jpg 2048w\" sizes=\"auto, (max-width: 150px) 100vw, 150px\" \/><\/a>\n\t\t\t<\/div><\/figure><figure class='gallery-item'>\n\t\t\t<div class='gallery-icon landscape'>\n\t\t\t\t<a href='https:\/\/fiaf.net\/portfolioitalia\/wp-content\/uploads\/sites\/27\/2022\/11\/Dario-Apostoli-20-Gatto-2021-BASSA.jpg'><img loading=\"lazy\" decoding=\"async\" width=\"150\" height=\"150\" src=\"https:\/\/fiaf.net\/portfolioitalia\/wp-content\/uploads\/sites\/27\/2022\/11\/Dario-Apostoli-20-Gatto-2021-BASSA-150x150.jpg\" class=\"attachment-thumbnail size-thumbnail\" alt=\"\" srcset=\"https:\/\/fiaf.net\/portfolioitalia\/wp-content\/uploads\/sites\/27\/2022\/11\/Dario-Apostoli-20-Gatto-2021-BASSA-150x150.jpg 150w, https:\/\/fiaf.net\/portfolioitalia\/wp-content\/uploads\/sites\/27\/2022\/11\/Dario-Apostoli-20-Gatto-2021-BASSA-300x300.jpg 300w, https:\/\/fiaf.net\/portfolioitalia\/wp-content\/uploads\/sites\/27\/2022\/11\/Dario-Apostoli-20-Gatto-2021-BASSA-1024x1024.jpg 1024w, https:\/\/fiaf.net\/portfolioitalia\/wp-content\/uploads\/sites\/27\/2022\/11\/Dario-Apostoli-20-Gatto-2021-BASSA-768x768.jpg 768w, https:\/\/fiaf.net\/portfolioitalia\/wp-content\/uploads\/sites\/27\/2022\/11\/Dario-Apostoli-20-Gatto-2021-BASSA-1536x1536.jpg 1536w, https:\/\/fiaf.net\/portfolioitalia\/wp-content\/uploads\/sites\/27\/2022\/11\/Dario-Apostoli-20-Gatto-2021-BASSA.jpg 1575w\" sizes=\"auto, (max-width: 150px) 100vw, 150px\" \/><\/a>\n\t\t\t<\/div><\/figure><figure class='gallery-item'>\n\t\t\t<div class='gallery-icon landscape'>\n\t\t\t\t<a href='https:\/\/fiaf.net\/portfolioitalia\/wp-content\/uploads\/sites\/27\/2022\/11\/Dario-Apostoli-21-Assenze-2021-scaled.jpg'><img loading=\"lazy\" decoding=\"async\" width=\"150\" height=\"150\" src=\"https:\/\/fiaf.net\/portfolioitalia\/wp-content\/uploads\/sites\/27\/2022\/11\/Dario-Apostoli-21-Assenze-2021-150x150.jpg\" class=\"attachment-thumbnail size-thumbnail\" alt=\"\" srcset=\"https:\/\/fiaf.net\/portfolioitalia\/wp-content\/uploads\/sites\/27\/2022\/11\/Dario-Apostoli-21-Assenze-2021-150x150.jpg 150w, https:\/\/fiaf.net\/portfolioitalia\/wp-content\/uploads\/sites\/27\/2022\/11\/Dario-Apostoli-21-Assenze-2021-300x300.jpg 300w, https:\/\/fiaf.net\/portfolioitalia\/wp-content\/uploads\/sites\/27\/2022\/11\/Dario-Apostoli-21-Assenze-2021-1024x1024.jpg 1024w, https:\/\/fiaf.net\/portfolioitalia\/wp-content\/uploads\/sites\/27\/2022\/11\/Dario-Apostoli-21-Assenze-2021-768x768.jpg 768w, https:\/\/fiaf.net\/portfolioitalia\/wp-content\/uploads\/sites\/27\/2022\/11\/Dario-Apostoli-21-Assenze-2021-1536x1536.jpg 1536w, https:\/\/fiaf.net\/portfolioitalia\/wp-content\/uploads\/sites\/27\/2022\/11\/Dario-Apostoli-21-Assenze-2021-2048x2048.jpg 2048w\" sizes=\"auto, (max-width: 150px) 100vw, 150px\" \/><\/a>\n\t\t\t<\/div><\/figure>\n\t\t<\/div>\n\n<p><em>di Massimo Agus<\/em><\/p>\n<p class=\"p1\">Dario Apostoli presenta cos\u00ec il suo lavoro: \u201cQuesto percorso fotografico abbraccia un periodo di 5 anni, durante il quale sono stato costantemente e profondamente in contatto con me stesso, con le parti pi\u00f9 nascoste e segrete del mio Essere\u201d. Sono parole che ci introducono nel suo mondo di ricordi, di sentimenti e di immaginazione, nel quale l\u2019autore ci invita a guardare mentre tira le fila della propria esistenza ed appartenenza. Il portfolio prende forma dalla necessit\u00e0 di indagare i concetti di identit\u00e0 e di memoria, recuperando i frammenti di una vita che lo ha portato da Berna sua citt\u00e0 natale, alla Sardegna luogo di crescita e di formazione, al \u2018continente\u2019 in cui si trasferisce e a cui lo lega il luogo di nascita della madre. Una ramificazione di radici che vengono filtrate e amalgamate in un lavoro creativo alla cui base persiste un sentimento di mancanza e di messa in questione del concetto stesso di identit\u00e0. Il lavoro di Apostoli pone una domanda: dove risiedono le nostre radici? Forse in nessun luogo fisico definito, ma affondano nel nostro mondo interiore, in quei ricordi e frammenti di memorie e di stati d\u2019animo vissuti e immaginati che formano il fluido magmatico da cui attingere linfa vitale e creativa. Il titolo <em>Mu\u0308hlemattstrasse 33<\/em> si riferisce alla strada di Berna in cui l\u2019autore ha vissuto fino a tre anni, ed \u00e8 il punto di partenza del viaggio che lo porta a ripercorre la sua vita e i sentimenti della sua infanzia. L\u2019occasione viene fornita dal ritrovamento, dopo la morte del padre, di una scatola foderata contenente vecchie fotografie che diventano il veicolo per andare a cercare le ragioni della propria esistenza e riviverla nel crogiolo dell\u2019immaginazione. In questo viaggio Apostoli non cerca una ricostruzione razionale e storica del suo passato, ma si lascia andare alle associazioni visive, alle suggestioni, alle analogie, alle coincidenze. Luoghi, affetti, situazioni, emozioni appaiono in alcune delle fotografie ritrovate, ma soprattutto in quelle scattate recentemente in cui memoria e immaginazione si combinano per ritrovare un terreno comune. I frammenti dei ricordi dell\u2019infanzia e dei genitori, ripescati dal passato, ritornano come un complesso sistema di sensazioni e di rispondenze che, partendo dalla sedimentazione dei valori emotivi, si combinano tra loro, assumendo forme e significati che portano ad una rilettura e ricostruzione dei contenuti trasfigurati in una nuova visione. L\u2019uso della doppia esposizione, con la sua diplopia visiva, \u00e8 la chiave del dispositivo creativo seguito, che si incunea tra presente e passato, trasformando ogni immagine in una macchina del tempo, dentro cui cercare indizi per spiegare il proprio percorso di vita. Il trattamento monocromatico scelto accentua questa sensazione con un verde pallido che ci riporta all\u2019onirico, alle immagini interiori, all\u2019invisibile, che allaccia la vita con la morte, e che sottolinea il distacco temporale con cui il passato viene riportato in superficie dalle regioni dell\u2019inconscio. L\u2019acqua (lago, fontana, piscina, mare) diventa l\u2019elemento principale e ricorrente, in cui si mescola ricordo e presente, immaginazione e stati d\u2019animo: un accogliente liquido amniotico in cui i frammenti dei ricordi si immergono e da cui escono trasfigurati in una sorta di circolarit\u00e0 temporale. La qualit\u00e0 del lavoro di Dario Apostoli sta nel suo percorso di esplorazione creativa, frutto dell\u2019incontro tra memoria e immaginazione, entit\u00e0 del nostro essere che spesso si confondono, si mescolano, si uniscono in un processo mentale in cui esperienze del passato e tensioni verso il futuro non possono prescindere le une dalle altre, e diventano strumento per ridefinire i confini dei ricordi e creare uno spazio visivo atto a veicolare nuovamente emozioni e stati d\u2019animo.<\/p>\n<p class=\"p1\"><strong>Biografia<\/strong><\/p>\n<p class=\"p1\">Nasce a Berna nel 1970. Sin da ragazzo, avendo subito il fascino della camera oscura, si dedica alla sua grande passione: la fotografia. Per ogni progetto cura personalmente lo sviluppo e la stampa. Ha partecipato a numerosi corsi e workshop affinando la sua conoscenza delle tecniche e della storia della fotografia italiana e internazionale. Insegna fotografia in corsi per enti pubblici e privati. Nel 2004 \u00e8 stato selezionato tra undici fotografi italiani per <em>Pavullo Estate Fotografica.<\/em> Dal 2008 sperimenta il cinema filmando cortometraggi con il telefono cellulare. Nel 2009 il suo corto, <em>Notturno<\/em>, viene selezionato per la competizione ufficiale del<em> Festival Pocket Films<\/em> a Parigi, mentre un altro suo cortometraggio, <em>Rimini<\/em>, \u00e8 proiettato accanto ai film di Katherin McInnis, Rapha\u00ebl Maze e Alain Fleisher nell\u2019ambito del programma sperimentale sullo studio del movimento. Ha all\u2019attivo numerose mostre e proiezioni sia personali che collettive. Nel 2014 pubblica <em>Soglie<\/em>, un libro fotografico edito da Gente di Fotografia per la collana \u201ci Quaderni di Gente di Fotografia\u201d. Altre sue pubblicazioni sono sulle riviste: Gente di Fotografia, ImageMag e Canon Photo Professional.<\/p>\n<p>&nbsp;<\/p>\n<p>&nbsp;<\/p>\n\n    <div class=\"xs_social_share_widget xs_share_url after_content \t\tmain_content  wslu-style-1 wslu-share-box-shaped wslu-fill-colored wslu-none wslu-share-horizontal wslu-theme-font-no wslu-main_content\">\n\n\t\t\n        <ul>\n\t\t\t        <\/ul>\n    <\/div> \n","protected":false},"excerpt":{"rendered":"<p>Opera 2\u00b0 Premio ex-aequo Portfolio Italia 2022 di Massimo Agus Dario Apostoli presenta cos\u00ec il suo lavoro: \u201cQuesto percorso fotografico &hellip;<\/p>\n","protected":false},"author":64,"featured_media":3140,"comment_status":"closed","ping_status":"open","sticky":false,"template":"","format":"standard","meta":{"_acf_changed":false,"footnotes":""},"categories":[31],"tags":[],"class_list":["post-3139","post","type-post","status-publish","format-standard","has-post-thumbnail","hentry","category-vincitori-2022"],"acf":[],"_links":{"self":[{"href":"https:\/\/fiaf.net\/portfolioitalia\/wp-json\/wp\/v2\/posts\/3139","targetHints":{"allow":["GET"]}}],"collection":[{"href":"https:\/\/fiaf.net\/portfolioitalia\/wp-json\/wp\/v2\/posts"}],"about":[{"href":"https:\/\/fiaf.net\/portfolioitalia\/wp-json\/wp\/v2\/types\/post"}],"author":[{"embeddable":true,"href":"https:\/\/fiaf.net\/portfolioitalia\/wp-json\/wp\/v2\/users\/64"}],"replies":[{"embeddable":true,"href":"https:\/\/fiaf.net\/portfolioitalia\/wp-json\/wp\/v2\/comments?post=3139"}],"version-history":[{"count":3,"href":"https:\/\/fiaf.net\/portfolioitalia\/wp-json\/wp\/v2\/posts\/3139\/revisions"}],"predecessor-version":[{"id":3226,"href":"https:\/\/fiaf.net\/portfolioitalia\/wp-json\/wp\/v2\/posts\/3139\/revisions\/3226"}],"wp:featuredmedia":[{"embeddable":true,"href":"https:\/\/fiaf.net\/portfolioitalia\/wp-json\/wp\/v2\/media\/3140"}],"wp:attachment":[{"href":"https:\/\/fiaf.net\/portfolioitalia\/wp-json\/wp\/v2\/media?parent=3139"}],"wp:term":[{"taxonomy":"category","embeddable":true,"href":"https:\/\/fiaf.net\/portfolioitalia\/wp-json\/wp\/v2\/categories?post=3139"},{"taxonomy":"post_tag","embeddable":true,"href":"https:\/\/fiaf.net\/portfolioitalia\/wp-json\/wp\/v2\/tags?post=3139"}],"curies":[{"name":"wp","href":"https:\/\/api.w.org\/{rel}","templated":true}]}}