{"id":3634,"date":"2009-12-11T11:00:13","date_gmt":"2009-12-11T10:00:13","guid":{"rendered":"https:\/\/fiaf.net\/portfolioitalia\/?p=3634"},"modified":"2023-04-11T14:28:19","modified_gmt":"2023-04-11T12:28:19","slug":"maurizio-chelucci-agora-2-premio-ex-aequo-2009","status":"publish","type":"post","link":"https:\/\/fiaf.net\/portfolioitalia\/maurizio-chelucci-agora-2-premio-ex-aequo-2009\/","title":{"rendered":"Maurizio Chelucci \/ Agor\u00e0 &#8211; 2\u00b0 Premio ex-aequo 2009"},"content":{"rendered":"<p><strong>Opera 2\u00b0 Premio ex-aequo Portfolio Italia 2009<\/strong><br \/>\n<!--more--><\/p>\n<div id='gallery-1' class='gallery galleryid-3634 gallery-columns-3 gallery-size-thumbnail'><figure class='gallery-item'>\n\t\t\t<div class='gallery-icon landscape'>\n\t\t\t\t<a href='https:\/\/fiaf.net\/portfolioitalia\/wp-content\/uploads\/sites\/27\/2023\/04\/chelucci-1.jpeg'><img loading=\"lazy\" decoding=\"async\" width=\"150\" height=\"150\" src=\"https:\/\/fiaf.net\/portfolioitalia\/wp-content\/uploads\/sites\/27\/2023\/04\/chelucci-1-150x150.jpeg\" class=\"attachment-thumbnail size-thumbnail\" alt=\"\" \/><\/a>\n\t\t\t<\/div><\/figure><figure class='gallery-item'>\n\t\t\t<div class='gallery-icon landscape'>\n\t\t\t\t<a href='https:\/\/fiaf.net\/portfolioitalia\/wp-content\/uploads\/sites\/27\/2023\/04\/chelucci-2.jpeg'><img loading=\"lazy\" decoding=\"async\" width=\"150\" height=\"150\" src=\"https:\/\/fiaf.net\/portfolioitalia\/wp-content\/uploads\/sites\/27\/2023\/04\/chelucci-2-150x150.jpeg\" class=\"attachment-thumbnail size-thumbnail\" alt=\"\" \/><\/a>\n\t\t\t<\/div><\/figure><figure class='gallery-item'>\n\t\t\t<div class='gallery-icon landscape'>\n\t\t\t\t<a href='https:\/\/fiaf.net\/portfolioitalia\/wp-content\/uploads\/sites\/27\/2023\/04\/chelucci-3.jpeg'><img loading=\"lazy\" decoding=\"async\" width=\"150\" height=\"150\" src=\"https:\/\/fiaf.net\/portfolioitalia\/wp-content\/uploads\/sites\/27\/2023\/04\/chelucci-3-150x150.jpeg\" class=\"attachment-thumbnail size-thumbnail\" alt=\"\" \/><\/a>\n\t\t\t<\/div><\/figure><figure class='gallery-item'>\n\t\t\t<div class='gallery-icon landscape'>\n\t\t\t\t<a href='https:\/\/fiaf.net\/portfolioitalia\/wp-content\/uploads\/sites\/27\/2023\/04\/chelucci-4.jpeg'><img loading=\"lazy\" decoding=\"async\" width=\"150\" height=\"150\" src=\"https:\/\/fiaf.net\/portfolioitalia\/wp-content\/uploads\/sites\/27\/2023\/04\/chelucci-4-150x150.jpeg\" class=\"attachment-thumbnail size-thumbnail\" alt=\"\" \/><\/a>\n\t\t\t<\/div><\/figure><figure class='gallery-item'>\n\t\t\t<div class='gallery-icon landscape'>\n\t\t\t\t<a href='https:\/\/fiaf.net\/portfolioitalia\/wp-content\/uploads\/sites\/27\/2023\/04\/chelucci-5.jpeg'><img loading=\"lazy\" decoding=\"async\" width=\"150\" height=\"150\" src=\"https:\/\/fiaf.net\/portfolioitalia\/wp-content\/uploads\/sites\/27\/2023\/04\/chelucci-5-150x150.jpeg\" class=\"attachment-thumbnail size-thumbnail\" alt=\"\" \/><\/a>\n\t\t\t<\/div><\/figure><figure class='gallery-item'>\n\t\t\t<div class='gallery-icon landscape'>\n\t\t\t\t<a href='https:\/\/fiaf.net\/portfolioitalia\/wp-content\/uploads\/sites\/27\/2023\/04\/chelucci-6.jpeg'><img loading=\"lazy\" decoding=\"async\" width=\"150\" height=\"150\" src=\"https:\/\/fiaf.net\/portfolioitalia\/wp-content\/uploads\/sites\/27\/2023\/04\/chelucci-6-150x150.jpeg\" class=\"attachment-thumbnail size-thumbnail\" alt=\"\" \/><\/a>\n\t\t\t<\/div><\/figure><figure class='gallery-item'>\n\t\t\t<div class='gallery-icon landscape'>\n\t\t\t\t<a href='https:\/\/fiaf.net\/portfolioitalia\/wp-content\/uploads\/sites\/27\/2023\/04\/chelucci-7.jpeg'><img loading=\"lazy\" decoding=\"async\" width=\"150\" height=\"150\" src=\"https:\/\/fiaf.net\/portfolioitalia\/wp-content\/uploads\/sites\/27\/2023\/04\/chelucci-7-150x150.jpeg\" class=\"attachment-thumbnail size-thumbnail\" alt=\"\" \/><\/a>\n\t\t\t<\/div><\/figure><figure class='gallery-item'>\n\t\t\t<div class='gallery-icon landscape'>\n\t\t\t\t<a href='https:\/\/fiaf.net\/portfolioitalia\/wp-content\/uploads\/sites\/27\/2023\/04\/chelucci-8.jpeg'><img loading=\"lazy\" decoding=\"async\" width=\"150\" height=\"150\" src=\"https:\/\/fiaf.net\/portfolioitalia\/wp-content\/uploads\/sites\/27\/2023\/04\/chelucci-8-150x150.jpeg\" class=\"attachment-thumbnail size-thumbnail\" alt=\"\" \/><\/a>\n\t\t\t<\/div><\/figure><figure class='gallery-item'>\n\t\t\t<div class='gallery-icon landscape'>\n\t\t\t\t<a href='https:\/\/fiaf.net\/portfolioitalia\/wp-content\/uploads\/sites\/27\/2023\/04\/chelucci-9.jpeg'><img loading=\"lazy\" decoding=\"async\" width=\"150\" height=\"150\" src=\"https:\/\/fiaf.net\/portfolioitalia\/wp-content\/uploads\/sites\/27\/2023\/04\/chelucci-9-150x150.jpeg\" class=\"attachment-thumbnail size-thumbnail\" alt=\"\" \/><\/a>\n\t\t\t<\/div><\/figure><figure class='gallery-item'>\n\t\t\t<div class='gallery-icon landscape'>\n\t\t\t\t<a href='https:\/\/fiaf.net\/portfolioitalia\/wp-content\/uploads\/sites\/27\/2023\/04\/chelucci-10.jpeg'><img loading=\"lazy\" decoding=\"async\" width=\"150\" height=\"150\" src=\"https:\/\/fiaf.net\/portfolioitalia\/wp-content\/uploads\/sites\/27\/2023\/04\/chelucci-10-150x150.jpeg\" class=\"attachment-thumbnail size-thumbnail\" alt=\"\" \/><\/a>\n\t\t\t<\/div><\/figure><figure class='gallery-item'>\n\t\t\t<div class='gallery-icon landscape'>\n\t\t\t\t<a href='https:\/\/fiaf.net\/portfolioitalia\/wp-content\/uploads\/sites\/27\/2023\/04\/chelucci-11.jpeg'><img loading=\"lazy\" decoding=\"async\" width=\"150\" height=\"150\" src=\"https:\/\/fiaf.net\/portfolioitalia\/wp-content\/uploads\/sites\/27\/2023\/04\/chelucci-11-150x150.jpeg\" class=\"attachment-thumbnail size-thumbnail\" alt=\"\" \/><\/a>\n\t\t\t<\/div><\/figure><figure class='gallery-item'>\n\t\t\t<div class='gallery-icon landscape'>\n\t\t\t\t<a href='https:\/\/fiaf.net\/portfolioitalia\/wp-content\/uploads\/sites\/27\/2023\/04\/chelucci-12.jpeg'><img loading=\"lazy\" decoding=\"async\" width=\"150\" height=\"150\" src=\"https:\/\/fiaf.net\/portfolioitalia\/wp-content\/uploads\/sites\/27\/2023\/04\/chelucci-12-150x150.jpeg\" class=\"attachment-thumbnail size-thumbnail\" alt=\"\" \/><\/a>\n\t\t\t<\/div><\/figure><figure class='gallery-item'>\n\t\t\t<div class='gallery-icon landscape'>\n\t\t\t\t<a href='https:\/\/fiaf.net\/portfolioitalia\/wp-content\/uploads\/sites\/27\/2023\/04\/chelucci-13.jpeg'><img loading=\"lazy\" decoding=\"async\" width=\"150\" height=\"150\" src=\"https:\/\/fiaf.net\/portfolioitalia\/wp-content\/uploads\/sites\/27\/2023\/04\/chelucci-13-150x150.jpeg\" class=\"attachment-thumbnail size-thumbnail\" alt=\"\" \/><\/a>\n\t\t\t<\/div><\/figure><figure class='gallery-item'>\n\t\t\t<div class='gallery-icon landscape'>\n\t\t\t\t<a href='https:\/\/fiaf.net\/portfolioitalia\/wp-content\/uploads\/sites\/27\/2023\/04\/chelucci-14.jpeg'><img loading=\"lazy\" decoding=\"async\" width=\"150\" height=\"123\" src=\"https:\/\/fiaf.net\/portfolioitalia\/wp-content\/uploads\/sites\/27\/2023\/04\/chelucci-14-150x123.jpeg\" class=\"attachment-thumbnail size-thumbnail\" alt=\"\" \/><\/a>\n\t\t\t<\/div><\/figure><figure class='gallery-item'>\n\t\t\t<div class='gallery-icon landscape'>\n\t\t\t\t<a href='https:\/\/fiaf.net\/portfolioitalia\/wp-content\/uploads\/sites\/27\/2023\/04\/chelucci-15.jpeg'><img loading=\"lazy\" decoding=\"async\" width=\"150\" height=\"150\" src=\"https:\/\/fiaf.net\/portfolioitalia\/wp-content\/uploads\/sites\/27\/2023\/04\/chelucci-15-150x150.jpeg\" class=\"attachment-thumbnail size-thumbnail\" alt=\"\" \/><\/a>\n\t\t\t<\/div><\/figure><figure class='gallery-item'>\n\t\t\t<div class='gallery-icon landscape'>\n\t\t\t\t<a href='https:\/\/fiaf.net\/portfolioitalia\/wp-content\/uploads\/sites\/27\/2023\/04\/chelucci-16.jpeg'><img loading=\"lazy\" decoding=\"async\" width=\"150\" height=\"150\" src=\"https:\/\/fiaf.net\/portfolioitalia\/wp-content\/uploads\/sites\/27\/2023\/04\/chelucci-16-150x150.jpeg\" class=\"attachment-thumbnail size-thumbnail\" alt=\"\" \/><\/a>\n\t\t\t<\/div><\/figure>\n\t\t<\/div>\n\n<p><em>di <\/em><em>Pippo Pappalardo<\/em><\/p>\n<p>Se la citt\u00e0 \u00e8 una creatura dell\u2019uomo allora la sua rappresentazione fotografica dovrebbe evidenziarne le emozioni che vi abitano (oppure le sue disgraziate assenze) e raccoglierle l\u00e0 dove esse si manifestano. Occorre ripensare la citt\u00e0 come un luogo dove potere essere felici e cos\u00ec contrastare la visione del caos e della fatica del vivere quotidiano. Si tratta di impegnare le comuni energie visive per attraversare e reinterpretare la mappa degli spazi urbani e \u201cliberarli\u201d affinch\u00e9 il cittadino possa viverli in un tempo non solo produttivo ma, anche, in un tempo dove emozioni e ricchezza di idee possano divenire strumenti di nuova convivenza. Un invito, quindi, a riprenderci il senso dei luoghi dell\u2019abitare e del camminare eticamente, andando oltre il semplice spostamento e l\u2019ansia del rifugio; un\u2019esortazione a vivere, dentro ed attraverso, il senso delle polis e delle agor\u00e0. Il gesto del fotografo, qui sospeso tra la necessit\u00e0 di congiungere queste istanze con la storia della realt\u00e0 osservata e quella di ampliare gli spazi medesimi della riflessione (peraltro, egregiamente risolta e compiuta nella scelta del formato panoramico e nell\u2019uso dello stitching), testimonia del prezioso legame, il \u201cplanus\u201d, tra pietre e colori, emozioni e proporzioni, che non pretende di essere percepito e riconosciuto una volta e per sempre ma vuole \u201caprirsi\u201d come spazio esistenziale da penetrare in consonanza, in compassione, anche perch\u00e9, ormai, e ne siamo consapevoli, in queste agor\u00e0 ci andiamo specchiando tutti. Questo atteggiamento affiora tra le citt\u00e0 del mondo laddove la fotografia rende visibile l\u2019invisibilit\u00e0 in cui proprio le citt\u00e0 sono tentate di immergersi, sicch\u00e9 l\u2019occhio fotografico denuncia il sofferto \u201cstarci dentro\u201d e propone il riconoscimento di essere noi per primi parti delle stesse. Ed in tale prospettiva la sequenza si ricongiunge alla ricerca che attraverso Meyerowitz, Chiaramonte, Calvino, Atget, \u201crivede\u201d gli spazi aperti di Piero della Francesca e delle sue agor\u00e0 ideali.<\/p>\n<p class=\"p1\"><strong>Biografia<br \/>\n<\/strong><em>Nasce a Roma nel 1962. Inizia a fotografare nel 1977. Nei primi anni partecipa con successo a diversi concorsi fotografici. Di seguito si occupa principalmente di reportage di viaggi in Europa ed Africa. Nel 1990 frequenta il circolo Blow-up di Roma da cui esce nel 1992 per partecipare alla fondazione del gruppo fotografico dell\u2019Associazione Culturale Controchiave in cui tiene corsi di fotografia. L\u2019approccio ed il significato della fotografia vengono in quegli anni analizzati dal gruppo fotografico Controchiave (GFC) ed il risultato \u00e8 il manifesto fotografico e le varie sperimentazioni, installazioni multimediali, spettacoli dal vivo mostre e manifestazioni realizzate. Scrive anche un manuale di fotografia pubblicato da CHL e Finson. Nel 1999 inizia la collaborazione con MassenzioArte di cui \u00e8 direttore artistico per la fotografia; \u00a0\u00e8 stato per due anni caporedattore della sezione fotografia della rivista d\u2019arte ExibArt e collabora con il magazine Cultframe. Nel 2004 fonda il gruppo di artisti \u00a0Abusidarte. \u00a0\u00c8 fra i fondatori e curatore dal 2001 della rassegna Confini. Dal 2005 al 2007 \u00e8 cofondatore e direttore artistico del festival FotoLeggendo.<\/em><\/p>\n<p>&nbsp;<\/p>\n<p>&nbsp;<\/p>\n\n    <div class=\"xs_social_share_widget xs_share_url after_content \t\tmain_content  wslu-style-1 wslu-share-box-shaped wslu-fill-colored wslu-none wslu-share-horizontal wslu-theme-font-no wslu-main_content\">\n\n\t\t\n        <ul>\n\t\t\t        <\/ul>\n    <\/div> \n","protected":false},"excerpt":{"rendered":"<p>Opera 2\u00b0 Premio ex-aequo Portfolio Italia 2009 di Pippo Pappalardo Se la citt\u00e0 \u00e8 una creatura dell\u2019uomo allora la sua &hellip;<\/p>\n","protected":false},"author":64,"featured_media":3651,"comment_status":"closed","ping_status":"open","sticky":false,"template":"","format":"standard","meta":{"_acf_changed":false,"footnotes":""},"categories":[39],"tags":[],"class_list":["post-3634","post","type-post","status-publish","format-standard","has-post-thumbnail","hentry","category-vincitori-2009"],"acf":[],"_links":{"self":[{"href":"https:\/\/fiaf.net\/portfolioitalia\/wp-json\/wp\/v2\/posts\/3634","targetHints":{"allow":["GET"]}}],"collection":[{"href":"https:\/\/fiaf.net\/portfolioitalia\/wp-json\/wp\/v2\/posts"}],"about":[{"href":"https:\/\/fiaf.net\/portfolioitalia\/wp-json\/wp\/v2\/types\/post"}],"author":[{"embeddable":true,"href":"https:\/\/fiaf.net\/portfolioitalia\/wp-json\/wp\/v2\/users\/64"}],"replies":[{"embeddable":true,"href":"https:\/\/fiaf.net\/portfolioitalia\/wp-json\/wp\/v2\/comments?post=3634"}],"version-history":[{"count":2,"href":"https:\/\/fiaf.net\/portfolioitalia\/wp-json\/wp\/v2\/posts\/3634\/revisions"}],"predecessor-version":[{"id":3750,"href":"https:\/\/fiaf.net\/portfolioitalia\/wp-json\/wp\/v2\/posts\/3634\/revisions\/3750"}],"wp:featuredmedia":[{"embeddable":true,"href":"https:\/\/fiaf.net\/portfolioitalia\/wp-json\/wp\/v2\/media\/3651"}],"wp:attachment":[{"href":"https:\/\/fiaf.net\/portfolioitalia\/wp-json\/wp\/v2\/media?parent=3634"}],"wp:term":[{"taxonomy":"category","embeddable":true,"href":"https:\/\/fiaf.net\/portfolioitalia\/wp-json\/wp\/v2\/categories?post=3634"},{"taxonomy":"post_tag","embeddable":true,"href":"https:\/\/fiaf.net\/portfolioitalia\/wp-json\/wp\/v2\/tags?post=3634"}],"curies":[{"name":"wp","href":"https:\/\/api.w.org\/{rel}","templated":true}]}}