{"id":4434,"date":"2023-08-08T15:58:34","date_gmt":"2023-08-08T13:58:34","guid":{"rendered":"https:\/\/fiaf.net\/portfolioitalia\/?p=4434"},"modified":"2023-08-08T16:02:07","modified_gmt":"2023-08-08T14:02:07","slug":"risultati-della-5-tappa-2023-22-portfolio-dellariosto-castelnuovo-di-garfagnana-lucca","status":"publish","type":"post","link":"https:\/\/fiaf.net\/portfolioitalia\/risultati-della-5-tappa-2023-22-portfolio-dellariosto-castelnuovo-di-garfagnana-lucca\/","title":{"rendered":"Risultati della 5^ Tappa 2023 &#8211; 22\u00b0 Portfolio dell&#8217;Ariosto &#8211; Castelnuovo di Garfagnana (Lucca)"},"content":{"rendered":"<p>Risultati del <strong>\u00ab22\u00b0 Portfolio dell&#8217;Ariosto\u00bb <\/strong><span style=\"font-family: -apple-system, BlinkMacSystemFont, 'Segoe UI', Roboto, Oxygen, Oxygen-Sans, Ubuntu, Cantarell, 'Helvetica Neue', 'Open Sans', Arial, sans-serif\">quinta delle dieci Selezioni aderenti al <\/span><strong style=\"font-family: -apple-system, BlinkMacSystemFont, 'Segoe UI', Roboto, Oxygen, Oxygen-Sans, Ubuntu, Cantarell, 'Helvetica Neue', 'Open Sans', Arial, sans-serif\">\u00ab20\u00b0 Portfolio Italia 2023 &#8211; Gran Premio Panasonic\u00bb<\/strong><\/p>\n<p><!--more--><\/p>\n<p class=\"p1\">Il <strong>\u00ab22\u00b0 Portfolio dell\u2019Ariosto\u00bb<\/strong> organizzato, nell\u2019ambito del \u00ab24\u00b0 Garfagnana<br \/>\nFotografia\u00bb, dal \u201cCircolo Fotocine Garfagnana\u201d, si \u00e8 svolto nelle giornate del <strong>5<\/strong> e <strong>6 agosto<\/strong><br \/>\n<strong>2023<\/strong> a Castelnuovo di Garfagnana (Lucca), sull\u2019Ex Pista di Pattinaggio sita in Via Vittorio<br \/>\nEmanuele. Agli Incontri hanno partecipato <strong>40 Autori<\/strong> con <strong>53 Portfolio.<\/strong> Sono state<br \/>\neffettuate<strong> 114 Letture<\/strong>. A conclusione delle due giornate, la Commissione Selezionatrice,<br \/>\ncomposta dai Signori Alessandra Baldoni, Lorenzo Cicconi Massi, Roberto Evangelisti,<br \/>\nStefania Lasagni, Massimo Mazzoli, Fulvio Merlak (Presidente di Giuria) e Lorenzo<br \/>\nZoppolato, ha assegnato i riconoscimenti come segue:<\/p>\n<p>&nbsp;<\/p>\n<p class=\"p1\"><strong>1\u00b0 Premio<\/strong> a <strong>\u00abVelvet Waves\u00bb<\/strong> di <strong>Nicoletta CERASOMMA<\/strong> di Lucca<br \/>\n(Portfolio composto da 13 immagini a Colori realizzate nel 2022)<br \/>\ncon la seguente motivazione:<br \/>\n\u00abOmbre che si compongono, incroci di simboli, segni che perturbano lo sguardo.<br \/>\nAccostamenti simili a canti, voci sommesse che spingono per aprirsi, si fanno acqua e<br \/>\npanneggio, segreto marino, pietra e velluto. Composte in dittici e innalzate in immagini<br \/>\nsimbolo, raccontano di un&#8217;esistenza, evocano una donna straordinaria che preme per<br \/>\nprendersi un posto &#8211; il suo posto &#8211; e che ci rapisce gli occhi intrappolandoci sensualmente<br \/>\nin un raffinato arabesco tra mistero, storia e incanto.\u00bb<\/p>\n<p><a href=\"https:\/\/fiaf.net\/portfolioitalia\/wp-content\/uploads\/sites\/27\/2023\/08\/Velvet-Waves-Nicoletta-Cerasomma.jpg\" target=\"_blank\" rel=\"noopener\"><img loading=\"lazy\" decoding=\"async\" class=\"alignnone wp-image-4435 size-large\" src=\"https:\/\/fiaf.net\/portfolioitalia\/wp-content\/uploads\/sites\/27\/2023\/08\/Velvet-Waves-Nicoletta-Cerasomma-854x1024.jpg\" alt=\"\" width=\"854\" height=\"1024\" srcset=\"https:\/\/fiaf.net\/portfolioitalia\/wp-content\/uploads\/sites\/27\/2023\/08\/Velvet-Waves-Nicoletta-Cerasomma-854x1024.jpg 854w, https:\/\/fiaf.net\/portfolioitalia\/wp-content\/uploads\/sites\/27\/2023\/08\/Velvet-Waves-Nicoletta-Cerasomma-250x300.jpg 250w, https:\/\/fiaf.net\/portfolioitalia\/wp-content\/uploads\/sites\/27\/2023\/08\/Velvet-Waves-Nicoletta-Cerasomma-768x920.jpg 768w, https:\/\/fiaf.net\/portfolioitalia\/wp-content\/uploads\/sites\/27\/2023\/08\/Velvet-Waves-Nicoletta-Cerasomma-1282x1536.jpg 1282w, https:\/\/fiaf.net\/portfolioitalia\/wp-content\/uploads\/sites\/27\/2023\/08\/Velvet-Waves-Nicoletta-Cerasomma.jpg 1653w\" sizes=\"auto, (max-width: 854px) 100vw, 854px\" \/><\/a><\/p>\n<p class=\"p1\"><strong>2\u00b0 Premio<\/strong> a <strong>\u00abSwing in the head\u00bb<\/strong> di <strong>Antonio IUBATTI<\/strong> di Ortona (CH)<br \/>\n(Portfolio composto da 9 immagini in Bianco&amp;Nero realizzate fra il 2022 e il 2023)<br \/>\ncon la seguente motivazione:<br \/>\n\u00abL&#8217;Autore ci porta con efficacia dentro una giornata in cui la cefalea che colpisce la sua<br \/>\ncompagna \u00e8 cos\u00ec forte da obbligarti a sprofondare con lei in una dimensione grigia, dove il<br \/>\nsilenzio \u00e8 condizione necessaria. \u00c8 una sequenza intima e misurata, in cui l&#8217;uso della luce \u00e8<br \/>\nfunzionale a raccontare questa bolla di sofferenza nella penombra.\u00bb<\/p>\n<p>&nbsp;<\/p>\n<p><a href=\"https:\/\/fiaf.net\/portfolioitalia\/wp-content\/uploads\/sites\/27\/2023\/08\/Swing-in-the-head-Antonio-Iubatti.jpg\" target=\"_blank\" rel=\"noopener\"><img loading=\"lazy\" decoding=\"async\" class=\"alignnone wp-image-4437 size-large\" src=\"https:\/\/fiaf.net\/portfolioitalia\/wp-content\/uploads\/sites\/27\/2023\/08\/Swing-in-the-head-Antonio-Iubatti-1024x746.jpg\" alt=\"\" width=\"1024\" height=\"746\" srcset=\"https:\/\/fiaf.net\/portfolioitalia\/wp-content\/uploads\/sites\/27\/2023\/08\/Swing-in-the-head-Antonio-Iubatti-1024x746.jpg 1024w, https:\/\/fiaf.net\/portfolioitalia\/wp-content\/uploads\/sites\/27\/2023\/08\/Swing-in-the-head-Antonio-Iubatti-300x219.jpg 300w, https:\/\/fiaf.net\/portfolioitalia\/wp-content\/uploads\/sites\/27\/2023\/08\/Swing-in-the-head-Antonio-Iubatti-768x560.jpg 768w, https:\/\/fiaf.net\/portfolioitalia\/wp-content\/uploads\/sites\/27\/2023\/08\/Swing-in-the-head-Antonio-Iubatti-1536x1119.jpg 1536w, https:\/\/fiaf.net\/portfolioitalia\/wp-content\/uploads\/sites\/27\/2023\/08\/Swing-in-the-head-Antonio-Iubatti.jpg 1651w\" sizes=\"auto, (max-width: 1024px) 100vw, 1024px\" \/><\/a><\/p>\n\n    <div class=\"xs_social_share_widget xs_share_url after_content \t\tmain_content  wslu-style-1 wslu-share-box-shaped wslu-fill-colored wslu-none wslu-share-horizontal wslu-theme-font-no wslu-main_content\">\n\n\t\t\n        <ul>\n\t\t\t        <\/ul>\n    <\/div> \n","protected":false},"excerpt":{"rendered":"<p>Risultati del \u00ab22\u00b0 Portfolio dell&#8217;Ariosto\u00bb quinta delle dieci Selezioni aderenti al \u00ab20\u00b0 Portfolio Italia 2023 &#8211; Gran Premio Panasonic\u00bb Il &hellip;<\/p>\n","protected":false},"author":64,"featured_media":4441,"comment_status":"open","ping_status":"open","sticky":false,"template":"","format":"standard","meta":{"_acf_changed":false,"footnotes":""},"categories":[46],"tags":[],"class_list":["post-4434","post","type-post","status-publish","format-standard","has-post-thumbnail","hentry","category-risultati-tappe-2023"],"acf":[],"_links":{"self":[{"href":"https:\/\/fiaf.net\/portfolioitalia\/wp-json\/wp\/v2\/posts\/4434","targetHints":{"allow":["GET"]}}],"collection":[{"href":"https:\/\/fiaf.net\/portfolioitalia\/wp-json\/wp\/v2\/posts"}],"about":[{"href":"https:\/\/fiaf.net\/portfolioitalia\/wp-json\/wp\/v2\/types\/post"}],"author":[{"embeddable":true,"href":"https:\/\/fiaf.net\/portfolioitalia\/wp-json\/wp\/v2\/users\/64"}],"replies":[{"embeddable":true,"href":"https:\/\/fiaf.net\/portfolioitalia\/wp-json\/wp\/v2\/comments?post=4434"}],"version-history":[{"count":3,"href":"https:\/\/fiaf.net\/portfolioitalia\/wp-json\/wp\/v2\/posts\/4434\/revisions"}],"predecessor-version":[{"id":4440,"href":"https:\/\/fiaf.net\/portfolioitalia\/wp-json\/wp\/v2\/posts\/4434\/revisions\/4440"}],"wp:featuredmedia":[{"embeddable":true,"href":"https:\/\/fiaf.net\/portfolioitalia\/wp-json\/wp\/v2\/media\/4441"}],"wp:attachment":[{"href":"https:\/\/fiaf.net\/portfolioitalia\/wp-json\/wp\/v2\/media?parent=4434"}],"wp:term":[{"taxonomy":"category","embeddable":true,"href":"https:\/\/fiaf.net\/portfolioitalia\/wp-json\/wp\/v2\/categories?post=4434"},{"taxonomy":"post_tag","embeddable":true,"href":"https:\/\/fiaf.net\/portfolioitalia\/wp-json\/wp\/v2\/tags?post=4434"}],"curies":[{"name":"wp","href":"https:\/\/api.w.org\/{rel}","templated":true}]}}