{"id":6621,"date":"2025-11-30T11:01:45","date_gmt":"2025-11-30T10:01:45","guid":{"rendered":"https:\/\/fiaf.net\/portfolioitalia\/?p=6621"},"modified":"2025-11-30T11:01:45","modified_gmt":"2025-11-30T10:01:45","slug":"giulio-brega-nelle-terre-di-diantene-2-premio-ex-aequo-portfolio-italia-2025","status":"publish","type":"post","link":"https:\/\/fiaf.net\/portfolioitalia\/giulio-brega-nelle-terre-di-diantene-2-premio-ex-aequo-portfolio-italia-2025\/","title":{"rendered":"Giulio Brega \/ Nelle terre di Diantene &#8211; 2\u00b0 Premio ex-aequo &#8211; Portfolio Italia 2025"},"content":{"rendered":"<p><strong>Nelle terre di Diantene, opera 2\u00b0 Premio ex-aequo Portfolio Italia 2025<\/strong><br \/>\n<!--more--><\/p>\n<div id='gallery-1' class='gallery galleryid-6621 gallery-columns-3 gallery-size-thumbnail'><figure class='gallery-item'>\n\t\t\t<div class='gallery-icon landscape'>\n\t\t\t\t<a href='https:\/\/fiaf.net\/portfolioitalia\/wp-content\/uploads\/sites\/27\/2025\/11\/Giulio-Brega-Nelle-terre-di-Diantene-01.jpg'><img loading=\"lazy\" decoding=\"async\" width=\"150\" height=\"150\" src=\"https:\/\/fiaf.net\/portfolioitalia\/wp-content\/uploads\/sites\/27\/2025\/11\/Giulio-Brega-Nelle-terre-di-Diantene-01-150x150.jpg\" class=\"attachment-thumbnail size-thumbnail\" alt=\"\" srcset=\"https:\/\/fiaf.net\/portfolioitalia\/wp-content\/uploads\/sites\/27\/2025\/11\/Giulio-Brega-Nelle-terre-di-Diantene-01-150x150.jpg 150w, https:\/\/fiaf.net\/portfolioitalia\/wp-content\/uploads\/sites\/27\/2025\/11\/Giulio-Brega-Nelle-terre-di-Diantene-01-300x300.jpg 300w, https:\/\/fiaf.net\/portfolioitalia\/wp-content\/uploads\/sites\/27\/2025\/11\/Giulio-Brega-Nelle-terre-di-Diantene-01-1024x1024.jpg 1024w, https:\/\/fiaf.net\/portfolioitalia\/wp-content\/uploads\/sites\/27\/2025\/11\/Giulio-Brega-Nelle-terre-di-Diantene-01-768x768.jpg 768w, https:\/\/fiaf.net\/portfolioitalia\/wp-content\/uploads\/sites\/27\/2025\/11\/Giulio-Brega-Nelle-terre-di-Diantene-01-1536x1536.jpg 1536w, https:\/\/fiaf.net\/portfolioitalia\/wp-content\/uploads\/sites\/27\/2025\/11\/Giulio-Brega-Nelle-terre-di-Diantene-01-2048x2048.jpg 2048w\" sizes=\"auto, (max-width: 150px) 100vw, 150px\" \/><\/a>\n\t\t\t<\/div><\/figure><figure class='gallery-item'>\n\t\t\t<div class='gallery-icon landscape'>\n\t\t\t\t<a href='https:\/\/fiaf.net\/portfolioitalia\/wp-content\/uploads\/sites\/27\/2025\/11\/Giulio-Brega-Nelle-terre-di-Diantene-02.jpg'><img loading=\"lazy\" decoding=\"async\" width=\"150\" height=\"150\" src=\"https:\/\/fiaf.net\/portfolioitalia\/wp-content\/uploads\/sites\/27\/2025\/11\/Giulio-Brega-Nelle-terre-di-Diantene-02-150x150.jpg\" class=\"attachment-thumbnail size-thumbnail\" alt=\"\" srcset=\"https:\/\/fiaf.net\/portfolioitalia\/wp-content\/uploads\/sites\/27\/2025\/11\/Giulio-Brega-Nelle-terre-di-Diantene-02-150x150.jpg 150w, https:\/\/fiaf.net\/portfolioitalia\/wp-content\/uploads\/sites\/27\/2025\/11\/Giulio-Brega-Nelle-terre-di-Diantene-02-300x300.jpg 300w, https:\/\/fiaf.net\/portfolioitalia\/wp-content\/uploads\/sites\/27\/2025\/11\/Giulio-Brega-Nelle-terre-di-Diantene-02-1024x1024.jpg 1024w, https:\/\/fiaf.net\/portfolioitalia\/wp-content\/uploads\/sites\/27\/2025\/11\/Giulio-Brega-Nelle-terre-di-Diantene-02-768x768.jpg 768w, https:\/\/fiaf.net\/portfolioitalia\/wp-content\/uploads\/sites\/27\/2025\/11\/Giulio-Brega-Nelle-terre-di-Diantene-02-1536x1536.jpg 1536w, https:\/\/fiaf.net\/portfolioitalia\/wp-content\/uploads\/sites\/27\/2025\/11\/Giulio-Brega-Nelle-terre-di-Diantene-02-2048x2048.jpg 2048w\" sizes=\"auto, (max-width: 150px) 100vw, 150px\" \/><\/a>\n\t\t\t<\/div><\/figure><figure class='gallery-item'>\n\t\t\t<div class='gallery-icon landscape'>\n\t\t\t\t<a href='https:\/\/fiaf.net\/portfolioitalia\/wp-content\/uploads\/sites\/27\/2025\/11\/Giulio-Brega-Nelle-terre-di-Diantene-03.jpg'><img loading=\"lazy\" decoding=\"async\" width=\"150\" height=\"150\" src=\"https:\/\/fiaf.net\/portfolioitalia\/wp-content\/uploads\/sites\/27\/2025\/11\/Giulio-Brega-Nelle-terre-di-Diantene-03-150x150.jpg\" class=\"attachment-thumbnail size-thumbnail\" alt=\"\" srcset=\"https:\/\/fiaf.net\/portfolioitalia\/wp-content\/uploads\/sites\/27\/2025\/11\/Giulio-Brega-Nelle-terre-di-Diantene-03-150x150.jpg 150w, https:\/\/fiaf.net\/portfolioitalia\/wp-content\/uploads\/sites\/27\/2025\/11\/Giulio-Brega-Nelle-terre-di-Diantene-03-300x300.jpg 300w, https:\/\/fiaf.net\/portfolioitalia\/wp-content\/uploads\/sites\/27\/2025\/11\/Giulio-Brega-Nelle-terre-di-Diantene-03-1024x1024.jpg 1024w, https:\/\/fiaf.net\/portfolioitalia\/wp-content\/uploads\/sites\/27\/2025\/11\/Giulio-Brega-Nelle-terre-di-Diantene-03-768x768.jpg 768w, https:\/\/fiaf.net\/portfolioitalia\/wp-content\/uploads\/sites\/27\/2025\/11\/Giulio-Brega-Nelle-terre-di-Diantene-03-1536x1536.jpg 1536w, https:\/\/fiaf.net\/portfolioitalia\/wp-content\/uploads\/sites\/27\/2025\/11\/Giulio-Brega-Nelle-terre-di-Diantene-03-2048x2048.jpg 2048w\" sizes=\"auto, (max-width: 150px) 100vw, 150px\" \/><\/a>\n\t\t\t<\/div><\/figure><figure class='gallery-item'>\n\t\t\t<div class='gallery-icon landscape'>\n\t\t\t\t<a href='https:\/\/fiaf.net\/portfolioitalia\/wp-content\/uploads\/sites\/27\/2025\/11\/Giulio-Brega-Nelle-terre-di-Diantene-04.jpg'><img loading=\"lazy\" decoding=\"async\" width=\"150\" height=\"150\" src=\"https:\/\/fiaf.net\/portfolioitalia\/wp-content\/uploads\/sites\/27\/2025\/11\/Giulio-Brega-Nelle-terre-di-Diantene-04-150x150.jpg\" class=\"attachment-thumbnail size-thumbnail\" alt=\"\" srcset=\"https:\/\/fiaf.net\/portfolioitalia\/wp-content\/uploads\/sites\/27\/2025\/11\/Giulio-Brega-Nelle-terre-di-Diantene-04-150x150.jpg 150w, https:\/\/fiaf.net\/portfolioitalia\/wp-content\/uploads\/sites\/27\/2025\/11\/Giulio-Brega-Nelle-terre-di-Diantene-04-300x300.jpg 300w, https:\/\/fiaf.net\/portfolioitalia\/wp-content\/uploads\/sites\/27\/2025\/11\/Giulio-Brega-Nelle-terre-di-Diantene-04-1024x1024.jpg 1024w, https:\/\/fiaf.net\/portfolioitalia\/wp-content\/uploads\/sites\/27\/2025\/11\/Giulio-Brega-Nelle-terre-di-Diantene-04-768x768.jpg 768w, https:\/\/fiaf.net\/portfolioitalia\/wp-content\/uploads\/sites\/27\/2025\/11\/Giulio-Brega-Nelle-terre-di-Diantene-04-1536x1536.jpg 1536w, https:\/\/fiaf.net\/portfolioitalia\/wp-content\/uploads\/sites\/27\/2025\/11\/Giulio-Brega-Nelle-terre-di-Diantene-04-2048x2048.jpg 2048w\" sizes=\"auto, (max-width: 150px) 100vw, 150px\" \/><\/a>\n\t\t\t<\/div><\/figure><figure class='gallery-item'>\n\t\t\t<div class='gallery-icon landscape'>\n\t\t\t\t<a href='https:\/\/fiaf.net\/portfolioitalia\/wp-content\/uploads\/sites\/27\/2025\/11\/Giulio-Brega-Nelle-terre-di-Diantene-05.jpg'><img loading=\"lazy\" decoding=\"async\" width=\"150\" height=\"150\" src=\"https:\/\/fiaf.net\/portfolioitalia\/wp-content\/uploads\/sites\/27\/2025\/11\/Giulio-Brega-Nelle-terre-di-Diantene-05-150x150.jpg\" class=\"attachment-thumbnail size-thumbnail\" alt=\"\" srcset=\"https:\/\/fiaf.net\/portfolioitalia\/wp-content\/uploads\/sites\/27\/2025\/11\/Giulio-Brega-Nelle-terre-di-Diantene-05-150x150.jpg 150w, https:\/\/fiaf.net\/portfolioitalia\/wp-content\/uploads\/sites\/27\/2025\/11\/Giulio-Brega-Nelle-terre-di-Diantene-05-300x300.jpg 300w, https:\/\/fiaf.net\/portfolioitalia\/wp-content\/uploads\/sites\/27\/2025\/11\/Giulio-Brega-Nelle-terre-di-Diantene-05-1024x1024.jpg 1024w, https:\/\/fiaf.net\/portfolioitalia\/wp-content\/uploads\/sites\/27\/2025\/11\/Giulio-Brega-Nelle-terre-di-Diantene-05-768x768.jpg 768w, https:\/\/fiaf.net\/portfolioitalia\/wp-content\/uploads\/sites\/27\/2025\/11\/Giulio-Brega-Nelle-terre-di-Diantene-05-1536x1536.jpg 1536w, https:\/\/fiaf.net\/portfolioitalia\/wp-content\/uploads\/sites\/27\/2025\/11\/Giulio-Brega-Nelle-terre-di-Diantene-05-2048x2048.jpg 2048w\" sizes=\"auto, (max-width: 150px) 100vw, 150px\" \/><\/a>\n\t\t\t<\/div><\/figure><figure class='gallery-item'>\n\t\t\t<div class='gallery-icon landscape'>\n\t\t\t\t<a href='https:\/\/fiaf.net\/portfolioitalia\/wp-content\/uploads\/sites\/27\/2025\/11\/Giulio-Brega-Nelle-terre-di-Diantene-06.jpg'><img loading=\"lazy\" decoding=\"async\" width=\"150\" height=\"150\" src=\"https:\/\/fiaf.net\/portfolioitalia\/wp-content\/uploads\/sites\/27\/2025\/11\/Giulio-Brega-Nelle-terre-di-Diantene-06-150x150.jpg\" class=\"attachment-thumbnail size-thumbnail\" alt=\"\" srcset=\"https:\/\/fiaf.net\/portfolioitalia\/wp-content\/uploads\/sites\/27\/2025\/11\/Giulio-Brega-Nelle-terre-di-Diantene-06-150x150.jpg 150w, https:\/\/fiaf.net\/portfolioitalia\/wp-content\/uploads\/sites\/27\/2025\/11\/Giulio-Brega-Nelle-terre-di-Diantene-06-300x300.jpg 300w, https:\/\/fiaf.net\/portfolioitalia\/wp-content\/uploads\/sites\/27\/2025\/11\/Giulio-Brega-Nelle-terre-di-Diantene-06-1024x1024.jpg 1024w, https:\/\/fiaf.net\/portfolioitalia\/wp-content\/uploads\/sites\/27\/2025\/11\/Giulio-Brega-Nelle-terre-di-Diantene-06-768x768.jpg 768w, https:\/\/fiaf.net\/portfolioitalia\/wp-content\/uploads\/sites\/27\/2025\/11\/Giulio-Brega-Nelle-terre-di-Diantene-06-1536x1536.jpg 1536w, https:\/\/fiaf.net\/portfolioitalia\/wp-content\/uploads\/sites\/27\/2025\/11\/Giulio-Brega-Nelle-terre-di-Diantene-06-2048x2048.jpg 2048w\" sizes=\"auto, (max-width: 150px) 100vw, 150px\" \/><\/a>\n\t\t\t<\/div><\/figure><figure class='gallery-item'>\n\t\t\t<div class='gallery-icon landscape'>\n\t\t\t\t<a href='https:\/\/fiaf.net\/portfolioitalia\/wp-content\/uploads\/sites\/27\/2025\/11\/Giulio-Brega-Nelle-terre-di-Diantene-07.jpg'><img loading=\"lazy\" decoding=\"async\" width=\"150\" height=\"150\" src=\"https:\/\/fiaf.net\/portfolioitalia\/wp-content\/uploads\/sites\/27\/2025\/11\/Giulio-Brega-Nelle-terre-di-Diantene-07-150x150.jpg\" class=\"attachment-thumbnail size-thumbnail\" alt=\"\" srcset=\"https:\/\/fiaf.net\/portfolioitalia\/wp-content\/uploads\/sites\/27\/2025\/11\/Giulio-Brega-Nelle-terre-di-Diantene-07-150x150.jpg 150w, https:\/\/fiaf.net\/portfolioitalia\/wp-content\/uploads\/sites\/27\/2025\/11\/Giulio-Brega-Nelle-terre-di-Diantene-07-300x300.jpg 300w, https:\/\/fiaf.net\/portfolioitalia\/wp-content\/uploads\/sites\/27\/2025\/11\/Giulio-Brega-Nelle-terre-di-Diantene-07-1024x1024.jpg 1024w, https:\/\/fiaf.net\/portfolioitalia\/wp-content\/uploads\/sites\/27\/2025\/11\/Giulio-Brega-Nelle-terre-di-Diantene-07-768x768.jpg 768w, https:\/\/fiaf.net\/portfolioitalia\/wp-content\/uploads\/sites\/27\/2025\/11\/Giulio-Brega-Nelle-terre-di-Diantene-07-1536x1536.jpg 1536w, https:\/\/fiaf.net\/portfolioitalia\/wp-content\/uploads\/sites\/27\/2025\/11\/Giulio-Brega-Nelle-terre-di-Diantene-07-2048x2048.jpg 2048w\" sizes=\"auto, (max-width: 150px) 100vw, 150px\" \/><\/a>\n\t\t\t<\/div><\/figure><figure class='gallery-item'>\n\t\t\t<div class='gallery-icon landscape'>\n\t\t\t\t<a href='https:\/\/fiaf.net\/portfolioitalia\/wp-content\/uploads\/sites\/27\/2025\/11\/Giulio-Brega-Nelle-terre-di-Diantene-08.jpg'><img loading=\"lazy\" decoding=\"async\" width=\"150\" height=\"150\" src=\"https:\/\/fiaf.net\/portfolioitalia\/wp-content\/uploads\/sites\/27\/2025\/11\/Giulio-Brega-Nelle-terre-di-Diantene-08-150x150.jpg\" class=\"attachment-thumbnail size-thumbnail\" alt=\"\" srcset=\"https:\/\/fiaf.net\/portfolioitalia\/wp-content\/uploads\/sites\/27\/2025\/11\/Giulio-Brega-Nelle-terre-di-Diantene-08-150x150.jpg 150w, https:\/\/fiaf.net\/portfolioitalia\/wp-content\/uploads\/sites\/27\/2025\/11\/Giulio-Brega-Nelle-terre-di-Diantene-08-300x300.jpg 300w, https:\/\/fiaf.net\/portfolioitalia\/wp-content\/uploads\/sites\/27\/2025\/11\/Giulio-Brega-Nelle-terre-di-Diantene-08-1024x1024.jpg 1024w, https:\/\/fiaf.net\/portfolioitalia\/wp-content\/uploads\/sites\/27\/2025\/11\/Giulio-Brega-Nelle-terre-di-Diantene-08-768x768.jpg 768w, https:\/\/fiaf.net\/portfolioitalia\/wp-content\/uploads\/sites\/27\/2025\/11\/Giulio-Brega-Nelle-terre-di-Diantene-08-1536x1536.jpg 1536w, https:\/\/fiaf.net\/portfolioitalia\/wp-content\/uploads\/sites\/27\/2025\/11\/Giulio-Brega-Nelle-terre-di-Diantene-08-2048x2048.jpg 2048w\" sizes=\"auto, (max-width: 150px) 100vw, 150px\" \/><\/a>\n\t\t\t<\/div><\/figure><figure class='gallery-item'>\n\t\t\t<div class='gallery-icon landscape'>\n\t\t\t\t<a href='https:\/\/fiaf.net\/portfolioitalia\/wp-content\/uploads\/sites\/27\/2025\/11\/Giulio-Brega-Nelle-terre-di-Diantene-09.jpg'><img loading=\"lazy\" decoding=\"async\" width=\"150\" height=\"150\" src=\"https:\/\/fiaf.net\/portfolioitalia\/wp-content\/uploads\/sites\/27\/2025\/11\/Giulio-Brega-Nelle-terre-di-Diantene-09-150x150.jpg\" class=\"attachment-thumbnail size-thumbnail\" alt=\"\" srcset=\"https:\/\/fiaf.net\/portfolioitalia\/wp-content\/uploads\/sites\/27\/2025\/11\/Giulio-Brega-Nelle-terre-di-Diantene-09-150x150.jpg 150w, https:\/\/fiaf.net\/portfolioitalia\/wp-content\/uploads\/sites\/27\/2025\/11\/Giulio-Brega-Nelle-terre-di-Diantene-09-300x300.jpg 300w, https:\/\/fiaf.net\/portfolioitalia\/wp-content\/uploads\/sites\/27\/2025\/11\/Giulio-Brega-Nelle-terre-di-Diantene-09-1024x1024.jpg 1024w, https:\/\/fiaf.net\/portfolioitalia\/wp-content\/uploads\/sites\/27\/2025\/11\/Giulio-Brega-Nelle-terre-di-Diantene-09-768x768.jpg 768w, https:\/\/fiaf.net\/portfolioitalia\/wp-content\/uploads\/sites\/27\/2025\/11\/Giulio-Brega-Nelle-terre-di-Diantene-09-1536x1536.jpg 1536w, https:\/\/fiaf.net\/portfolioitalia\/wp-content\/uploads\/sites\/27\/2025\/11\/Giulio-Brega-Nelle-terre-di-Diantene-09-2048x2048.jpg 2048w\" sizes=\"auto, (max-width: 150px) 100vw, 150px\" \/><\/a>\n\t\t\t<\/div><\/figure><figure class='gallery-item'>\n\t\t\t<div class='gallery-icon landscape'>\n\t\t\t\t<a href='https:\/\/fiaf.net\/portfolioitalia\/wp-content\/uploads\/sites\/27\/2025\/11\/Giulio-Brega-Nelle-terre-di-Diantene-10.jpg'><img loading=\"lazy\" decoding=\"async\" width=\"150\" height=\"150\" src=\"https:\/\/fiaf.net\/portfolioitalia\/wp-content\/uploads\/sites\/27\/2025\/11\/Giulio-Brega-Nelle-terre-di-Diantene-10-150x150.jpg\" class=\"attachment-thumbnail size-thumbnail\" alt=\"\" srcset=\"https:\/\/fiaf.net\/portfolioitalia\/wp-content\/uploads\/sites\/27\/2025\/11\/Giulio-Brega-Nelle-terre-di-Diantene-10-150x150.jpg 150w, https:\/\/fiaf.net\/portfolioitalia\/wp-content\/uploads\/sites\/27\/2025\/11\/Giulio-Brega-Nelle-terre-di-Diantene-10-300x300.jpg 300w, https:\/\/fiaf.net\/portfolioitalia\/wp-content\/uploads\/sites\/27\/2025\/11\/Giulio-Brega-Nelle-terre-di-Diantene-10-1024x1024.jpg 1024w, https:\/\/fiaf.net\/portfolioitalia\/wp-content\/uploads\/sites\/27\/2025\/11\/Giulio-Brega-Nelle-terre-di-Diantene-10-768x768.jpg 768w, https:\/\/fiaf.net\/portfolioitalia\/wp-content\/uploads\/sites\/27\/2025\/11\/Giulio-Brega-Nelle-terre-di-Diantene-10-1536x1536.jpg 1536w, https:\/\/fiaf.net\/portfolioitalia\/wp-content\/uploads\/sites\/27\/2025\/11\/Giulio-Brega-Nelle-terre-di-Diantene-10-2048x2048.jpg 2048w\" sizes=\"auto, (max-width: 150px) 100vw, 150px\" \/><\/a>\n\t\t\t<\/div><\/figure><figure class='gallery-item'>\n\t\t\t<div class='gallery-icon landscape'>\n\t\t\t\t<a href='https:\/\/fiaf.net\/portfolioitalia\/wp-content\/uploads\/sites\/27\/2025\/11\/Giulio-Brega-Nelle-terre-di-Diantene-11.jpg'><img loading=\"lazy\" decoding=\"async\" width=\"150\" height=\"150\" src=\"https:\/\/fiaf.net\/portfolioitalia\/wp-content\/uploads\/sites\/27\/2025\/11\/Giulio-Brega-Nelle-terre-di-Diantene-11-150x150.jpg\" class=\"attachment-thumbnail size-thumbnail\" alt=\"\" srcset=\"https:\/\/fiaf.net\/portfolioitalia\/wp-content\/uploads\/sites\/27\/2025\/11\/Giulio-Brega-Nelle-terre-di-Diantene-11-150x150.jpg 150w, https:\/\/fiaf.net\/portfolioitalia\/wp-content\/uploads\/sites\/27\/2025\/11\/Giulio-Brega-Nelle-terre-di-Diantene-11-300x300.jpg 300w, https:\/\/fiaf.net\/portfolioitalia\/wp-content\/uploads\/sites\/27\/2025\/11\/Giulio-Brega-Nelle-terre-di-Diantene-11-1024x1024.jpg 1024w, https:\/\/fiaf.net\/portfolioitalia\/wp-content\/uploads\/sites\/27\/2025\/11\/Giulio-Brega-Nelle-terre-di-Diantene-11-768x768.jpg 768w, https:\/\/fiaf.net\/portfolioitalia\/wp-content\/uploads\/sites\/27\/2025\/11\/Giulio-Brega-Nelle-terre-di-Diantene-11-1536x1536.jpg 1536w, https:\/\/fiaf.net\/portfolioitalia\/wp-content\/uploads\/sites\/27\/2025\/11\/Giulio-Brega-Nelle-terre-di-Diantene-11-2048x2048.jpg 2048w\" sizes=\"auto, (max-width: 150px) 100vw, 150px\" \/><\/a>\n\t\t\t<\/div><\/figure><figure class='gallery-item'>\n\t\t\t<div class='gallery-icon landscape'>\n\t\t\t\t<a href='https:\/\/fiaf.net\/portfolioitalia\/wp-content\/uploads\/sites\/27\/2025\/11\/Giulio-Brega-Nelle-terre-di-Diantene-12.jpg'><img loading=\"lazy\" decoding=\"async\" width=\"150\" height=\"150\" src=\"https:\/\/fiaf.net\/portfolioitalia\/wp-content\/uploads\/sites\/27\/2025\/11\/Giulio-Brega-Nelle-terre-di-Diantene-12-150x150.jpg\" class=\"attachment-thumbnail size-thumbnail\" alt=\"\" srcset=\"https:\/\/fiaf.net\/portfolioitalia\/wp-content\/uploads\/sites\/27\/2025\/11\/Giulio-Brega-Nelle-terre-di-Diantene-12-150x150.jpg 150w, https:\/\/fiaf.net\/portfolioitalia\/wp-content\/uploads\/sites\/27\/2025\/11\/Giulio-Brega-Nelle-terre-di-Diantene-12-300x300.jpg 300w, https:\/\/fiaf.net\/portfolioitalia\/wp-content\/uploads\/sites\/27\/2025\/11\/Giulio-Brega-Nelle-terre-di-Diantene-12-1024x1024.jpg 1024w, https:\/\/fiaf.net\/portfolioitalia\/wp-content\/uploads\/sites\/27\/2025\/11\/Giulio-Brega-Nelle-terre-di-Diantene-12-768x768.jpg 768w, https:\/\/fiaf.net\/portfolioitalia\/wp-content\/uploads\/sites\/27\/2025\/11\/Giulio-Brega-Nelle-terre-di-Diantene-12-1536x1536.jpg 1536w, https:\/\/fiaf.net\/portfolioitalia\/wp-content\/uploads\/sites\/27\/2025\/11\/Giulio-Brega-Nelle-terre-di-Diantene-12-2048x2048.jpg 2048w\" sizes=\"auto, (max-width: 150px) 100vw, 150px\" \/><\/a>\n\t\t\t<\/div><\/figure><figure class='gallery-item'>\n\t\t\t<div class='gallery-icon landscape'>\n\t\t\t\t<a href='https:\/\/fiaf.net\/portfolioitalia\/wp-content\/uploads\/sites\/27\/2025\/11\/Giulio-Brega-Nelle-terre-di-Diantene-13.jpg'><img loading=\"lazy\" decoding=\"async\" width=\"150\" height=\"150\" src=\"https:\/\/fiaf.net\/portfolioitalia\/wp-content\/uploads\/sites\/27\/2025\/11\/Giulio-Brega-Nelle-terre-di-Diantene-13-150x150.jpg\" class=\"attachment-thumbnail size-thumbnail\" alt=\"\" srcset=\"https:\/\/fiaf.net\/portfolioitalia\/wp-content\/uploads\/sites\/27\/2025\/11\/Giulio-Brega-Nelle-terre-di-Diantene-13-150x150.jpg 150w, https:\/\/fiaf.net\/portfolioitalia\/wp-content\/uploads\/sites\/27\/2025\/11\/Giulio-Brega-Nelle-terre-di-Diantene-13-300x300.jpg 300w, https:\/\/fiaf.net\/portfolioitalia\/wp-content\/uploads\/sites\/27\/2025\/11\/Giulio-Brega-Nelle-terre-di-Diantene-13-1024x1024.jpg 1024w, https:\/\/fiaf.net\/portfolioitalia\/wp-content\/uploads\/sites\/27\/2025\/11\/Giulio-Brega-Nelle-terre-di-Diantene-13-768x768.jpg 768w, https:\/\/fiaf.net\/portfolioitalia\/wp-content\/uploads\/sites\/27\/2025\/11\/Giulio-Brega-Nelle-terre-di-Diantene-13-1536x1536.jpg 1536w, https:\/\/fiaf.net\/portfolioitalia\/wp-content\/uploads\/sites\/27\/2025\/11\/Giulio-Brega-Nelle-terre-di-Diantene-13-2048x2048.jpg 2048w\" sizes=\"auto, (max-width: 150px) 100vw, 150px\" \/><\/a>\n\t\t\t<\/div><\/figure><figure class='gallery-item'>\n\t\t\t<div class='gallery-icon landscape'>\n\t\t\t\t<a href='https:\/\/fiaf.net\/portfolioitalia\/wp-content\/uploads\/sites\/27\/2025\/11\/Giulio-Brega-Nelle-terre-di-Diantene-14.jpg'><img loading=\"lazy\" decoding=\"async\" width=\"150\" height=\"150\" src=\"https:\/\/fiaf.net\/portfolioitalia\/wp-content\/uploads\/sites\/27\/2025\/11\/Giulio-Brega-Nelle-terre-di-Diantene-14-150x150.jpg\" class=\"attachment-thumbnail size-thumbnail\" alt=\"\" srcset=\"https:\/\/fiaf.net\/portfolioitalia\/wp-content\/uploads\/sites\/27\/2025\/11\/Giulio-Brega-Nelle-terre-di-Diantene-14-150x150.jpg 150w, https:\/\/fiaf.net\/portfolioitalia\/wp-content\/uploads\/sites\/27\/2025\/11\/Giulio-Brega-Nelle-terre-di-Diantene-14-300x300.jpg 300w, https:\/\/fiaf.net\/portfolioitalia\/wp-content\/uploads\/sites\/27\/2025\/11\/Giulio-Brega-Nelle-terre-di-Diantene-14-1024x1024.jpg 1024w, https:\/\/fiaf.net\/portfolioitalia\/wp-content\/uploads\/sites\/27\/2025\/11\/Giulio-Brega-Nelle-terre-di-Diantene-14-768x768.jpg 768w, https:\/\/fiaf.net\/portfolioitalia\/wp-content\/uploads\/sites\/27\/2025\/11\/Giulio-Brega-Nelle-terre-di-Diantene-14-1536x1536.jpg 1536w, https:\/\/fiaf.net\/portfolioitalia\/wp-content\/uploads\/sites\/27\/2025\/11\/Giulio-Brega-Nelle-terre-di-Diantene-14-2048x2048.jpg 2048w\" sizes=\"auto, (max-width: 150px) 100vw, 150px\" \/><\/a>\n\t\t\t<\/div><\/figure><figure class='gallery-item'>\n\t\t\t<div class='gallery-icon landscape'>\n\t\t\t\t<a href='https:\/\/fiaf.net\/portfolioitalia\/wp-content\/uploads\/sites\/27\/2025\/11\/Giulio-Brega-Nelle-terre-di-Diantene-15.jpg'><img loading=\"lazy\" decoding=\"async\" width=\"150\" height=\"150\" src=\"https:\/\/fiaf.net\/portfolioitalia\/wp-content\/uploads\/sites\/27\/2025\/11\/Giulio-Brega-Nelle-terre-di-Diantene-15-150x150.jpg\" class=\"attachment-thumbnail size-thumbnail\" alt=\"\" srcset=\"https:\/\/fiaf.net\/portfolioitalia\/wp-content\/uploads\/sites\/27\/2025\/11\/Giulio-Brega-Nelle-terre-di-Diantene-15-150x150.jpg 150w, https:\/\/fiaf.net\/portfolioitalia\/wp-content\/uploads\/sites\/27\/2025\/11\/Giulio-Brega-Nelle-terre-di-Diantene-15-300x300.jpg 300w, https:\/\/fiaf.net\/portfolioitalia\/wp-content\/uploads\/sites\/27\/2025\/11\/Giulio-Brega-Nelle-terre-di-Diantene-15-1024x1024.jpg 1024w, https:\/\/fiaf.net\/portfolioitalia\/wp-content\/uploads\/sites\/27\/2025\/11\/Giulio-Brega-Nelle-terre-di-Diantene-15-768x768.jpg 768w, https:\/\/fiaf.net\/portfolioitalia\/wp-content\/uploads\/sites\/27\/2025\/11\/Giulio-Brega-Nelle-terre-di-Diantene-15-1536x1536.jpg 1536w, https:\/\/fiaf.net\/portfolioitalia\/wp-content\/uploads\/sites\/27\/2025\/11\/Giulio-Brega-Nelle-terre-di-Diantene-15-2048x2048.jpg 2048w\" sizes=\"auto, (max-width: 150px) 100vw, 150px\" \/><\/a>\n\t\t\t<\/div><\/figure><figure class='gallery-item'>\n\t\t\t<div class='gallery-icon landscape'>\n\t\t\t\t<a href='https:\/\/fiaf.net\/portfolioitalia\/wp-content\/uploads\/sites\/27\/2025\/11\/Giulio-Brega-Nelle-terre-di-Diantene-16.jpg'><img loading=\"lazy\" decoding=\"async\" width=\"150\" height=\"150\" src=\"https:\/\/fiaf.net\/portfolioitalia\/wp-content\/uploads\/sites\/27\/2025\/11\/Giulio-Brega-Nelle-terre-di-Diantene-16-150x150.jpg\" class=\"attachment-thumbnail size-thumbnail\" alt=\"\" srcset=\"https:\/\/fiaf.net\/portfolioitalia\/wp-content\/uploads\/sites\/27\/2025\/11\/Giulio-Brega-Nelle-terre-di-Diantene-16-150x150.jpg 150w, https:\/\/fiaf.net\/portfolioitalia\/wp-content\/uploads\/sites\/27\/2025\/11\/Giulio-Brega-Nelle-terre-di-Diantene-16-300x300.jpg 300w, https:\/\/fiaf.net\/portfolioitalia\/wp-content\/uploads\/sites\/27\/2025\/11\/Giulio-Brega-Nelle-terre-di-Diantene-16-1024x1024.jpg 1024w, https:\/\/fiaf.net\/portfolioitalia\/wp-content\/uploads\/sites\/27\/2025\/11\/Giulio-Brega-Nelle-terre-di-Diantene-16-768x768.jpg 768w, https:\/\/fiaf.net\/portfolioitalia\/wp-content\/uploads\/sites\/27\/2025\/11\/Giulio-Brega-Nelle-terre-di-Diantene-16-1536x1536.jpg 1536w, https:\/\/fiaf.net\/portfolioitalia\/wp-content\/uploads\/sites\/27\/2025\/11\/Giulio-Brega-Nelle-terre-di-Diantene-16-2048x2048.jpg 2048w\" sizes=\"auto, (max-width: 150px) 100vw, 150px\" \/><\/a>\n\t\t\t<\/div><\/figure><figure class='gallery-item'>\n\t\t\t<div class='gallery-icon landscape'>\n\t\t\t\t<a href='https:\/\/fiaf.net\/portfolioitalia\/wp-content\/uploads\/sites\/27\/2025\/11\/Giulio-Brega-Nelle-terre-di-Diantene-17.jpg'><img loading=\"lazy\" decoding=\"async\" width=\"150\" height=\"150\" src=\"https:\/\/fiaf.net\/portfolioitalia\/wp-content\/uploads\/sites\/27\/2025\/11\/Giulio-Brega-Nelle-terre-di-Diantene-17-150x150.jpg\" class=\"attachment-thumbnail size-thumbnail\" alt=\"\" srcset=\"https:\/\/fiaf.net\/portfolioitalia\/wp-content\/uploads\/sites\/27\/2025\/11\/Giulio-Brega-Nelle-terre-di-Diantene-17-150x150.jpg 150w, https:\/\/fiaf.net\/portfolioitalia\/wp-content\/uploads\/sites\/27\/2025\/11\/Giulio-Brega-Nelle-terre-di-Diantene-17-300x300.jpg 300w, https:\/\/fiaf.net\/portfolioitalia\/wp-content\/uploads\/sites\/27\/2025\/11\/Giulio-Brega-Nelle-terre-di-Diantene-17-1024x1024.jpg 1024w, https:\/\/fiaf.net\/portfolioitalia\/wp-content\/uploads\/sites\/27\/2025\/11\/Giulio-Brega-Nelle-terre-di-Diantene-17-768x768.jpg 768w, https:\/\/fiaf.net\/portfolioitalia\/wp-content\/uploads\/sites\/27\/2025\/11\/Giulio-Brega-Nelle-terre-di-Diantene-17-1536x1536.jpg 1536w, https:\/\/fiaf.net\/portfolioitalia\/wp-content\/uploads\/sites\/27\/2025\/11\/Giulio-Brega-Nelle-terre-di-Diantene-17-2048x2048.jpg 2048w\" sizes=\"auto, (max-width: 150px) 100vw, 150px\" \/><\/a>\n\t\t\t<\/div><\/figure><figure class='gallery-item'>\n\t\t\t<div class='gallery-icon landscape'>\n\t\t\t\t<a href='https:\/\/fiaf.net\/portfolioitalia\/wp-content\/uploads\/sites\/27\/2025\/11\/Giulio-Brega-Nelle-terre-di-Diantene-18.jpg'><img loading=\"lazy\" decoding=\"async\" width=\"150\" height=\"150\" src=\"https:\/\/fiaf.net\/portfolioitalia\/wp-content\/uploads\/sites\/27\/2025\/11\/Giulio-Brega-Nelle-terre-di-Diantene-18-150x150.jpg\" class=\"attachment-thumbnail size-thumbnail\" alt=\"\" srcset=\"https:\/\/fiaf.net\/portfolioitalia\/wp-content\/uploads\/sites\/27\/2025\/11\/Giulio-Brega-Nelle-terre-di-Diantene-18-150x150.jpg 150w, https:\/\/fiaf.net\/portfolioitalia\/wp-content\/uploads\/sites\/27\/2025\/11\/Giulio-Brega-Nelle-terre-di-Diantene-18-300x300.jpg 300w, https:\/\/fiaf.net\/portfolioitalia\/wp-content\/uploads\/sites\/27\/2025\/11\/Giulio-Brega-Nelle-terre-di-Diantene-18-1024x1024.jpg 1024w, https:\/\/fiaf.net\/portfolioitalia\/wp-content\/uploads\/sites\/27\/2025\/11\/Giulio-Brega-Nelle-terre-di-Diantene-18-768x768.jpg 768w, https:\/\/fiaf.net\/portfolioitalia\/wp-content\/uploads\/sites\/27\/2025\/11\/Giulio-Brega-Nelle-terre-di-Diantene-18-1536x1536.jpg 1536w, https:\/\/fiaf.net\/portfolioitalia\/wp-content\/uploads\/sites\/27\/2025\/11\/Giulio-Brega-Nelle-terre-di-Diantene-18-2048x2048.jpg 2048w\" sizes=\"auto, (max-width: 150px) 100vw, 150px\" \/><\/a>\n\t\t\t<\/div><\/figure>\n\t\t<\/div>\n\n<div>\n<p class=\"p1\"><em>di Renza Grossi<\/em><\/p>\n<p class=\"p1\"><span class=\"s1\">Quando l\u2019essere umano si trov\u00f2 davanti al mistero della natura sent\u00ec l\u2019urgenza di darle un nome. Per invocarla, pregarla, odiarla, prendersene cura.<span class=\"Apple-converted-space\"> \u00a0<\/span><\/span>Non era facile comprenderla e talvolta si dimostrava crudele. Eppure, quel mondo segreto lo affascinava e lo spingeva ad interrogarsi sui confini dei suoi segreti, sul senso della vita e della morte. Camminare nei boschi gli permetteva di allineare il ritmo del cuore al respiro di una foglia o fermarsi ad ammirare l\u2019incanto della voce del vento attraverso i fili d\u2019erba. Ad ogni ramo spezzato e suono minaccioso l\u2019anima sussultava.<span class=\"Apple-converted-space\">\u00a0<\/span>Ma l\u2019essere umano restava li. Come in un rito primordiale ed eterno tutto pareva immutabile al tempo, e l\u00ec, nella profondit\u00e0 del bosco, ogni cosa trovava armoniosamente il suo posto.<span class=\"Apple-converted-space\">\u00a0<\/span>L\u2019essere umano ancora non comprendeva il senso di ci\u00f2 che lo circondava, ma sapeva di esserne parte, di essere un tutt\u2019uno con la terra umida e brulicante di vita, con il gelo dell\u2019acqua stagnante, con il calore dei nidi e l\u2019oscurit\u00e0 della notte.L\u2019essere umano sapeva che nulla sarebbe cambiato e che, nello scorrere eterno dei giorni, altri come lui avrebbero cercato le parole giuste per celebrare i riti segreti di quel mondo.Parole, ma anche immagini.Nelle sue fotografie Giulio Brega ci racconta di quella terra di Diantene a cui appartengono i segreti pi\u00f9 profondi dell\u2019esistenza, a cui ancora si guarda con occhi pieni di meraviglia e timore.<span class=\"Apple-converted-space\">\u00a0<\/span>Lo sguardo di Giulio \u00e8 quello dell\u2019essere umano che scruta nei meandri di una sacralit\u00e0 concreta e travolgente. Si ferma ad indagare la porosit\u00e0 di una corteccia o la fragilit\u00e0 di una felce, il fruscio improvviso delle ali o il vello ruvido di un animale.<span class=\"Apple-converted-space\">\u00a0<\/span>Le sue forme non sono totalmente prive di colore ma dotate prima di tutto di una consistenza sensibile che ci permette di toccarle con gli occhi, di annusarle con un tocco lieve e di ascoltarne il movimento.<span class=\"s2\">Il culto misterico raccontato da Giulio \u00e8 vivo nel presente come lo era all\u2019origine dell\u2019uomo e la sua fotografia ci permette di interrogarci sulla misura che assumiamo confrontandoci con il mondo e sulla nostra capacit\u00e0 di indagare ci\u00f2 che \u00e8 visibile e di coglierne l\u2019essenza.<span class=\"Apple-converted-space\">\u00a0<\/span><\/span>La Terra di Diantene ci attira a s\u00e9 e anche se talvolta siamo inquietati dalla bellezza dell\u2019ignoto sentiamo ancora il bisogno come alle origini del tempo di dare un nome alla natura per poterla invocare, pregare, odiare e prendercene cura.<\/p>\n<p><strong>Biografia<br \/>\n<\/strong><span class=\"s1\">Giulio Brega, nato a Fabriano nel 1960, \u00e8 insignito dalla FIAF delle onorificenze AFI ed EFIAP. Nel 1980, grazie a un corso di studi del Centro Studi Marche, consegue il titolo di Operatore di Immagine. \u00c8 stato nominato Autore dell\u2019anno FIAF Marche per tre volte: 2016, 2018 e 2024. Sue fotografie sono state selezionate e pubblicate nell\u2019Annuario Fotografico FIAF ininterrottamente dal 2014 al 2024. Nel 2016 e nel 2025 si classifica al primo posto in tappe di Portfolio Italia FIAF. Nel 2021 ottiene il riconoscimento di Miglior Portfolio al Festival di Fotografia Contemporanea TODIMMAGINA, mentre nel 2022 vince il tema Confini al Festival di Fotografia Face Photo News. Sempre nel 2022 conquista un primo posto ex aequo nel progetto FIAF Crediamo ai tuoi occhi ed \u00e8 selezionato per il progetto Percorsi nel 2025. Nel 2023 una sua immagine viene scelta come Immagine dell\u2019anno FIAF Marche, mentre nel 2018 raggiunge il terzo posto al concorso National Geographic. Nel corso degli anni ottiene numerosi riconoscimenti nazionali e internazionali, salendo pi\u00f9 volte sul podio in concorsi e manifestazioni fotografiche. Ha realizzato mostre personali e collettive con patrocinio FIAF e le sue opere sono state esposte in sedi prestigiose tra cui il CIFA di Bibbiena, la Nuvola Lavazza di Torino, il Museo PAM Art di Parete, il MAMS di Sassoferrato, Palazzo dei Consoli a Gubbio, Montecitorio a Roma e molte altre location di rilievo. I suoi lavori sono stati pubblicati su libri e riviste, sia nazionali che internazionali.<\/span><\/p>\n<\/div>\n\n    <div class=\"xs_social_share_widget xs_share_url after_content \t\tmain_content  wslu-style-1 wslu-share-box-shaped wslu-fill-colored wslu-none wslu-share-horizontal wslu-theme-font-no wslu-main_content\">\n\n\t\t\n        <ul>\n\t\t\t        <\/ul>\n    <\/div> \n","protected":false},"excerpt":{"rendered":"<p>Nelle terre di Diantene, opera 2\u00b0 Premio ex-aequo Portfolio Italia 2025 di Renza Grossi Quando l\u2019essere umano si trov\u00f2 davanti &hellip;<\/p>\n","protected":false},"author":64,"featured_media":6640,"comment_status":"closed","ping_status":"open","sticky":false,"template":"","format":"standard","meta":{"_acf_changed":false,"footnotes":""},"categories":[61],"tags":[],"class_list":["post-6621","post","type-post","status-publish","format-standard","has-post-thumbnail","hentry","category-vincitori-2025"],"acf":[],"_links":{"self":[{"href":"https:\/\/fiaf.net\/portfolioitalia\/wp-json\/wp\/v2\/posts\/6621","targetHints":{"allow":["GET"]}}],"collection":[{"href":"https:\/\/fiaf.net\/portfolioitalia\/wp-json\/wp\/v2\/posts"}],"about":[{"href":"https:\/\/fiaf.net\/portfolioitalia\/wp-json\/wp\/v2\/types\/post"}],"author":[{"embeddable":true,"href":"https:\/\/fiaf.net\/portfolioitalia\/wp-json\/wp\/v2\/users\/64"}],"replies":[{"embeddable":true,"href":"https:\/\/fiaf.net\/portfolioitalia\/wp-json\/wp\/v2\/comments?post=6621"}],"version-history":[{"count":1,"href":"https:\/\/fiaf.net\/portfolioitalia\/wp-json\/wp\/v2\/posts\/6621\/revisions"}],"predecessor-version":[{"id":6641,"href":"https:\/\/fiaf.net\/portfolioitalia\/wp-json\/wp\/v2\/posts\/6621\/revisions\/6641"}],"wp:featuredmedia":[{"embeddable":true,"href":"https:\/\/fiaf.net\/portfolioitalia\/wp-json\/wp\/v2\/media\/6640"}],"wp:attachment":[{"href":"https:\/\/fiaf.net\/portfolioitalia\/wp-json\/wp\/v2\/media?parent=6621"}],"wp:term":[{"taxonomy":"category","embeddable":true,"href":"https:\/\/fiaf.net\/portfolioitalia\/wp-json\/wp\/v2\/categories?post=6621"},{"taxonomy":"post_tag","embeddable":true,"href":"https:\/\/fiaf.net\/portfolioitalia\/wp-json\/wp\/v2\/tags?post=6621"}],"curies":[{"name":"wp","href":"https:\/\/api.w.org\/{rel}","templated":true}]}}