{"id":1051,"date":"2016-03-01T01:36:42","date_gmt":"2016-02-29T23:36:42","guid":{"rendered":"https:\/\/fiaf.net\/regioni\/puglia\/?p=1051"},"modified":"2016-03-01T01:36:42","modified_gmt":"2016-02-29T23:36:42","slug":"mostra-fotografica-shooting-my-religion-della-collettiva-donne-senza-volto","status":"publish","type":"post","link":"https:\/\/fiaf.net\/puglia\/mostra-fotografica-shooting-my-religion-della-collettiva-donne-senza-volto\/","title":{"rendered":"mostra fotografica \u201cShooting my religion\u201d  della collettiva \u201cDonne senza volto\u201d"},"content":{"rendered":"<p align=\"center\">\n<p style=\"text-align: left\" align=\"center\"><span style=\"color: #000000\"><b>\u201cShooting my religion\u201d \u00a0 \u00a0 &#8211; \u00a0 \u00a0 \u00a0<\/b><b>\u00a0Mostra fotografica della collettiva \u201cDonne senza volto\u201d<\/b><\/span><\/p>\n<p><span style=\"color: #000000\">\u00a0<\/span><br \/>\n<span style=\"color: #000000\">Un intenso viaggio attraverso la ricerca di s\u00e9, il credo interiore, la fede, religiosa o meno, le certezze e i riferimenti personali che 18 donne hanno voluto raccontare con le immagini. Questo il tema della nuova mostra fotografica realizzata dalla collettiva \u201cDonne senza volto\u201d, sezione femminile del circolo fotografico \u201cIl Castello\u201d di Taranto, dal titolo \u201cShooting my religion\u201d.<\/span><br \/>\n<span style=\"color: #000000\">L\u2019esposizione, giunta alla sua nona edizione, sar\u00e0 visitabile gratuitamente al Centro della Fotografia in via Plinio 85, sede dell\u2019associazione e Galleria FIAF, nei tre weekend successivi compresi tra sabato 5 e domenica 20 marzo. In particolare, l\u2019esposizione sar\u00e0 aperta venerd\u00ec 11 e 18<\/span><br \/>\n<span style=\"color: #000000\"> marzo dalle 17,00 alle 20,00; sabato 12 e 19\u00a0marzo dalle 10 alle 12,30 e dalle 17,00 alle 20,30; domenica 6, 13 e 20\u00a0marzo dalle 10,00 alle 12,30 e dalle 17,00 alle 20,30.<\/span><br \/>\n<span style=\"color: #000000\">L\u2019inaugurazione si terr\u00e0 sabato 5 marzo alle ore 19. La serata sar\u00e0 arricchita dall\u2019intervento critico di Orietta Bay, docente del Dipartimento Didattica della FIAF, critica fotografica, curatrice di mostre e operatrice culturale. Domenica 6 marzo, alle ore 10, sempre al Centro della Fotografia di Taranto, Orietta Bay terr\u00e0 un seminario dal titolo \u201cL\u2019intensit\u00e0 narrativa: donne e fotografia\u201d in cui, attraverso le immagini delle artiste che hanno segnato la storia della fotografia, la studiosa racconter\u00e0 la sensibilit\u00e0, l\u2019originalit\u00e0 e la profondit\u00e0 dello sguardo femminile sul mondo, spesso portatore di una visione innovativa e lungimirante. Per la partecipazione al seminario \u00e8 richiesto un contributo di 5 euro.<\/span><br \/>\n<span style=\"color: #000000\">Quello di \u201cShooting my religion\u201d \u00e8 un tema intimistico e privato che si pone in continuit\u00e0 con il lavoro svolto dalla collettiva negli ultimi otto anni. Dal 2008 a oggi, infatti, le fotografe di \u201cDonne senza volto\u201d hanno messo alla prova la loro creativit\u00e0 affrontando temi come l\u2019uomo, la canzone, la violenza contro le donne, la Costituzione italiana, i libri, le donne che hanno fatto la storia, le mille interpretazioni del rosso, l\u2019alimentazione e, quest\u2019anno, la fede pi\u00f9 profonda di ognuna di loro.<\/span><br \/>\n<span style=\"color: #000000\">Il nome \u201cDonne senza volto\u201d, assunto dalla collettiva a partire dalla seconda edizione, \u00e8 un omaggio alle tante donne del mondo che, ancora oggi, non sono libere di far sentire la propria voce; al tempo stesso, \u00e8 un riferimento al fatto che non \u00e8 il volto della fotografa ad essere importante, ma la sensibilit\u00e0 e le emozioni che ognuna esprime attraverso i suoi scatti. Negli anni, infatti, il volto delle partecipanti \u00e8 cambiato, in quanto la collettiva \u00e8 passata dal piccolo gruppo di socie della prima edizione a circa venti fotografe; ci\u00f2 che \u00e8 rimasta immutata \u00e8 la passione per la fotografia, insieme al desiderio di esprimersi.<\/span><br \/>\n<span style=\"color: #000000\">L\u2019evento \u00e8 realizzato con il patrocinio del Comune di Taranto e della <a href=\"https:\/\/fiaf.net\/\"><span style=\"color: #000000\">FIAF<\/span><\/a> \u2013 Federazione italiana associazioni fotografiche. \u00a0<\/span><br \/>\n&nbsp;<br \/>\n<span style=\"color: #000000\"><b>Le partecipanti alla mostra fotografica \u201cShooting my religion\u201d<\/b><\/span><br \/>\n<span style=\"color: #000000\">Di seguito l\u2019elenco delle 18 socie che esporranno quest\u2019anno: Miriam Putignano, Francesca Sebastio, Debora Masciav\u00e8, Saria Miccoli, Gemma Rossi, Ilaria Morello, Federica Cerino, Giovanna Mariella, Lucia Sannino, Eleonora Ressa, Marcella Galeandro, Sara Masella, Rosa Cambara, Adele Moschettini, Marina Amoroso, Marina Giannotti, Valeria Dimaggio, Francesca Fam\u00e0.<\/span><br \/>\n<span style=\"color: #000000\">\u00a0<\/span><br \/>\n<span style=\"color: #000000\"><b>Biografia di Orietta Bay<\/b><\/span><br \/>\n<span style=\"color: #000000\">Orietta Bay, genovese, ha iniziato a occuparsi di fotografia nei primi anni Novanta, in seguito all\u2019incontro con la fotografa Giuliana Traverso, della quale \u00e8 diventata assistente. Successivamente, \u00e8 entrata nel mondo della scuola \u201cDonna Fotografa\u201d realizzando importanti progetti che hanno portato a pubblicazioni e mostre collettive; inoltre, ha curato l\u2019allestimento di numerose mostre fotografiche esposte in spazi prestigiosi, tra cui Palazzo Ducale, Palazzo Rosso, Palazzo San Giorgio, il MuMa a Genova e gli Scavi Scaligeri\u00a0di Verona. Dal 2007 collabora alla realizzazione del Festival di fotografia \u201cUna Penisola di Luce\u201d a Sestri Levante (GE), e nel 2008 ha fondato l\u2019associazione socio-culturale \u201cCarpe Diem\u201d, di cui oggi \u00e8 vice-presidente. In ambito FIAF, dal 2011 fa parte dei lettori del circuito \u201cPortfolio Italia\u201d, \u00e8 stata Tutor del \u201cProgetto Itaca\u201d, \u00e8 iscritta al blog di Agor\u00e0 di Cult curato dal Dipartimento Cultura FIAF ed \u00e8 docente del Dipartimento Didattica \u2013 DiD.<\/span><br \/>\n<span style=\"color: #000000\">\u00a0<\/span><br \/>\n<span style=\"color: #000000\"><b>Giorni e orari di visita<\/b><\/span><\/p>\n<ul>\n<li><span style=\"color: #000000\">Sabato 5 marzo dalle 19,00 alle 21;<\/span><\/li>\n<li><span style=\"color: #000000\">Domenica 6 marzo dalle 10 alle 12,30 e dalle 17 alle 20,30;<\/span><\/li>\n<li><span style=\"color: #000000\">Venerd\u00ec 11 marzo dalle 17 alle 20;<\/span><\/li>\n<li><span style=\"color: #000000\">Sabato 12 marzo dalle 10 alle 12,30 e dalle 17 alle 20,30;<\/span><\/li>\n<li><span style=\"color: #000000\">Domenica 13 marzo dalle 10 alle 12,30 e dalle 17 alle 20,30;<\/span><\/li>\n<li><span style=\"color: #000000\">Venerd\u00ec 18 marzo dalle 17 alle 20;<\/span><\/li>\n<li><span style=\"color: #000000\">Sabato 19 marzo dalle 10 alle 12,30 e dalle 17 alle 20,30;<\/span><\/li>\n<li><span style=\"color: #000000\">Domenica 20 marzo dalle 10 alle 12,30 e dalle 17 alle 20,30;<\/span><\/li>\n<\/ul>\n<p><span style=\"color: #000000\">\u00a0<\/span><br \/>\n<span style=\"color: #000000\">CURRICULUM ARTISTICO \u201cDONNE SENZA VOLTO\u201d<\/span><br \/>\n<span style=\"color: #000000\">MOSTRE FOTOGRAFICHE:<\/span><br \/>\n<span style=\"color: #000000\"><b>\u201cEssere uomini: fotografie di donna\u201d<\/b><\/span><br \/>\n<span style=\"color: #000000\">Centro turistico-ricettivo \u201cAl Gambero\u201d<\/span><br \/>\n<span style=\"color: #000000\">Marzo 2008<\/span><br \/>\n<span style=\"color: #000000\"><b>\u201cIl suono che i tuoi occhi possono guardare\u201d<\/b><\/span><br \/>\n<span style=\"color: #000000\">Centro turistico-ricettivo \u201cAl Gambero\u201d<\/span><br \/>\n<span style=\"color: #000000\">Marzo 2009\u00a0<\/span><br \/>\n<span style=\"color: #000000\"><b>\u201cSingolare Femminile\u201d<\/b><\/span><br \/>\n<span style=\"color: #000000\">Galleria Comunale Castello Aragonese<\/span><br \/>\n<span style=\"color: #000000\">(all\u2019interno della manifestazione \u201cFotoArte 2010. La fotografia in citt\u00e0\u201d)<\/span><br \/>\n<span style=\"color: #000000\">31 maggio \u2013 16 giugno 2010<\/span><br \/>\n<span style=\"color: #000000\"><b>\u201cNoi siamo Stato\u201d<\/b><\/span><br \/>\n<span style=\"color: #000000\">Galleria Comunale Castello Aragonese<\/span><br \/>\n<span style=\"color: #000000\">5 marzo \u2013 12 marzo 2011<\/span><br \/>\n<span style=\"color: #000000\">Galleria Centro Commerciale Mongolfiera-Ipercoop<\/span><br \/>\n<span style=\"color: #000000\">14 marzo \u2013 21 marzo 2011<\/span><br \/>\n<span style=\"color: #000000\">Cinema Teatro Comunale di Crispiano<\/span><br \/>\n<span style=\"color: #000000\">21 marzo \u2013 27 marzo 2011<\/span><br \/>\n<span style=\"color: #000000\"><b>\u201cImmagini in cerca d\u2019autore\u201d<\/b><\/span><br \/>\n<span style=\"color: #000000\">Galleria Comunale Castello Aragonese<\/span><br \/>\n<span style=\"color: #000000\">8 marzo \u2013 18 marzo 2012<\/span><br \/>\n<span style=\"color: #000000\"><b>\u201cDonne. Storie di chi ha fatto la storia\u201d<\/b><\/span><br \/>\n<span style=\"color: #000000\">Sala delle Colonne Doriche, Via Duomo<\/span><br \/>\n<span style=\"color: #000000\">8 marzo \u2013 24 marzo 2013<\/span><br \/>\n<span style=\"color: #000000\"><b>\u201cQualcosa di rosso\u201d<\/b><\/span><br \/>\n<span style=\"color: #000000\">Centro della Fotografia, via Plinio, 85<\/span><br \/>\n<span style=\"color: #000000\">8 marzo \u2013 23 marzo 2014<\/span><br \/>\n<span style=\"color: #000000\"><b>\u201cCibus \u2013 Quando il cibo diventa arte\u201d<\/b><\/span><br \/>\n<span style=\"color: #000000\">Centro della Fotografia, via Plinio, 85<\/span><br \/>\n<span style=\"color: #000000\">7 marzo \u2013 22 marzo 2015<\/span><br \/>\n<span style=\"color: #000000\"><b>\u201cShooting my religion\u201d<\/b><\/span><br \/>\n<span style=\"color: #000000\">Centro della Fotografia, via Plinio, 85<\/span><br \/>\n<span style=\"color: #000000\">5 \u2013 6 marzo 2016<\/span><br \/>\n<span style=\"color: #000000\">11 \u2013 13 marzo 2016<\/span><br \/>\n<span style=\"color: #000000\">18 \u2013 20 marzo 2016<\/span><br \/>\n<span style=\"color: #000000\"><b>\u00a0<\/b><\/span><br \/>\n<span style=\"color: #000000\"><b>Ufficio stampa<\/b>:<\/span><br \/>\n<span style=\"color: #000000\">Rosa Cambara, Vincenzo Ferrari, Miriam Putignano<\/span><br \/>\n<span style=\"color: #000000\"><b>\u00a0<\/b><\/span><br \/>\n<span style=\"color: #000000\"><b>Per ulteriori informazioni<\/b>:<\/span><br \/>\n<span style=\"color: #000000\">Numero telefonico: 392.5000997\u00a0&#8211; Segreteria circolo fotografico \u201cIl Castello\u201d<\/span><br \/>\n<span style=\"color: #000000\">Indirizzo: Centro della Fotografia &#8211; via Plinio, 85 &#8211; 74123 Taranto<\/span><br \/>\n<span style=\"color: #000000\">E-mail: <a href=\"mailto:presidenza@cfilcastello.it\"><span style=\"color: #000000\">presidenza@cfilcastello.it<\/span><\/a>, <a href=\"mailto:rosa.cambara@cfilcastello.it\"><span style=\"color: #000000\">rosa.cambara@cfilcastello.it<\/span><\/a>, <a href=\"mailto:maria.putignano2@tin.it\"><span style=\"color: #000000\">maria.putignano2@tin.it<\/span><\/a><\/span><br \/>\n<span style=\"color: #000000\">Pagina Facebook: <a href=\"https:\/\/www.facebook.com\/pages\/Donne-Senza-Volto\/601391896570703?fref=ts\" target=\"_blank\" rel=\"noopener\"><span style=\"color: #000000\">Donne Senza Volto<\/span><\/a><\/span><br \/>\n<span style=\"color: #000000\">Sito web: <a href=\"http:\/\/www.donnesenzavolto.cfilcastello.it\" target=\"_blank\" rel=\"noopener\"><span style=\"color: #000000\">www.donnesenzavolto.cfilcastello.it<\/span><\/a><\/span><br \/>\n&nbsp;<br \/>\n<a href=\"https:\/\/fiaf.net\/puglia\/wp-content\/uploads\/sites\/18\/2016\/02\/shooting-my-religion-taranto.jpg\"><img loading=\"lazy\" decoding=\"async\" class=\"alignnone size-large wp-image-1047\" alt=\"shooting my religion taranto\" src=\"https:\/\/fiaf.net\/puglia\/wp-content\/uploads\/sites\/18\/2016\/02\/shooting-my-religion-taranto-724x1024.jpg\" width=\"724\" height=\"1024\" \/><\/a><\/p>\n\n    <div class=\"xs_social_share_widget xs_share_url after_content \t\tmain_content  wslu-style-1 wslu-share-box-shaped wslu-fill-colored wslu-none wslu-share-horizontal wslu-theme-font-no wslu-main_content\">\n\n\t\t\n        <ul>\n\t\t\t        <\/ul>\n    <\/div> \n","protected":false},"excerpt":{"rendered":"<p>\u201cShooting my religion\u201d \u00a0 \u00a0 &#8211; \u00a0 \u00a0 \u00a0\u00a0Mostra fotografica della collettiva \u201cDonne senza volto\u201d \u00a0 Un intenso viaggio attraverso &hellip;<\/p>\n","protected":false},"author":8,"featured_media":1047,"comment_status":"closed","ping_status":"closed","sticky":false,"template":"","format":"standard","meta":{"_acf_changed":false,"footnotes":""},"categories":[12],"tags":[],"class_list":["post-1051","post","type-post","status-publish","format-standard","has-post-thumbnail","hentry","category-mostre"],"acf":[],"_links":{"self":[{"href":"https:\/\/fiaf.net\/puglia\/wp-json\/wp\/v2\/posts\/1051","targetHints":{"allow":["GET"]}}],"collection":[{"href":"https:\/\/fiaf.net\/puglia\/wp-json\/wp\/v2\/posts"}],"about":[{"href":"https:\/\/fiaf.net\/puglia\/wp-json\/wp\/v2\/types\/post"}],"author":[{"embeddable":true,"href":"https:\/\/fiaf.net\/puglia\/wp-json\/wp\/v2\/users\/8"}],"replies":[{"embeddable":true,"href":"https:\/\/fiaf.net\/puglia\/wp-json\/wp\/v2\/comments?post=1051"}],"version-history":[{"count":0,"href":"https:\/\/fiaf.net\/puglia\/wp-json\/wp\/v2\/posts\/1051\/revisions"}],"wp:featuredmedia":[{"embeddable":true,"href":"https:\/\/fiaf.net\/puglia\/wp-json\/wp\/v2\/media\/1047"}],"wp:attachment":[{"href":"https:\/\/fiaf.net\/puglia\/wp-json\/wp\/v2\/media?parent=1051"}],"wp:term":[{"taxonomy":"category","embeddable":true,"href":"https:\/\/fiaf.net\/puglia\/wp-json\/wp\/v2\/categories?post=1051"},{"taxonomy":"post_tag","embeddable":true,"href":"https:\/\/fiaf.net\/puglia\/wp-json\/wp\/v2\/tags?post=1051"}],"curies":[{"name":"wp","href":"https:\/\/api.w.org\/{rel}","templated":true}]}}