{"id":1177,"date":"2016-06-06T01:55:03","date_gmt":"2016-06-05T23:55:03","guid":{"rendered":"https:\/\/fiaf.net\/regioni\/puglia\/?p=1177"},"modified":"2016-06-06T01:55:03","modified_gmt":"2016-06-05T23:55:03","slug":"tanti-per-tutti-bari","status":"publish","type":"post","link":"https:\/\/fiaf.net\/puglia\/tanti-per-tutti-bari\/","title":{"rendered":"TANTI  PER TUTTI &#8211; BARI"},"content":{"rendered":"<p><span style=\"color: #000000\">TANTI \u00a0PER TUTTI &#8211; Viaggio nel volontariato italiano &#8211; BARI<\/span><br \/>\n<span style=\"color: #000000\"><b>DOMENICA \u00a012 GIUGNO 2016 \u00a0alle ore 18,30 <\/b><\/span><br \/>\n<span style=\"color: #000000\">presso<b> Spazio Giovani a Bari <\/b>in<b> via Venezia 41, ( sulla muraglia)<\/b><\/span><br \/>\n<span style=\"color: #000000\"><b>Vernissage della mostra fotografica collettiva &#8220;TANTI \u00a0PER TUTTI &#8211; Viaggio nel volontariato italiano&#8221; \u00a0a cura \u00a0dei soci dell&#8217;associazione cinefotografica Kaleidos<\/b><\/span><br \/>\n<span style=\"color: #000000\">alla presenza dei rappresentanti comunali, delle rappresentanze del mondo del volontariato, degli autori, dei soci e di Tiziana Rizzi Presidente del Associazione Fotografica Kaleidos e Delegato per la Provincia di Bari della FIAF<\/span><br \/>\n<span style=\"color: #000000\">Espongono i loro\u00a0racconti fotografici:<\/span><br \/>\n<span style=\"color: #000000\">Andrea Camassa,\u00a0Grazia Carone, Isabella Fazio, Gennaro Gargiulo, Rosa Ginaldi,\u00a0Roberta Giordano, Vito Marzano, Iolanda Pompilio, Tiziana Rizzi.<\/span><br \/>\n<span style=\"color: #000000\">La mostra ha il patrocinio della FIAF , del CSVnet.<\/span><br \/>\n<span style=\"color: #000000\">La mostra di Bari sar\u00e0 visitabile fino al 19 giugno 2016 ; \u00a0 Orari: dalle 18,30 alle 20,00 nei giorni feriali , \u00a0e dalle 10,30 alle 13,00 e dalle 18,30 alle 20,00 sabato e domenica.<\/span><br \/>\n<span style=\"color: #000000\"><b>TANTI PER TUTTI &#8211; Viaggio nel volontariato italiano<\/b>, \u00e8 un progetto nazionale fortemente voluto dalla <b>FIAF<\/b> la Federazione Italiana delle Associazioni Fotografiche che dal 1948 rappresenta la fotografia amatoriale in Italia e che ha trovato nel <b>CSVnet<\/b> Il Coordinamento Nazionale dei Centri di Servizio per il Volontariato un partner importante.<\/span><br \/>\n<span style=\"color: #000000\">L\u2019idea nasce per far conoscere a tutti le mille realt\u00e0 del volontariato in Italia, la sua diffusione e la sua importanza. Il mondo del volontariato non costituisce infatti una costellazione omogenea, ma \u00e8 pi\u00f9 simile ad una galassia dove possiamo trovare realt\u00e0 e componenti diverse. Ed \u00e8 questo il motivo che ha spinto la FIAF ad avviare lo scorso anno questo progetto invitando tutti i suoi iscritti (oltre cinquemila) e tutti i fotografi a farne parte.<\/span><br \/>\n<span style=\"color: #000000\">Gli autori coinvolti nel progetto esprimeranno il loro punto di vista sul volontariato con una serie di fotografie sul tema, giungendo alla realizzazione di una documentazione fotografica volta a riflettere sul mondo del volontariato, ovvero tutte quelle attivit\u00e0 che sono supporto al vivere contemporaneo e che si occupano di assistenza sociale, salute, organizzazioni del tempo libero, cultura e sport, protezione civile, educazione e ricerca, ambiente, tutela dei diritti, cooperazione e solidariet\u00e0 internazionale.<\/span><br \/>\n<span style=\"color: #000000\">Il progetto prevede inoltre la realizzazione di due cataloghi, uno dedicato alla mostra nazionale che si terr\u00e0 a Bibbiena sempre l\u201911 giugno presso il Centro Italiano della Fotografia d\u2019Autore e un altro dedicato alle mostre locali.<\/span><br \/>\n<span style=\"color: #000000\">Rispondendo all\u2019appello che la FIAF ha fatto a livello nazionale, <b>l\u2019associazione cinefotografica Kaleidos<\/b> ha intrapreso un percorso di riflessione fotografica, culturale e sociale sulle mille sfaccettature del Volontariato, che si \u00e8 finalizzato con la realizzazione di una mostra fotografica collettiva dei soci.<\/span><br \/>\n<span style=\"color: #000000\">Questa mostra fotografica far\u00e0 parte della serie di mostre, oltre 150, che in contemporanea saranno inaugurate in tutta Italia, e che daranno respiro nazionale al progetto della FIAF.<\/span><br \/>\n<span style=\"color: #000000\">Per info:<\/span><br \/>\n<span style=\"color: #000000\"><a href=\"http:\/\/www.facebook.com\/Kaleidos-627094347420291\/\" target=\"_blank\" rel=\"noopener\">Pagina Facebook<\/a><\/span><br \/>\n<a href=\"http:\/\/www.facebook.com\/events\/1607884502836487\/\" target=\"_blank\" rel=\"noopener\"><span style=\"color: #000000\"> Evento FaceBook<\/span><\/a><br \/>\n<span style=\"color: #000000\"> mail: kaleidosfotoclub@gmail.com<\/span><br \/>\n.<br \/>\n<a href=\"https:\/\/fiaf.net\/puglia\/wp-content\/uploads\/sites\/18\/2016\/06\/LOCANDINA-EVENTO-BARI_FC.jpg\"><img loading=\"lazy\" decoding=\"async\" class=\"alignnone size-medium wp-image-1191\" alt=\"LOCANDINA EVENTO BARI_FC\" src=\"https:\/\/fiaf.net\/puglia\/wp-content\/uploads\/sites\/18\/2016\/06\/LOCANDINA-EVENTO-BARI_FC-200x300.jpg\" width=\"200\" height=\"300\" srcset=\"https:\/\/fiaf.net\/puglia\/wp-content\/uploads\/sites\/18\/2016\/06\/LOCANDINA-EVENTO-BARI_FC-200x300.jpg 200w, https:\/\/fiaf.net\/puglia\/wp-content\/uploads\/sites\/18\/2016\/06\/LOCANDINA-EVENTO-BARI_FC-683x1024.jpg 683w, https:\/\/fiaf.net\/puglia\/wp-content\/uploads\/sites\/18\/2016\/06\/LOCANDINA-EVENTO-BARI_FC-768x1152.jpg 768w, https:\/\/fiaf.net\/puglia\/wp-content\/uploads\/sites\/18\/2016\/06\/LOCANDINA-EVENTO-BARI_FC-1024x1536.jpg 1024w, https:\/\/fiaf.net\/puglia\/wp-content\/uploads\/sites\/18\/2016\/06\/LOCANDINA-EVENTO-BARI_FC-1365x2048.jpg 1365w, https:\/\/fiaf.net\/puglia\/wp-content\/uploads\/sites\/18\/2016\/06\/LOCANDINA-EVENTO-BARI_FC-scaled.jpg 1707w\" sizes=\"auto, (max-width: 200px) 100vw, 200px\" \/><\/a><\/p>\n\n    <div class=\"xs_social_share_widget xs_share_url after_content \t\tmain_content  wslu-style-1 wslu-share-box-shaped wslu-fill-colored wslu-none wslu-share-horizontal wslu-theme-font-no wslu-main_content\">\n\n\t\t\n        <ul>\n\t\t\t        <\/ul>\n    <\/div> \n","protected":false},"excerpt":{"rendered":"<p>TANTI \u00a0PER TUTTI &#8211; Viaggio nel volontariato italiano &#8211; BARI DOMENICA \u00a012 GIUGNO 2016 \u00a0alle ore 18,30 presso Spazio Giovani &hellip;<\/p>\n","protected":false},"author":8,"featured_media":1191,"comment_status":"closed","ping_status":"closed","sticky":false,"template":"","format":"standard","meta":{"_acf_changed":false,"footnotes":""},"categories":[12],"tags":[],"class_list":["post-1177","post","type-post","status-publish","format-standard","has-post-thumbnail","hentry","category-mostre"],"acf":[],"_links":{"self":[{"href":"https:\/\/fiaf.net\/puglia\/wp-json\/wp\/v2\/posts\/1177","targetHints":{"allow":["GET"]}}],"collection":[{"href":"https:\/\/fiaf.net\/puglia\/wp-json\/wp\/v2\/posts"}],"about":[{"href":"https:\/\/fiaf.net\/puglia\/wp-json\/wp\/v2\/types\/post"}],"author":[{"embeddable":true,"href":"https:\/\/fiaf.net\/puglia\/wp-json\/wp\/v2\/users\/8"}],"replies":[{"embeddable":true,"href":"https:\/\/fiaf.net\/puglia\/wp-json\/wp\/v2\/comments?post=1177"}],"version-history":[{"count":0,"href":"https:\/\/fiaf.net\/puglia\/wp-json\/wp\/v2\/posts\/1177\/revisions"}],"wp:featuredmedia":[{"embeddable":true,"href":"https:\/\/fiaf.net\/puglia\/wp-json\/wp\/v2\/media\/1191"}],"wp:attachment":[{"href":"https:\/\/fiaf.net\/puglia\/wp-json\/wp\/v2\/media?parent=1177"}],"wp:term":[{"taxonomy":"category","embeddable":true,"href":"https:\/\/fiaf.net\/puglia\/wp-json\/wp\/v2\/categories?post=1177"},{"taxonomy":"post_tag","embeddable":true,"href":"https:\/\/fiaf.net\/puglia\/wp-json\/wp\/v2\/tags?post=1177"}],"curies":[{"name":"wp","href":"https:\/\/api.w.org\/{rel}","templated":true}]}}