{"id":1185,"date":"2016-06-06T10:52:56","date_gmt":"2016-06-06T08:52:56","guid":{"rendered":"https:\/\/fiaf.net\/regioni\/puglia\/?p=1185"},"modified":"2016-06-06T10:52:56","modified_gmt":"2016-06-06T08:52:56","slug":"fotografiafemminile-rassegna","status":"publish","type":"post","link":"https:\/\/fiaf.net\/puglia\/fotografiafemminile-rassegna\/","title":{"rendered":"\u201cFOTOGRAFIA\/FEMMINILE\u201d Rassegna"},"content":{"rendered":"<p><span style=\"color: #000000\">L&#8217;<strong>associazione Cacciatori d&#8217;Ombra<\/strong> \u00e8 lieta di presentarVi ed invitarVi al finassage collettivo della \u00a0tenutasi presso il Teatro Garibaldi di Bisceglie con tutte le Autrici di questa rassegna.<\/span><br \/>\n<span style=\"color: #000000\"> Avremo come ospiti Michela Frontino e Eva Krampen Kosloski. Michela Frontino terr\u00e0 un excursus sul linguaggio femminile focalizzando l&#8217;attenzione proprio sul rapporto tra donne e fotografia mostradone i punti di forza nella storia delle immagini. Eva Kosloski, fotografa e vincitrice del premio Fotoleggendo 2014, parler\u00e0 del suo lavoro \u201cDiario di Famiglia\u201d: \u00abCon il trascorrere del tempo ho sentito il bisogno di riflettere sulle mie origini riavvicinandomi alle figure femminili della mia famiglia\u00bb. Diario fotografico su due sorelle gemelle, madre e zia dell\u2019autrice, che si sviluppa tra il tempo presente e la memoria del passato. Parenti del cugino di Albert Einstein, Paola e Lorenza Mazzetti hanno vissuto il dramma dell\u2019uccisione della zia e delle cugine da parte dei soldati nazisti e il suicidio dello zio scampato alla strage.<\/span><br \/>\n<span style=\"color: #000000\">Vi aspettiamo il 17 giugno, ore 18:30 presso il Palazzo Tupputi di Bisceglie (Ba).<\/span><br \/>\n<span style=\"color: #000000\">Seguir\u00e0 alle ore 20:00 il finassage.<\/span><br \/>\n<span style=\"color: #000000\">Contestualmente si terr\u00e0 l&#8217;esposizione delle opere fotografiche delle Autrici della rassegna:<\/span><br \/>\n<span style=\"color: #000000\"> Adele Di Nunzio<\/span><br \/>\n<span style=\"color: #000000\"> Marianna Leone<\/span><br \/>\n<span style=\"color: #000000\"> Maria Palmieri<\/span><br \/>\n<span style=\"color: #000000\"> Elena Pez<\/span><br \/>\n<span style=\"color: #000000\"> Teta Colamonaco<\/span><br \/>\n<span style=\"color: #000000\">L&#8217;esposizione si terr\u00e0 dal 17 al 30 giugno, dalle 17:30 alle 20:30, tutti giorni esclusa la domenica. L\u2019ingresso \u00e8 gratuito.<\/span><br \/>\n<span style=\"color: #000000\"> Info e contatti per prenotazioni e gruppi: 3402215793, 3406131760, info@palazzotupputi.it<\/span><br \/>\n<span style=\"color: #000000\">bio Michela Frontino<\/span><br \/>\n<span style=\"color: #000000\"> Autrice e curatrice indipendente interessata alle relazioni tra archivio e percezione contemporanea si \u00e8 occupata della catalogazione e valorizzazione di numerosi fondi fotografici storico-artistici e contemporanei (tra cui: fondo \u201cItalo Zannier\u201d della Collezione Fondazione di Venezia; fondo fotografico dell\u2019ABMC, Archivio, Biblioteca, Museo Civico di Altamura; fondo biografico e artistico di Salvador Dal\u00ec, Fundaci\u00f2n Gala Salvador Dal\u00ec, Figueres, Spagna; Archivio fotografico \u201cFiglie del divino zelo\u201d, diocesi Barletta Andria Trani), e della curatela di progetti video e fotografici legati ai temi del paesaggio e del territorio. \u00c8 co-fondatrice del laboratorio di ricerca e arti visive Glooscap e dell\u2019archivio fotografico immateriale Album di famiglia. \u00c8 redattrice per SPREA Editori (IL FOTOGRAFO) e contributor de La ventisettesima Ora, blog del Corriere della Sera. Suoi testi sono presenti in: Il furore delle immagini, Marsilio, 2010 e Questo (non) \u00e8 un paesaggio, Altrimedia, 2015.<\/span><br \/>\n<span style=\"color: #000000\">bio Eva Krampen Kosloski<\/span><br \/>\n<span style=\"color: #000000\"> Nata a Roma nel 1956. Laureata in arte dell\u2019India e del Tibet all\u2019Orientale di Napoli, si \u00e8 specializzata in Arte terapia al Goldsmith College. Ha studiato arte presso la Scuola di Arti Visive del Parque Lage (Rio de Janeiro) e fotografia presso Officine Fotografiche (Roma). Ha partecipato ha mostre sia come pittrice che fotografa. Nel 2014 con \u201cDiario di Famiglia\u201d ha vinto il 1\u00b0 premio per il portfolio a al festival di fotografia Fotoleggendo.<\/span><br \/>\n&nbsp;<br \/>\n<a href=\"https:\/\/fiaf.net\/puglia\/wp-content\/uploads\/sites\/18\/2016\/06\/13323434_1131925940161624_7334849637811280163_o.jpg\"><img loading=\"lazy\" decoding=\"async\" class=\"alignnone size-medium wp-image-1186\" alt=\"13323434_1131925940161624_7334849637811280163_o\" src=\"https:\/\/fiaf.net\/puglia\/wp-content\/uploads\/sites\/18\/2016\/06\/13323434_1131925940161624_7334849637811280163_o-212x300.jpg\" width=\"212\" height=\"300\" srcset=\"https:\/\/fiaf.net\/puglia\/wp-content\/uploads\/sites\/18\/2016\/06\/13323434_1131925940161624_7334849637811280163_o-212x300.jpg 212w, https:\/\/fiaf.net\/puglia\/wp-content\/uploads\/sites\/18\/2016\/06\/13323434_1131925940161624_7334849637811280163_o-724x1024.jpg 724w, https:\/\/fiaf.net\/puglia\/wp-content\/uploads\/sites\/18\/2016\/06\/13323434_1131925940161624_7334849637811280163_o-768x1086.jpg 768w, https:\/\/fiaf.net\/puglia\/wp-content\/uploads\/sites\/18\/2016\/06\/13323434_1131925940161624_7334849637811280163_o-1086x1536.jpg 1086w, https:\/\/fiaf.net\/puglia\/wp-content\/uploads\/sites\/18\/2016\/06\/13323434_1131925940161624_7334849637811280163_o.jpg 1169w\" sizes=\"auto, (max-width: 212px) 100vw, 212px\" \/><\/a><\/p>\n\n    <div class=\"xs_social_share_widget xs_share_url after_content \t\tmain_content  wslu-style-1 wslu-share-box-shaped wslu-fill-colored wslu-none wslu-share-horizontal wslu-theme-font-no wslu-main_content\">\n\n\t\t\n        <ul>\n\t\t\t        <\/ul>\n    <\/div> \n","protected":false},"excerpt":{"rendered":"<p>L&#8217;associazione Cacciatori d&#8217;Ombra \u00e8 lieta di presentarVi ed invitarVi al finassage collettivo della \u00a0tenutasi presso il Teatro Garibaldi di Bisceglie &hellip;<\/p>\n","protected":false},"author":8,"featured_media":1186,"comment_status":"closed","ping_status":"closed","sticky":false,"template":"","format":"standard","meta":{"_acf_changed":false,"footnotes":""},"categories":[8,12],"tags":[],"class_list":["post-1185","post","type-post","status-publish","format-standard","has-post-thumbnail","hentry","category-incontri-autore","category-mostre"],"acf":[],"_links":{"self":[{"href":"https:\/\/fiaf.net\/puglia\/wp-json\/wp\/v2\/posts\/1185","targetHints":{"allow":["GET"]}}],"collection":[{"href":"https:\/\/fiaf.net\/puglia\/wp-json\/wp\/v2\/posts"}],"about":[{"href":"https:\/\/fiaf.net\/puglia\/wp-json\/wp\/v2\/types\/post"}],"author":[{"embeddable":true,"href":"https:\/\/fiaf.net\/puglia\/wp-json\/wp\/v2\/users\/8"}],"replies":[{"embeddable":true,"href":"https:\/\/fiaf.net\/puglia\/wp-json\/wp\/v2\/comments?post=1185"}],"version-history":[{"count":0,"href":"https:\/\/fiaf.net\/puglia\/wp-json\/wp\/v2\/posts\/1185\/revisions"}],"wp:featuredmedia":[{"embeddable":true,"href":"https:\/\/fiaf.net\/puglia\/wp-json\/wp\/v2\/media\/1186"}],"wp:attachment":[{"href":"https:\/\/fiaf.net\/puglia\/wp-json\/wp\/v2\/media?parent=1185"}],"wp:term":[{"taxonomy":"category","embeddable":true,"href":"https:\/\/fiaf.net\/puglia\/wp-json\/wp\/v2\/categories?post=1185"},{"taxonomy":"post_tag","embeddable":true,"href":"https:\/\/fiaf.net\/puglia\/wp-json\/wp\/v2\/tags?post=1185"}],"curies":[{"name":"wp","href":"https:\/\/api.w.org\/{rel}","templated":true}]}}