{"id":1502,"date":"2017-05-04T15:03:04","date_gmt":"2017-05-04T13:03:04","guid":{"rendered":"https:\/\/fiaf.net\/regioni\/puglia\/?p=1502"},"modified":"2017-05-04T15:03:04","modified_gmt":"2017-05-04T13:03:04","slug":"fotoarte-in-portfolio","status":"publish","type":"post","link":"https:\/\/fiaf.net\/puglia\/fotoarte-in-portfolio\/","title":{"rendered":"FotoArte in Portfolio"},"content":{"rendered":"<p><!--\np.p1 {margin: 0.0px 0.0px 0.0px 0.0px; line-height: 24.0px; font: 12.0px Verdana}\np.p2 {margin: 0.0px 0.0px 0.0px 0.0px; line-height: 24.0px; font: 12.0px Verdana; min-height: 15.0px}\np.p3 {margin: 0.0px 0.0px 0.0px 0.0px; line-height: 18.0px; font: 12.0px Verdana}\np.p4 {margin: 0.0px 0.0px 0.0px 0.0px; line-height: 18.0px; font: 12.0px Verdana; min-height: 15.0px}\n--><span style=\"color: #000000\">La <strong>FIAF <\/strong>&#8211;<strong> Federazione Italiana Associazioni Fotografiche<\/strong>, in collaborazione con l\u2019\u201dAssociazione Carpe Diem\u201d di Sestri Levante, il \u201cCircolo Fotografico Il Castello\u201d di Taranto, il \u201cCircolo Fotografico Erregibi Sezione Fotografia\u201d di Sassoferrato, il \u201cCircolo Fotocine Garfagnana\u201d di Castelnuovo di Garfagnana, il \u201cCircolo Fincantieri-W\u00e4rtsil\u00e4\u201d di Trieste, l\u2019\u201dAssociazione Culturale Corigliano per la Fotografia\u201d di Corigliano Calabro, l\u2019\u201dAssociazione Fotografica Cultura e Immagine\u201d di Savignano sul Rubicone e il \u201cClub Fotografico AVIS Bibbiena\u201d di Bibbiena, <\/span><br \/>\n<span style=\"color: #000000\">organizza la quattordicesima edizione di <strong>\u201cPORTFOLIO ITALIA\u201d<\/strong>.<\/span><br \/>\n<span style=\"color: #000000\">Selezione conclusiva riservata ai portfolio che avranno ottenuto i Riconoscimenti posti in palio, durante il 2017, in una delle succitate Manifestazioni caratterizzate da incontri a lettura di portfolio.<\/span><br \/>\n<span style=\"color: #000000\">\u00a0<\/span><br \/>\n<strong><span style=\"color: #000000\">REGOLAMENTO &#8220;FotoArte in Portfolio&#8221;<\/span><\/strong><br \/>\n<span style=\"color: #000000\">Nell\u2019ambito di \u201cFotoArte2017\u201d il Circolo Fotografico Il Castello organizza il &#8220;FotoArte in Portfolio&#8221;, Selezione Fotografica Nazionale a lettura di Portfolio aperta a tutti i Fotografi.<\/span><br \/>\n<span style=\"color: #000000\">La Selezione \u00e8 a tema libero e i Portfolio presentati (in numero massimo di due per Autore, ognuno opportunamente identificato da un titolo) non saranno soggetti ad alcuna limitazione, n\u00e9 per quanto concerne la quantit\u00e0 delle immagini, n\u00e9 per il formato delle stesse.<\/span><br \/>\n<span style=\"color: #000000\">La Selezione non \u00e8 suddivisa in Sezioni; saranno accettate tutte le tecniche di ripresa e tutti i procedimenti di stampa (su qualsiasi tipo di supporto) ma saranno rifiutate le presentazioni di diapositive e di file digitali ancorch\u00e9 proposte da Autori muniti dell\u2019attrezzatura necessaria per una corretta visione, e saranno altres\u00ec rifiutate le presentazioni di lavori esibiti sotto forma di libri.<\/span><br \/>\n<span style=\"color: #000000\">L\u2019Autore (con detto termine s&#8217;intende anche l\u2019eventuale Gruppo composto da pi\u00f9 Autori), ad ogni effetto di legge, \u00e8 l\u2019unico Responsabile del contenuto delle proprie immagini.<\/span><br \/>\n<span style=\"color: #000000\">L\u2019iscrizione al &#8220;FotoArte in Portfolio&#8221; potr\u00e0 essere effettuata:<\/span><br \/>\n<span style=\"color: #000000\">facendo pervenire entro e non oltre il 25 maggio la scheda di partecipazione (compilata in tutte le sue parti) a Circolo Fotografico Il castello \u2013 via Plinio 85 \u2013 74121 Taranto tramite posta tradizionale, oppure posta elettronica segreteria@cfilcastello.it (la scheda \u00e8 disponibile e pu\u00f2 essere richiesta via mail);<\/span><br \/>\n<span style=\"color: #000000\">compilando la scheda di partecipazione presso la Segreteria dell\u2019Organizzazione (durante gli orari di apertura esposti presso la Segreteria).<\/span><br \/>\n<span style=\"color: #000000\">Ogni Autore avr\u00e0 diritto ad un massimo di 2 incontri con i Lettori\/Selezionatori della durata massima di 20 minuti ciascuno. Gli incontri di lettura saranno aperti al pubblico.<\/span><br \/>\n<span style=\"color: #000000\">La Segreteria provveder\u00e0 a numerare ciascuna scheda e, in base alla priorit\u00e0 d\u2019ordine d\u2019iscrizione, a fissare la data e l\u2019ora approssimativa di lettura del\/i Portfolio da parte del primo Lettore\/Selezionatore libero.<\/span><br \/>\n<span style=\"color: #000000\">Ogni Autore sar\u00e0 tenuto a presentare, nel momento dell\u2019incontro prefissato, i propri Lavori accompagnati dalla scheda di partecipazione al Lettore\/Selezionatore assegnatogli. La mancata presentazione all\u2019ora stabilita far\u00e0 decadere l\u2019appuntamento.<\/span><br \/>\n<span style=\"color: #000000\">La Commissione Selezionatrice sar\u00e0 composta dai Signori:<\/span><br \/>\n<span style=\"color: #000000\">Luigi Erba, Sandro Bini, Saverio Langianni, Susanna Bertoni, Emanuela Costantini, Marcello Carrozzo, Andrea Pacanowski, Lisa Bernardini.<\/span><br \/>\n<span style=\"color: #000000\">Gli incontri di lettura dei Portfolio si terranno a Taranto, nelle giornate del 27 e 28 maggio.<\/span><br \/>\n<span style=\"color: #000000\">Gli orari previsti per la lettura dei Portfolio sono i seguenti:<\/span><br \/>\n<span style=\"color: #000000\">Sabato 28 maggio dalle 10.10 alle 13.10 e dalle 16.10 alle 19.10<\/span><br \/>\n<span style=\"color: #000000\">Domenica 29 maggio dalle 9.10 alle 13.10<\/span><br \/>\n<span style=\"color: #000000\">Tutti i Lavori saranno trattenuti (con il benestare dell\u2019Autore) e ammessi all\u2019esame finale della Commissione Selezionatrice. Tra questi Lavori la Commissione Selezionatrice sceglier\u00e0 i due migliori Portfolio dandone pubblica comunicazione la domenica 29 giugno alle ore 20.00 presso MuDi Museo Diocesano &#8211; Vico Seminario 1 Taranto.<\/span><br \/>\n<span style=\"color: #000000\">I Portfolio ammessi e non ritirati dai Partecipanti al termine della Manifestazione saranno restituiti con pacco postale a carico del destinatario.<\/span><br \/>\n<span style=\"color: #000000\">Il giudizio della Commissione Selezionatrice sar\u00e0 inappellabile e la partecipazione alla Selezione implica l\u2019accettazione incondizionata del presente Regolamento.<\/span><br \/>\n<span style=\"color: #000000\">I Vincitori parteciperanno di diritto alla selezione finale di Portfolio Italia.<\/span><br \/>\n<span style=\"color: #000000\">Per il portfolio primo classificato:\u00a0 una settimana nella casa di FIAF a Bibbiena per un campus di alta formazione tenuto dagli ambassador di Hasselblad.<\/span><br \/>\n<span style=\"color: #000000\">Per il portfolio secondo classificato: un buono libri di 100\u20ac<\/span><br \/>\n<span style=\"color: #000000\">Costo partecipazione 10\u20ac, escluso i tesserati FIAF.<br \/>\n_<\/span><br \/>\n<span style=\"color: #000000\"><br \/>\n<a href=\"https:\/\/fiaf.net\/puglia\/wp-content\/uploads\/sites\/18\/2017\/05\/banner-fotoarte-2017-b.jpg\"><img loading=\"lazy\" decoding=\"async\" class=\"alignnone size-medium wp-image-1503\" alt=\"banner fotoarte 2017 b\" src=\"https:\/\/fiaf.net\/puglia\/wp-content\/uploads\/sites\/18\/2017\/05\/banner-fotoarte-2017-b-300x112.jpg\" width=\"300\" height=\"112\" \/><\/a><br \/>\n<\/span><\/p>\n\n    <div class=\"xs_social_share_widget xs_share_url after_content \t\tmain_content  wslu-style-1 wslu-share-box-shaped wslu-fill-colored wslu-none wslu-share-horizontal wslu-theme-font-no wslu-main_content\">\n\n\t\t\n        <ul>\n\t\t\t        <\/ul>\n    <\/div> \n","protected":false},"excerpt":{"rendered":"<p>La FIAF &#8211; Federazione Italiana Associazioni Fotografiche, in collaborazione con l\u2019\u201dAssociazione Carpe Diem\u201d di Sestri Levante, il \u201cCircolo Fotografico Il &hellip;<\/p>\n","protected":false},"author":8,"featured_media":1503,"comment_status":"closed","ping_status":"closed","sticky":false,"template":"","format":"standard","meta":{"_acf_changed":false,"footnotes":""},"categories":[10],"tags":[],"class_list":["post-1502","post","type-post","status-publish","format-standard","has-post-thumbnail","hentry","category-lettura-portfolio"],"acf":[],"_links":{"self":[{"href":"https:\/\/fiaf.net\/puglia\/wp-json\/wp\/v2\/posts\/1502","targetHints":{"allow":["GET"]}}],"collection":[{"href":"https:\/\/fiaf.net\/puglia\/wp-json\/wp\/v2\/posts"}],"about":[{"href":"https:\/\/fiaf.net\/puglia\/wp-json\/wp\/v2\/types\/post"}],"author":[{"embeddable":true,"href":"https:\/\/fiaf.net\/puglia\/wp-json\/wp\/v2\/users\/8"}],"replies":[{"embeddable":true,"href":"https:\/\/fiaf.net\/puglia\/wp-json\/wp\/v2\/comments?post=1502"}],"version-history":[{"count":0,"href":"https:\/\/fiaf.net\/puglia\/wp-json\/wp\/v2\/posts\/1502\/revisions"}],"wp:featuredmedia":[{"embeddable":true,"href":"https:\/\/fiaf.net\/puglia\/wp-json\/wp\/v2\/media\/1503"}],"wp:attachment":[{"href":"https:\/\/fiaf.net\/puglia\/wp-json\/wp\/v2\/media?parent=1502"}],"wp:term":[{"taxonomy":"category","embeddable":true,"href":"https:\/\/fiaf.net\/puglia\/wp-json\/wp\/v2\/categories?post=1502"},{"taxonomy":"post_tag","embeddable":true,"href":"https:\/\/fiaf.net\/puglia\/wp-json\/wp\/v2\/tags?post=1502"}],"curies":[{"name":"wp","href":"https:\/\/api.w.org\/{rel}","templated":true}]}}