{"id":1568,"date":"2017-05-31T15:09:00","date_gmt":"2017-05-31T13:09:00","guid":{"rendered":"https:\/\/fiaf.net\/regioni\/puglia\/?p=1568"},"modified":"2017-05-31T15:09:00","modified_gmt":"2017-05-31T13:09:00","slug":"incontro-con-lautore-marina-tomasi","status":"publish","type":"post","link":"https:\/\/fiaf.net\/puglia\/incontro-con-lautore-marina-tomasi\/","title":{"rendered":"Incontro con l&#039;autore &quot;Marina Tomasi&quot;"},"content":{"rendered":"<p>I<span style=\"color: #000000\">l giorno 30 Giugno 2017 \u00a0alle ore 20,30<\/span><br \/>\n<span style=\"color: #000000\"> presso LUC \u00a0 \u00a0a Manfredonia \u00a0<\/span><br \/>\n<span style=\"color: #000000\"><strong>Incontro con l&#8217;autore &#8220;Marina Tomasi&#8221;<\/strong><\/span><br \/>\n<span style=\"color: #000000\">Marina Tomasi \u00e8 nata ad Isorella (Brescia) e risiede a Gazoldo Degli Ippoliti (Mantova), dove svolge la sua attivit\u00e0.\u00a0<\/span><br \/>\n<span style=\"color: #000000\">Esordisce come pittrice negli anni \u201880, dapprima frequentando la Scuola del Nudo diretta da Lorella Salvagni e successivamente aderendo al gruppo di pittura \u201cLa Torre\u201d guidato dalla professoressa Anna Moccia.\u00a0<\/span><br \/>\n<span style=\"color: #000000\">Dieci anni fa approda alla fotografia, sua grande passione, che approfondisce seguendo un corso a Cavriana tenuto dal grande fotografo italo-americano Joe Oppedisano. Una ricerca costante e sempre pi\u00f9 costruttiva la porta a scegliere il ritratto come tema dei suoi scatti: in particolare si focalizza sul mondo della donna. I suoi lavori spaziano dai ritratti classici alle sovrapposizioni in macchina: uno scatto sopra l\u2019altro, come si faceva con l\u2019analogica, e in queste opere ritorna la sua vena pittorica ed artistica, un modo tutto personale di fare fotografia, dove trovano spazio anche la fantasia e la continua ricerca e sperimentazione. Le creazioni di Marina Tomasi sono ricche di fascino e di suggestioni e non nascono mai per caso n\u00e9 solo per gusto estetico, ma perch\u00e9 ha qualcosa da dire riguardo al mondo della donna, al suo rapporto con la bellezza, con la sua esteriorit\u00e0 e in special modo con la sua interiorit\u00e0. Strati che si sovrappongono mostrandosi e in parte celandosi vicendevolmente, nel tentativo di esprimere le sfaccettature dell\u2019animo, della sua complessit\u00e0, fascino e bellezza, e il tutto confluisce e diventa esteriorit\u00e0, immagine, corpo, carnalit\u00e0, concretezza, esistenza\u2026 qui e ora, e anche l\u2019essere essenziale dell\u2019essere donna. Un lavoro, quello di Marina, intelligente e originale, che va decisamente oltre la mera ritrattistica. La sua prima mostra all\u2019Associazione La Postumia di Gazoldo Degli Ippoliti parla della \u201cessenza delle donne\u201d; Marina viene poi invitata da Chiara Pavesi, Sindaco del suo paese natale Isorella, a esporre le sue opere. Ha partecipato attivamente anche alle mostre collettive solidali di Eurasia \u2013 Lo scatto che Unisce -, Progetto internazionale promosso dall\u2019Assaciazione Culturale Artava. La mostra itinerante si \u00e8 svolta a Taranto, Salerno, Gallarate, Malta per finire a Bangkok. Ultimamente ha esposto le sue opere, in una personale, a Suzzara (MN) a Piazzalunga, in occasione della festa della donna. Nel 2016 continua ad esporre le sue opere allestendo un\u2019altra personale presso il Castello medioevale di Villimpenta (Mantova), in occasione della quale viene pubblicato un catalogo \u201cEsercizi d\u2019arte Numero 1- L\u2019essenza delle Donne\u201d sponsorizzato dagli amici di Palazzo Te e dei Musei Mantovani. Il volume, redatto da Paola Artoni, Daniele Artoni, Paolo Bertelli, Chiara Tranquillit\u00e0 e Lisa Valli, \u00e8 il primo di una collana di una serie di pubblicazioni ed \u00e8 stato curato da un comitato scientifico internazionale (Peter Assmann , Cristina Beltrami, Paolo Bertelli, Mackenzie Cooley, Monica Molteni, Federico Sabatini, Valerio Terzaroli, Lisa Valli). Seguono una personale a Rodigo (Mantova) presso Villa Balestra ed una collettiva a Lucca, nella prestigiosa Villa Bottini, che raccoglie lavori contro la violenza sulle donne. Marina, iscritta alla Fiaf prosegue il suo cammino e le sue sperimentazioni.<\/span><br \/>\nPer info: \u00a0\u00a0<a href=\"mailto:info@manfredoniafotografica.it\" target=\"_blank\" rel=\"noopener\">info@manfredoniafotografica.it<\/a><br \/>\n<span style=\"color: #ff0000;font-size: large\"><a href=\"http:\/\/www.manfredoniafotografica.it\/\" target=\"_blank\" rel=\"noopener\">www.manfredoniafotografica.it<br \/>\n<a href=\"https:\/\/fiaf.net\/puglia\/wp-content\/uploads\/sites\/18\/2017\/05\/18579334_302751363486537_1413143175_n.jpg\"><img loading=\"lazy\" decoding=\"async\" class=\"alignnone size-medium wp-image-1554\" alt=\"18579334_302751363486537_1413143175_n\" src=\"https:\/\/fiaf.net\/puglia\/wp-content\/uploads\/sites\/18\/2017\/05\/18579334_302751363486537_1413143175_n-300x200.jpg\" width=\"300\" height=\"200\" srcset=\"https:\/\/fiaf.net\/puglia\/wp-content\/uploads\/sites\/18\/2017\/05\/18579334_302751363486537_1413143175_n-300x200.jpg 300w, https:\/\/fiaf.net\/puglia\/wp-content\/uploads\/sites\/18\/2017\/05\/18579334_302751363486537_1413143175_n-768x512.jpg 768w, https:\/\/fiaf.net\/puglia\/wp-content\/uploads\/sites\/18\/2017\/05\/18579334_302751363486537_1413143175_n.jpg 960w\" sizes=\"auto, (max-width: 300px) 100vw, 300px\" \/><\/a>\u00a0 \u00a0 \u00a0 \u00a0 \u00a0 \u00a0\u00a0 <a href=\"https:\/\/fiaf.net\/puglia\/wp-content\/uploads\/sites\/18\/2017\/05\/18578911_302750833486590_958093008_n.jpg\"><img loading=\"lazy\" decoding=\"async\" class=\"alignnone size-medium wp-image-1553\" alt=\"18578911_302750833486590_958093008_n\" src=\"https:\/\/fiaf.net\/puglia\/wp-content\/uploads\/sites\/18\/2017\/05\/18578911_302750833486590_958093008_n-200x300.jpg\" width=\"200\" height=\"300\" srcset=\"https:\/\/fiaf.net\/puglia\/wp-content\/uploads\/sites\/18\/2017\/05\/18578911_302750833486590_958093008_n-200x300.jpg 200w, https:\/\/fiaf.net\/puglia\/wp-content\/uploads\/sites\/18\/2017\/05\/18578911_302750833486590_958093008_n.jpg 640w\" sizes=\"auto, (max-width: 200px) 100vw, 200px\" \/><\/a>\u00a0 \u00a0 \u00a0 \u00a0 \u00a0 \u00a0\u00a0<a href=\"https:\/\/fiaf.net\/puglia\/wp-content\/uploads\/sites\/18\/2017\/05\/18600921_302751486819858_185748405_n.jpg\"><img loading=\"lazy\" decoding=\"async\" class=\"alignnone size-medium wp-image-1555\" alt=\"18600921_302751486819858_185748405_n\" src=\"https:\/\/fiaf.net\/puglia\/wp-content\/uploads\/sites\/18\/2017\/05\/18600921_302751486819858_185748405_n-300x300.jpg\" width=\"300\" height=\"300\" srcset=\"https:\/\/fiaf.net\/puglia\/wp-content\/uploads\/sites\/18\/2017\/05\/18600921_302751486819858_185748405_n-300x300.jpg 300w, https:\/\/fiaf.net\/puglia\/wp-content\/uploads\/sites\/18\/2017\/05\/18600921_302751486819858_185748405_n-150x150.jpg 150w, https:\/\/fiaf.net\/puglia\/wp-content\/uploads\/sites\/18\/2017\/05\/18600921_302751486819858_185748405_n-768x768.jpg 768w, https:\/\/fiaf.net\/puglia\/wp-content\/uploads\/sites\/18\/2017\/05\/18600921_302751486819858_185748405_n.jpg 960w\" sizes=\"auto, (max-width: 300px) 100vw, 300px\" \/><\/a>\u00a0 \u00a0\u00a0<a href=\"https:\/\/fiaf.net\/puglia\/wp-content\/uploads\/sites\/18\/2017\/05\/18622767_302751480153192_1442093410_n.jpg\"><img loading=\"lazy\" decoding=\"async\" class=\"alignnone size-medium wp-image-1556\" alt=\"18622767_302751480153192_1442093410_n\" src=\"https:\/\/fiaf.net\/puglia\/wp-content\/uploads\/sites\/18\/2017\/05\/18622767_302751480153192_1442093410_n-300x200.jpg\" width=\"300\" height=\"200\" srcset=\"https:\/\/fiaf.net\/puglia\/wp-content\/uploads\/sites\/18\/2017\/05\/18622767_302751480153192_1442093410_n-300x200.jpg 300w, https:\/\/fiaf.net\/puglia\/wp-content\/uploads\/sites\/18\/2017\/05\/18622767_302751480153192_1442093410_n-768x512.jpg 768w, https:\/\/fiaf.net\/puglia\/wp-content\/uploads\/sites\/18\/2017\/05\/18622767_302751480153192_1442093410_n.jpg 960w\" sizes=\"auto, (max-width: 300px) 100vw, 300px\" \/><\/a>\u00a0 \u00a0 \u00a0 \u00a0 \u00a0<a href=\"https:\/\/fiaf.net\/puglia\/wp-content\/uploads\/sites\/18\/2017\/05\/18624395_302751700153170_1669828777_n.jpg\"><img loading=\"lazy\" decoding=\"async\" class=\"alignnone size-medium wp-image-1557\" alt=\"18624395_302751700153170_1669828777_n\" src=\"https:\/\/fiaf.net\/puglia\/wp-content\/uploads\/sites\/18\/2017\/05\/18624395_302751700153170_1669828777_n-300x300.jpg\" width=\"300\" height=\"300\" srcset=\"https:\/\/fiaf.net\/puglia\/wp-content\/uploads\/sites\/18\/2017\/05\/18624395_302751700153170_1669828777_n-300x300.jpg 300w, https:\/\/fiaf.net\/puglia\/wp-content\/uploads\/sites\/18\/2017\/05\/18624395_302751700153170_1669828777_n-150x150.jpg 150w, https:\/\/fiaf.net\/puglia\/wp-content\/uploads\/sites\/18\/2017\/05\/18624395_302751700153170_1669828777_n-768x767.jpg 768w, https:\/\/fiaf.net\/puglia\/wp-content\/uploads\/sites\/18\/2017\/05\/18624395_302751700153170_1669828777_n.jpg 960w\" sizes=\"auto, (max-width: 300px) 100vw, 300px\" \/><\/a><br \/>\n<\/a><\/span><\/p>\n\n    <div class=\"xs_social_share_widget xs_share_url after_content \t\tmain_content  wslu-style-1 wslu-share-box-shaped wslu-fill-colored wslu-none wslu-share-horizontal wslu-theme-font-no wslu-main_content\">\n\n\t\t\n        <ul>\n\t\t\t        <\/ul>\n    <\/div> \n","protected":false},"excerpt":{"rendered":"<p>Il giorno 30 Giugno 2017 \u00a0alle ore 20,30 presso LUC \u00a0 \u00a0a Manfredonia \u00a0 Incontro con l&#8217;autore &#8220;Marina Tomasi&#8221; Marina &hellip;<\/p>\n","protected":false},"author":8,"featured_media":1558,"comment_status":"closed","ping_status":"closed","sticky":false,"template":"","format":"standard","meta":{"_acf_changed":false,"footnotes":""},"categories":[8],"tags":[],"class_list":["post-1568","post","type-post","status-publish","format-standard","has-post-thumbnail","hentry","category-incontri-autore"],"acf":[],"_links":{"self":[{"href":"https:\/\/fiaf.net\/puglia\/wp-json\/wp\/v2\/posts\/1568","targetHints":{"allow":["GET"]}}],"collection":[{"href":"https:\/\/fiaf.net\/puglia\/wp-json\/wp\/v2\/posts"}],"about":[{"href":"https:\/\/fiaf.net\/puglia\/wp-json\/wp\/v2\/types\/post"}],"author":[{"embeddable":true,"href":"https:\/\/fiaf.net\/puglia\/wp-json\/wp\/v2\/users\/8"}],"replies":[{"embeddable":true,"href":"https:\/\/fiaf.net\/puglia\/wp-json\/wp\/v2\/comments?post=1568"}],"version-history":[{"count":0,"href":"https:\/\/fiaf.net\/puglia\/wp-json\/wp\/v2\/posts\/1568\/revisions"}],"wp:featuredmedia":[{"embeddable":true,"href":"https:\/\/fiaf.net\/puglia\/wp-json\/wp\/v2\/media\/1558"}],"wp:attachment":[{"href":"https:\/\/fiaf.net\/puglia\/wp-json\/wp\/v2\/media?parent=1568"}],"wp:term":[{"taxonomy":"category","embeddable":true,"href":"https:\/\/fiaf.net\/puglia\/wp-json\/wp\/v2\/categories?post=1568"},{"taxonomy":"post_tag","embeddable":true,"href":"https:\/\/fiaf.net\/puglia\/wp-json\/wp\/v2\/tags?post=1568"}],"curies":[{"name":"wp","href":"https:\/\/api.w.org\/{rel}","templated":true}]}}