{"id":1632,"date":"2017-09-25T22:54:06","date_gmt":"2017-09-25T20:54:06","guid":{"rendered":"https:\/\/fiaf.net\/regioni\/puglia\/?p=1632"},"modified":"2017-09-25T22:54:06","modified_gmt":"2017-09-25T20:54:06","slug":"fratelli-in-italia-mostra-fotografica","status":"publish","type":"post","link":"https:\/\/fiaf.net\/puglia\/fratelli-in-italia-mostra-fotografica\/","title":{"rendered":"Fratelli in Italia &#8211; Mostra fotografica"},"content":{"rendered":"<p><span style=\"color: #000000\"><b>Fratelli in Italia: i mille volti di chi \u00e8 stato adottato dalla terra di Bari. <\/b><\/span><br \/>\n<strong><span style=\"color: #000000\"><i>La mostra fotografica di Yvonne Cern\u00f2 <\/i><\/span><\/strong><br \/>\n<span style=\"color: #000000\"><i><strong>Inaugurazione \u00a0sabato 30 settembre 2017 \u00a0alle ore 18 nel Fortino di Sant\u2019Antonio &#8211; Lungomare di Bari<\/strong><\/i><\/span><br \/>\n<strong><em>La mostra sar\u00e0 visitabile fino al 12 ottobre nei seguenti orari:\u00a0<\/em><\/strong><br \/>\n<strong><em><span style=\"color: #000000\">h 10,30 &#8211; 13,00 \u00a0e 17,00 &#8211; 20,30 (domenica pomeriggio chiuso)<\/span><\/em><\/strong><br \/>\n<span style=\"color: #000000\">Quarantacinque volti: occhi segnati dal tempo, sorrisi giovani, pelle scura e non. E ancora: gli abbracci delle mamme e occhi orientali che raccontano tradizioni che vengono da lontano. Sono i \u201cFratelli in Italia\u201d: qui vivono e lavorano. Amano e combattono ogni giorno per far crescere la propria famiglia. Hanno una casa e di questa terra si sentono figli. Adottivi, s\u00ec, ma sempre e comunque figli. Yvonne Cern\u00f2 racconta la loro storia nella sua mostra fotografica. La storia di questi sguardi che incroci nella citt\u00e0 di Bari. La fotografa barese ha messo insieme cattolici e musulmani, atei e profani perch\u00e9 i fratelli non sono mai tutti uguali anche se crescono nella stessa famiglia. \u201cHo pensato spesso alla meravigliosa avventura che le persone di diverse nazionalit\u00e0 e religione ci propongono, al confronto, alle uguaglianze e disuguaglianze che ci fanno crescere, a quanto ci possa arricchire il pensare in modo diverso ed essere cresciuti in mondi lontani e all\u2019aver avuto la fortuna e l&#8217;occasione di raccontarsi, un giorno\u201d, spiega Yvonne Cern\u00f2.<\/span><br \/>\n<span style=\"color: #000000\"> \u201cQuesta mostra \u2013 prosegue la fotografa \u00a0&#8211; \u00e8 dedicata a tutte le persone\u00a0 di origine diversa dalla nostra,\u00a0 provenienti da altre nazioni, ma ben radicate nel nostro territorio; \u00e8 un voler dare il mio contributo, con la fotografia, alla loro causa, al volere credere che siamo tutti cittadini del mondo e possiamo diventare anche &#8216;Fratelli in Italia\u2019. La mia \u00e8 stata una bellissima esperienza: ho esplorato mondi diversi, ho conosciuto persone meravigliose, ho apprezzato tradizioni e costumi che non conoscevo, in tutta la loro originalit\u00e0. Ringrazio, con tutto il mio cuore, coloro che hanno\u00a0 collaborato alla realizzazione di questo mio progetto\u201d. La mostra \u2013 realizzata anche grazie alla collaborazione del Comune di Bari, dell\u2019Universit\u00e0 degli studi \u201cAldo Moro\u201d, dell\u2019associazione Ethnic Cook e on il patrocinio della FIAF-\u00a0 sar\u00e0 inaugurata il 30 settembre alle ore 18 al Fortino di Sant\u2019Antonio (lungomare imperatore Augusto) e rester\u00e0 aperta sino al 12 ottobre.<\/span><br \/>\n<span style=\"color: #000000\"><i>\u201cYvonne non ha voluto lavorare sui migranti appena arrivati, sulle situazioni di debolezza sociale e disperazione che caratterizzano gran parte del reportage sociale su un tema cos\u00ec scottante e drammatico. Ha scelto l\u2019altra faccia della medaglia: quella in cui, con il loro integrarsi, i migranti non sono pi\u00f9 stranieri ma diventano parte viva, attiva e positiva del nostro tessuto sociale. Le fotografie che ne sono scaturite e che sono state selezionate sono delle finestre aperte su persone e storie, su emozioni, riflessioni e speranze, e questo turbinio di sentimenti avviene attraverso il procedimento della \u201cparte per il tutto\u201d \u2500 nella linguistica \u00e8 la figura retorica della sineddoche: si riprende un dettaglio, una parte di una persona, il viso e le sue espressioni, per cercare di mettere a fuoco la sua storia personale\u201d.\u00a0 <\/i><\/span><br \/>\n<span style=\"color: #000000\"><i>Pio Tarantini (fotografo e saggista).<\/i><\/span><br \/>\n<span style=\"color: #000000\"><i><\/i><a href=\"http:\/\/www.yvonnecerno.it\" target=\"_blank\" rel=\"noopener\"><span style=\"color: #000000\"><i>www.yvonnecerno.it<\/i><\/span><\/a><\/span><br \/>\n<a href=\"http:\/\/www.facebook.com\/events\/1210234529090929\" target=\"_blank\" rel=\"noopener\">Pagina Facebook<\/a><br \/>\n<a href=\"https:\/\/fiaf.net\/puglia\/wp-content\/uploads\/sites\/18\/2017\/09\/Locandina_25X50_Esec_Page_2.jpg\"><img loading=\"lazy\" decoding=\"async\" class=\"alignnone size-medium wp-image-1633\" alt=\"Locandina_25X50_Esec_Page_2\" src=\"https:\/\/fiaf.net\/puglia\/wp-content\/uploads\/sites\/18\/2017\/09\/Locandina_25X50_Esec_Page_2-150x300.jpg\" width=\"150\" height=\"300\" srcset=\"https:\/\/fiaf.net\/puglia\/wp-content\/uploads\/sites\/18\/2017\/09\/Locandina_25X50_Esec_Page_2-150x300.jpg 150w, https:\/\/fiaf.net\/puglia\/wp-content\/uploads\/sites\/18\/2017\/09\/Locandina_25X50_Esec_Page_2-512x1024.jpg 512w, https:\/\/fiaf.net\/puglia\/wp-content\/uploads\/sites\/18\/2017\/09\/Locandina_25X50_Esec_Page_2-768x1536.jpg 768w, https:\/\/fiaf.net\/puglia\/wp-content\/uploads\/sites\/18\/2017\/09\/Locandina_25X50_Esec_Page_2-1024x2048.jpg 1024w, https:\/\/fiaf.net\/puglia\/wp-content\/uploads\/sites\/18\/2017\/09\/Locandina_25X50_Esec_Page_2-scaled.jpg 1280w\" sizes=\"auto, (max-width: 150px) 100vw, 150px\" \/><\/a>\u00a0 \u00a0 \u00a0\u00a0<a href=\"https:\/\/fiaf.net\/puglia\/wp-content\/uploads\/sites\/18\/2017\/09\/Locandina_25X50_Esec_Page_1.jpg\"><img loading=\"lazy\" decoding=\"async\" class=\"alignnone size-medium wp-image-1634\" alt=\"Locandina_25X50_Esec_Page_1\" src=\"https:\/\/fiaf.net\/puglia\/wp-content\/uploads\/sites\/18\/2017\/09\/Locandina_25X50_Esec_Page_1-150x300.jpg\" width=\"150\" height=\"300\" srcset=\"https:\/\/fiaf.net\/puglia\/wp-content\/uploads\/sites\/18\/2017\/09\/Locandina_25X50_Esec_Page_1-150x300.jpg 150w, https:\/\/fiaf.net\/puglia\/wp-content\/uploads\/sites\/18\/2017\/09\/Locandina_25X50_Esec_Page_1-512x1024.jpg 512w, https:\/\/fiaf.net\/puglia\/wp-content\/uploads\/sites\/18\/2017\/09\/Locandina_25X50_Esec_Page_1-768x1536.jpg 768w, https:\/\/fiaf.net\/puglia\/wp-content\/uploads\/sites\/18\/2017\/09\/Locandina_25X50_Esec_Page_1-1024x2048.jpg 1024w, https:\/\/fiaf.net\/puglia\/wp-content\/uploads\/sites\/18\/2017\/09\/Locandina_25X50_Esec_Page_1-scaled.jpg 1280w\" sizes=\"auto, (max-width: 150px) 100vw, 150px\" \/><\/a><\/p>\n\n    <div class=\"xs_social_share_widget xs_share_url after_content \t\tmain_content  wslu-style-1 wslu-share-box-shaped wslu-fill-colored wslu-none wslu-share-horizontal wslu-theme-font-no wslu-main_content\">\n\n\t\t\n        <ul>\n\t\t\t        <\/ul>\n    <\/div> \n","protected":false},"excerpt":{"rendered":"<p>Fratelli in Italia: i mille volti di chi \u00e8 stato adottato dalla terra di Bari. La mostra fotografica di Yvonne &hellip;<\/p>\n","protected":false},"author":8,"featured_media":1634,"comment_status":"closed","ping_status":"closed","sticky":false,"template":"","format":"standard","meta":{"_acf_changed":false,"footnotes":""},"categories":[12],"tags":[],"class_list":["post-1632","post","type-post","status-publish","format-standard","has-post-thumbnail","hentry","category-mostre"],"acf":[],"_links":{"self":[{"href":"https:\/\/fiaf.net\/puglia\/wp-json\/wp\/v2\/posts\/1632","targetHints":{"allow":["GET"]}}],"collection":[{"href":"https:\/\/fiaf.net\/puglia\/wp-json\/wp\/v2\/posts"}],"about":[{"href":"https:\/\/fiaf.net\/puglia\/wp-json\/wp\/v2\/types\/post"}],"author":[{"embeddable":true,"href":"https:\/\/fiaf.net\/puglia\/wp-json\/wp\/v2\/users\/8"}],"replies":[{"embeddable":true,"href":"https:\/\/fiaf.net\/puglia\/wp-json\/wp\/v2\/comments?post=1632"}],"version-history":[{"count":0,"href":"https:\/\/fiaf.net\/puglia\/wp-json\/wp\/v2\/posts\/1632\/revisions"}],"wp:featuredmedia":[{"embeddable":true,"href":"https:\/\/fiaf.net\/puglia\/wp-json\/wp\/v2\/media\/1634"}],"wp:attachment":[{"href":"https:\/\/fiaf.net\/puglia\/wp-json\/wp\/v2\/media?parent=1632"}],"wp:term":[{"taxonomy":"category","embeddable":true,"href":"https:\/\/fiaf.net\/puglia\/wp-json\/wp\/v2\/categories?post=1632"},{"taxonomy":"post_tag","embeddable":true,"href":"https:\/\/fiaf.net\/puglia\/wp-json\/wp\/v2\/tags?post=1632"}],"curies":[{"name":"wp","href":"https:\/\/api.w.org\/{rel}","templated":true}]}}