{"id":1717,"date":"2017-12-04T10:10:09","date_gmt":"2017-12-04T08:10:09","guid":{"rendered":"https:\/\/fiaf.net\/regioni\/puglia\/?p=1717"},"modified":"2017-12-04T10:10:09","modified_gmt":"2017-12-04T08:10:09","slug":"sol-2-0-mostra-fotografica-collettiva","status":"publish","type":"post","link":"https:\/\/fiaf.net\/puglia\/sol-2-0-mostra-fotografica-collettiva\/","title":{"rendered":"SOL 2.0 MOSTRA FOTOGRAFICA COLLETTIVA"},"content":{"rendered":"<p><strong><span style=\"color: #000000\">SOL 2.0<\/span><\/strong><br \/>\n<strong><span style=\"color: #000000\">MOSTRA FOTOGRAFICA COLLETTIVA<\/span><\/strong><br \/>\n<strong>ASSOCIAZIONE FOTOGRAFICA CACCIATORI D&#8217;OMBRA &#8211;\u00a0 RUVO (BA)<\/strong><br \/>\n<span style=\"color: #000000\">Abbiamo pensato di portare un po&#8217; di luce attraverso SOL 2.0. Un&#8217;altra opportunit\u00e0, dedicata al territorio, basata sulla reciprocit\u00e0 e sullo scambio di idee tra autrici e autori appassionati e sostenitori dell&#8217;associazione. Non solo una mostra, ma un \u201cincubatore di autori\u201d che si relazionino artisticamente e culturalmente, con l\u2019obiettivo che essi possano passare dall&#8217;io fotografico individuale all&#8217;io collettivo. Senza Ombra di Luce, nella sua versione 2.0, indaga il rapporto speculare tra ombra e luce nella fotografia, evidenziando le pieghe nascoste e i richiami segreti che si \u201cagitano\u201d tra questi due poli opposti della realt\u00e0, mettendo in comunicazione diverse visioni autoriali. Ogni fotografo \u00e8 stato chiamato a proporre una propria interpretazione di questa dualit\u00e0, secondo la propria sensibilit\u00e0 e capacit\u00e0 di lettura. Questo \u00e8 frutto della promozione, negli anni, di una cultura fotografica fatta di progetti ed incontri: partiti da \u201cSorelle\u201d di Eva Koslowski, passando per \u201cGenesi del Vuoto\u201d con curatela di Francesco Faraci per arrivare a \u201cPensare fotografia\u201d di Francesco Comello. Siamo convinti che il nostro tracciato sul territorio sia stato possibile grazie alla complicit\u00e0 delle istituzioni, come la Pinacoteca Arte Contemporanea di Ruvo di Puglia e il Palazzo Tupputi di Bisceglie, e delle associazioni locali (La Capagrossa di Ruvo e il Cineclub Canudo di Bisceglie), con le quali abbiamo condiviso con lungimiranza la passione. Ringraziamo tutti gli autori che hanno aderito a questa proposta perch\u00e9 la loro partecipazione \u00e8 un atto culturale. Ringraziamo l&#8217;Amministrazione Pubblica di Ruvo di Puglia che ha creduto nell&#8217;iniziativa dell\u2019associazione, per merito dell&#8217;Assessora alla Cultura Monica Filograno. Ringraziamo la Casa della Cultura di Ruvo, nella persona del direttore Francesco Picca, per averci sostenuto con spirito collaborativo e contributivo.<\/span><br \/>\n<strong><span style=\"color: #000000\">Vernissage: sabato 9 dicembre 2017, ore 18:30<\/span><\/strong><br \/>\n<strong><span style=\"color: #000000\">Pinacoteca Arte Contemporanea di Ruvo di Puglia<\/span><\/strong><br \/>\n<strong><span style=\"color: #000000\">via Madonna delle Grazie 2, Ruvo di Puglia.<\/span><\/strong><br \/>\n<strong><span style=\"color: #000000\">Apertura: lun-ven 09-13; mar-ven 18-20; sab-dom 10-13 18-20<\/span><\/strong><br \/>\n<span style=\"color: #000000\">Espongono:<\/span><br \/>\n<span style=\"color: #000000\"><a href=\"https:\/\/www.facebook.com\/adele.nunzio\" data-hovercard=\"\/ajax\/hovercard\/user.php?id=1297908174&amp;extragetparams=%7B%22directed_target_id%22%3A1928928670700955%7D\" data-hovercard-prefer-more-content-show=\"1\" target=\"_blank\" rel=\"noopener\"><span style=\"color: #000000\">Adele Di Nunzio<\/span><\/a><\/span><br \/>\n<span style=\"color: #000000\"><a href=\"https:\/\/www.facebook.com\/alessandro.cirillo1\" data-hovercard=\"\/ajax\/hovercard\/user.php?id=1451455747&amp;extragetparams=%7B%22directed_target_id%22%3A1928928670700955%7D\" data-hovercard-prefer-more-content-show=\"1\" target=\"_blank\" rel=\"noopener\"><span style=\"color: #000000\">Alessandro Cirillo<\/span><\/a><\/span><br \/>\n<span style=\"color: #000000\"><a href=\"https:\/\/www.facebook.com\/alessiodeluca89\" data-hovercard=\"\/ajax\/hovercard\/user.php?id=1386458773&amp;extragetparams=%7B%22directed_target_id%22%3A1928928670700955%7D\" data-hovercard-prefer-more-content-show=\"1\" target=\"_blank\" rel=\"noopener\"><span style=\"color: #000000\">Alessio Deluca<\/span><\/a><\/span><br \/>\n<span style=\"color: #000000\"><a href=\"https:\/\/www.facebook.com\/antonio.nuzzo.7503\" data-hovercard=\"\/ajax\/hovercard\/user.php?id=1010737746&amp;extragetparams=%7B%22directed_target_id%22%3A1928928670700955%7D\" data-hovercard-prefer-more-content-show=\"1\" target=\"_blank\" rel=\"noopener\"><span style=\"color: #000000\">Antonio Nuzzo<\/span><\/a><\/span><br \/>\n<span style=\"color: #000000\"><a href=\"https:\/\/www.facebook.com\/berardo.celati\" data-hovercard=\"\/ajax\/hovercard\/user.php?id=1666568857&amp;extragetparams=%7B%22directed_target_id%22%3A1928928670700955%7D\" data-hovercard-prefer-more-content-show=\"1\" target=\"_blank\" rel=\"noopener\"><span style=\"color: #000000\">Berardo Celati<\/span><\/a><\/span><br \/>\n<span style=\"color: #000000\"><a href=\"https:\/\/www.facebook.com\/eleonora.bosna\" data-hovercard=\"\/ajax\/hovercard\/user.php?id=1331511819&amp;extragetparams=%7B%22directed_target_id%22%3A1928928670700955%7D\" data-hovercard-prefer-more-content-show=\"1\" target=\"_blank\" rel=\"noopener\"><span style=\"color: #000000\">Eleonora Bosna<\/span><\/a><\/span><br \/>\n<span style=\"color: #000000\"><a href=\"https:\/\/www.facebook.com\/felice.destena\" data-hovercard=\"\/ajax\/hovercard\/user.php?id=1577705546&amp;extragetparams=%7B%22directed_target_id%22%3A1928928670700955%7D\" data-hovercard-prefer-more-content-show=\"1\" target=\"_blank\" rel=\"noopener\"><span style=\"color: #000000\">Felice De Stena<\/span><\/a><\/span><br \/>\n<span style=\"color: #000000\"><a href=\"https:\/\/www.facebook.com\/fracipri\" data-hovercard=\"\/ajax\/hovercard\/user.php?id=585033878&amp;extragetparams=%7B%22directed_target_id%22%3A1928928670700955%7D\" data-hovercard-prefer-more-content-show=\"1\" target=\"_blank\" rel=\"noopener\"><span style=\"color: #000000\">Francesco Cipriani<\/span><\/a><\/span><br \/>\n<span style=\"color: #000000\">Francesco Mezzina<\/span><br \/>\n<span style=\"color: #000000\"><a href=\"https:\/\/www.facebook.com\/gaetano.albanese\" data-hovercard=\"\/ajax\/hovercard\/user.php?id=1182697313&amp;extragetparams=%7B%22directed_target_id%22%3A1928928670700955%7D\" data-hovercard-prefer-more-content-show=\"1\" target=\"_blank\" rel=\"noopener\"><span style=\"color: #000000\">Gaetano Albanese<\/span><\/a><\/span><br \/>\n<span style=\"color: #000000\"><a href=\"https:\/\/www.facebook.com\/gianni.cataldi\" data-hovercard=\"\/ajax\/hovercard\/user.php?id=1091479479&amp;extragetparams=%7B%22directed_target_id%22%3A1928928670700955%7D\" data-hovercard-prefer-more-content-show=\"1\" target=\"_blank\" rel=\"noopener\"><span style=\"color: #000000\">Gianni Cataldi<\/span><\/a><\/span><br \/>\n<span style=\"color: #000000\"><a href=\"https:\/\/www.facebook.com\/giuseppe.u.fioriello\" data-hovercard=\"\/ajax\/hovercard\/user.php?id=857280316&amp;extragetparams=%7B%22directed_target_id%22%3A1928928670700955%7D\" data-hovercard-prefer-more-content-show=\"1\" target=\"_blank\" rel=\"noopener\"><span style=\"color: #000000\">Giuseppe Fioriello<\/span><\/a><\/span><br \/>\n<span style=\"color: #000000\"><a href=\"https:\/\/www.facebook.com\/mauro.ieva.73\" data-hovercard=\"\/ajax\/hovercard\/user.php?id=1569105899&amp;extragetparams=%7B%22directed_target_id%22%3A1928928670700955%7D\" data-hovercard-prefer-more-content-show=\"1\" target=\"_blank\" rel=\"noopener\"><span style=\"color: #000000\">Mauro Ieva<\/span><\/a><\/span><br \/>\n<span style=\"color: #000000\"><a href=\"https:\/\/www.facebook.com\/michele.carnimeo.75\" data-hovercard=\"\/ajax\/hovercard\/user.php?id=100003619688451&amp;extragetparams=%7B%22directed_target_id%22%3A1928928670700955%7D\" data-hovercard-prefer-more-content-show=\"1\" target=\"_blank\" rel=\"noopener\"><span style=\"color: #000000\">Michele Carnimeo<\/span><\/a><\/span><br \/>\n<span style=\"color: #000000\"><a href=\"https:\/\/www.facebook.com\/nello.coppola.773\" data-hovercard=\"\/ajax\/hovercard\/user.php?id=1142224709&amp;extragetparams=%7B%22directed_target_id%22%3A1928928670700955%7D\" data-hovercard-prefer-more-content-show=\"1\" target=\"_blank\" rel=\"noopener\"><span style=\"color: #000000\">Nello Coppola<\/span><\/a><\/span><br \/>\n<span style=\"color: #000000\"><a href=\"https:\/\/www.facebook.com\/nicla.sisto\" data-hovercard=\"\/ajax\/hovercard\/user.php?id=1615958955&amp;extragetparams=%7B%22directed_target_id%22%3A1928928670700955%7D\" data-hovercard-prefer-more-content-show=\"1\" target=\"_blank\" rel=\"noopener\"><span style=\"color: #000000\">Nicla Sisto<\/span><\/a><\/span><br \/>\n<span style=\"color: #000000\"><a href=\"https:\/\/www.facebook.com\/pasquale.amendolagine.3\" data-hovercard=\"\/ajax\/hovercard\/user.php?id=100006184297023&amp;extragetparams=%7B%22directed_target_id%22%3A1928928670700955%7D\" data-hovercard-prefer-more-content-show=\"1\" target=\"_blank\" rel=\"noopener\"><span style=\"color: #000000\">Pasquale Amendolagine<\/span><\/a><\/span><br \/>\n<span style=\"color: #000000\"><a href=\"https:\/\/www.facebook.com\/pattiricco\" data-hovercard=\"\/ajax\/hovercard\/user.php?id=1580116534&amp;extragetparams=%7B%22directed_target_id%22%3A1928928670700955%7D\" data-hovercard-prefer-more-content-show=\"1\" target=\"_blank\" rel=\"noopener\"><span style=\"color: #000000\">Patrizia Ricco<\/span><\/a><\/span><br \/>\n<span style=\"color: #000000\"><a href=\"https:\/\/www.facebook.com\/misscardia\" data-hovercard=\"\/ajax\/hovercard\/user.php?id=1601228104&amp;extragetparams=%7B%22directed_target_id%22%3A1928928670700955%7D\" data-hovercard-prefer-more-content-show=\"1\" target=\"_blank\" rel=\"noopener\"><span style=\"color: #000000\">Pia Misscardia<\/span><\/a><\/span><br \/>\n<span style=\"color: #000000\"><a href=\"https:\/\/www.facebook.com\/riccardo.dipalma.5\" data-hovercard=\"\/ajax\/hovercard\/user.php?id=100000300122364&amp;extragetparams=%7B%22directed_target_id%22%3A1928928670700955%7D\" data-hovercard-prefer-more-content-show=\"1\" target=\"_blank\" rel=\"noopener\"><span style=\"color: #000000\">Riccardo Di Palma<\/span><\/a><\/span><br \/>\n<span style=\"color: #000000\"><a href=\"https:\/\/www.facebook.com\/salvatore.simonetti.710\" data-hovercard=\"\/ajax\/hovercard\/user.php?id=100002250439457&amp;extragetparams=%7B%22directed_target_id%22%3A1928928670700955%7D\" data-hovercard-prefer-more-content-show=\"1\" target=\"_blank\" rel=\"noopener\"><span style=\"color: #000000\">Salvatore Simonetti<\/span><\/a><\/span><br \/>\n<span style=\"color: #000000\">Sergio Leonardi<\/span><br \/>\n<span style=\"color: #000000\"><a href=\"https:\/\/www.facebook.com\/simone.sanchioni\" data-hovercard=\"\/ajax\/hovercard\/user.php?id=1620888401&amp;extragetparams=%7B%22directed_target_id%22%3A1928928670700955%7D\" data-hovercard-prefer-more-content-show=\"1\" target=\"_blank\" rel=\"noopener\"><span style=\"color: #000000\">Simone Sanchioni<\/span><\/a><\/span><br \/>\n<span style=\"color: #000000\">Tea Primiterra<\/span><br \/>\n<span style=\"color: #000000\"><span style=\"color: #000000\"><a href=\"https:\/\/www.facebook.com\/tizianarizzi.photo\" data-hovercard=\"\/ajax\/hovercard\/user.php?id=100002197461785&amp;extragetparams=%7B%22directed_target_id%22%3A1928928670700955%7D\" data-hovercard-prefer-more-content-show=\"1\" target=\"_blank\" rel=\"noopener\">Tiziana Rizzi<\/a>\u00a0 (<a href=\"https:\/\/www.facebook.com\/Tiziana-Rizzi-Fotografia-301467316976190\/\" target=\"_blank\" rel=\"noopener\">T.R.<\/a>)<\/span><\/span><br \/>\n<a href=\"https:\/\/fiaf.net\/puglia\/wp-content\/uploads\/sites\/18\/2017\/12\/SOL-2.0.jpg\"><img loading=\"lazy\" decoding=\"async\" class=\"alignnone size-medium wp-image-1718\" alt=\"SOL 2.0\" src=\"https:\/\/fiaf.net\/puglia\/wp-content\/uploads\/sites\/18\/2017\/12\/SOL-2.0-202x300.jpg\" width=\"202\" height=\"300\" \/><\/a><br \/>\n&nbsp;<\/p>\n\n    <div class=\"xs_social_share_widget xs_share_url after_content \t\tmain_content  wslu-style-1 wslu-share-box-shaped wslu-fill-colored wslu-none wslu-share-horizontal wslu-theme-font-no wslu-main_content\">\n\n\t\t\n        <ul>\n\t\t\t        <\/ul>\n    <\/div> \n","protected":false},"excerpt":{"rendered":"<p>SOL 2.0 MOSTRA FOTOGRAFICA COLLETTIVA ASSOCIAZIONE FOTOGRAFICA CACCIATORI D&#8217;OMBRA &#8211;\u00a0 RUVO (BA) Abbiamo pensato di portare un po&#8217; di luce &hellip;<\/p>\n","protected":false},"author":8,"featured_media":1718,"comment_status":"closed","ping_status":"closed","sticky":false,"template":"","format":"standard","meta":{"_acf_changed":false,"footnotes":""},"categories":[12],"tags":[],"class_list":["post-1717","post","type-post","status-publish","format-standard","has-post-thumbnail","hentry","category-mostre"],"acf":[],"_links":{"self":[{"href":"https:\/\/fiaf.net\/puglia\/wp-json\/wp\/v2\/posts\/1717","targetHints":{"allow":["GET"]}}],"collection":[{"href":"https:\/\/fiaf.net\/puglia\/wp-json\/wp\/v2\/posts"}],"about":[{"href":"https:\/\/fiaf.net\/puglia\/wp-json\/wp\/v2\/types\/post"}],"author":[{"embeddable":true,"href":"https:\/\/fiaf.net\/puglia\/wp-json\/wp\/v2\/users\/8"}],"replies":[{"embeddable":true,"href":"https:\/\/fiaf.net\/puglia\/wp-json\/wp\/v2\/comments?post=1717"}],"version-history":[{"count":0,"href":"https:\/\/fiaf.net\/puglia\/wp-json\/wp\/v2\/posts\/1717\/revisions"}],"wp:featuredmedia":[{"embeddable":true,"href":"https:\/\/fiaf.net\/puglia\/wp-json\/wp\/v2\/media\/1718"}],"wp:attachment":[{"href":"https:\/\/fiaf.net\/puglia\/wp-json\/wp\/v2\/media?parent=1717"}],"wp:term":[{"taxonomy":"category","embeddable":true,"href":"https:\/\/fiaf.net\/puglia\/wp-json\/wp\/v2\/categories?post=1717"},{"taxonomy":"post_tag","embeddable":true,"href":"https:\/\/fiaf.net\/puglia\/wp-json\/wp\/v2\/tags?post=1717"}],"curies":[{"name":"wp","href":"https:\/\/api.w.org\/{rel}","templated":true}]}}