{"id":1803,"date":"2018-01-27T13:52:52","date_gmt":"2018-01-27T11:52:52","guid":{"rendered":"https:\/\/fiaf.net\/regioni\/puglia\/?p=1803"},"modified":"2018-01-27T13:52:52","modified_gmt":"2018-01-27T11:52:52","slug":"sol-2-0","status":"publish","type":"post","link":"https:\/\/fiaf.net\/puglia\/sol-2-0\/","title":{"rendered":"SOL 2.0"},"content":{"rendered":"<h1><span style=\"color: #000000\">SOL 2.0 SENZA OMBRA DI LUCE alla Mediateca Regionale\u00a0Pugliese<\/span><\/h1>\n<h3><span style=\"color: #000000\"><strong>Vernissage: marted\u00ec 30 gennaio 2018, ore 18:00<\/strong><\/span><\/h3>\n<h3><span style=\"color: #000000\"><strong>Mediateca Regionale Pugliese<\/strong><\/span><\/h3>\n<h3><span style=\"color: #000000\"><strong>via Giuseppe Zanardelli, 30, 70125 \u2013 Bari<\/strong><\/span><\/h3>\n<h3><span style=\"color: #000000\"><strong>Apertura: luned\u00ec-mercoled\u00ec-venerd\u00ec dalle 9,30 alle 13,30 e marted\u00ec e gioved\u00ec dalle 9,30 alle 17,30<\/strong><\/span><\/h3>\n<h3><span style=\"color: #000000\"><strong>visitabile dal 30.01.2018 \u2013 10.02.2018<\/strong><\/span><\/h3>\n<p><span style=\"color: #000000\"><strong><br \/>\nEspongono:<br \/>\nAdele Di Nunzio<br \/>\nAlessandro Cirillo<br \/>\nAlessio Deluca<br \/>\nAntonio Nuzzo<br \/>\nBerardo Celati<br \/>\nEleonora Bosna<br \/>\nFelice De Stena<br \/>\nFrancesco Cipriani<br \/>\nFrancesco Mezzina<br \/>\nGaetano Albanese<br \/>\nGianni Cataldi<br \/>\nGiuseppe Fioriello<br \/>\nMauro Ieva<br \/>\nMichele Carnimeo<br \/>\nNello Coppola<br \/>\nNicla Sisto<br \/>\nPasquale Amendolagine<br \/>\nPatrizia Ricco<br \/>\nPia Misscardia<br \/>\nRiccardo Di Palma<br \/>\nSalvatore Simonetti<br \/>\nSergio Leonardi<br \/>\nSimone Sanchioni<br \/>\nTea Primiterra<br \/>\n<a href=\"http:\/\/www.facebook.com\/tizianarizzi.photo\" target=\"_blank\" rel=\"noopener\">Tiziana Rizzi<\/a>\u00a0(<a href=\"http:\/\/www.facebook.com\/Tiziana-Rizzi-Fotografia-301467316976190\/\" target=\"_blank\" rel=\"noopener\">T.R<\/a>.)<a href=\"https:\/\/www.facebook.com\/events\/925093994314272\/\" target=\"_blank\" rel=\"noopener\"><span style=\"color: #000000\"><br \/>\n<\/span><\/a><\/strong><\/span><br \/>\n<strong><span style=\"color: #000000\">SINOSSI. Abbiamo pensato di portare un po\u2019 di luce attraverso SOL 2.0. Un\u2019altra opportunit\u00e0, dedicata al territorio, basata sulla reciprocit\u00e0 e sullo scambio di idee tra autrici e autori appassionati e sostenitori dell\u2019associazione. Non solo una mostra, ma un \u201cincubatore di autori\u201d che si relazionino artisticamente e culturalmente, con l\u2019obiettivo che essi possano passare dall\u2019io fotografico individuale all\u2019io collettivo. Senza Ombra di Luce, nella sua versione 2.0, indaga il rapporto speculare tra ombra e luce nella fotografia, evidenziando le pieghe nascoste e i richiami segreti che si \u201cagitano\u201d tra questi due poli opposti della realt\u00e0, mettendo in comunicazione diverse visioni autoriali. Ogni fotografo \u00e8 stato chiamato a proporre una propria interpretazione di questa dualit\u00e0, secondo la propria sensibilit\u00e0 e capacit\u00e0 di lettura. Questo \u00e8 frutto della promozione, negli anni, di una cultura fotografica fatta di progetti ed incontri: partiti da \u201cSorelle\u201d di Eva Koslowski, passando per \u201cGenesi del Vuoto\u201d di Francesco Faraci per arrivare a \u201cPensare fotografia\u201d di Francesco Comello. Siamo convinti che il nostro tracciato sul territorio sia stato possibile grazie alla complicit\u00e0 delle istituzioni, come la Pinacoteca Arte Contemporanea di Ruvo di Puglia e il Palazzo Tupputi di Bisceglie, e delle associazioni locali (La Capagrossa di Ruvo e il Cineclub Canudo di Bisceglie), con le quali abbiamo condiviso con lungimiranza la passione. Ringraziamo tutti gli autori che hanno aderito a questa proposta perch\u00e9 la loro partecipazione \u00e8 un atto culturale. Ringraziamo la Mediateca Regionale Pugliese, la Regione Puglia, l\u2019Apulia Film Commission, Immagini s.n.c. fotografia e F.project \u2013 Fiorito Foto Film, e la FIAF.<\/span><\/strong><br \/>\n<a href=\"https:\/\/fiaf.net\/puglia\/wp-content\/uploads\/sites\/18\/2018\/01\/Sol-2.0-Mediateca.jpg\"><img loading=\"lazy\" decoding=\"async\" class=\"alignnone size-medium wp-image-1806\" alt=\"Sol 2.0 Mediateca\" src=\"https:\/\/fiaf.net\/puglia\/wp-content\/uploads\/sites\/18\/2018\/01\/Sol-2.0-Mediateca-213x300.jpg\" width=\"213\" height=\"300\" srcset=\"https:\/\/fiaf.net\/puglia\/wp-content\/uploads\/sites\/18\/2018\/01\/Sol-2.0-Mediateca-213x300.jpg 213w, https:\/\/fiaf.net\/puglia\/wp-content\/uploads\/sites\/18\/2018\/01\/Sol-2.0-Mediateca-728x1024.jpg 728w, https:\/\/fiaf.net\/puglia\/wp-content\/uploads\/sites\/18\/2018\/01\/Sol-2.0-Mediateca-768x1080.jpg 768w, https:\/\/fiaf.net\/puglia\/wp-content\/uploads\/sites\/18\/2018\/01\/Sol-2.0-Mediateca-1092x1536.jpg 1092w, https:\/\/fiaf.net\/puglia\/wp-content\/uploads\/sites\/18\/2018\/01\/Sol-2.0-Mediateca.jpg 1456w\" sizes=\"auto, (max-width: 213px) 100vw, 213px\" \/><\/a><br \/>\n&nbsp;<\/p>\n\n    <div class=\"xs_social_share_widget xs_share_url after_content \t\tmain_content  wslu-style-1 wslu-share-box-shaped wslu-fill-colored wslu-none wslu-share-horizontal wslu-theme-font-no wslu-main_content\">\n\n\t\t\n        <ul>\n\t\t\t        <\/ul>\n    <\/div> \n","protected":false},"excerpt":{"rendered":"<p>SOL 2.0 SENZA OMBRA DI LUCE alla Mediateca Regionale\u00a0Pugliese Vernissage: marted\u00ec 30 gennaio 2018, ore 18:00 Mediateca Regionale Pugliese via &hellip;<\/p>\n","protected":false},"author":8,"featured_media":1806,"comment_status":"closed","ping_status":"closed","sticky":false,"template":"","format":"standard","meta":{"_acf_changed":false,"footnotes":""},"categories":[12],"tags":[],"class_list":["post-1803","post","type-post","status-publish","format-standard","has-post-thumbnail","hentry","category-mostre"],"acf":[],"_links":{"self":[{"href":"https:\/\/fiaf.net\/puglia\/wp-json\/wp\/v2\/posts\/1803","targetHints":{"allow":["GET"]}}],"collection":[{"href":"https:\/\/fiaf.net\/puglia\/wp-json\/wp\/v2\/posts"}],"about":[{"href":"https:\/\/fiaf.net\/puglia\/wp-json\/wp\/v2\/types\/post"}],"author":[{"embeddable":true,"href":"https:\/\/fiaf.net\/puglia\/wp-json\/wp\/v2\/users\/8"}],"replies":[{"embeddable":true,"href":"https:\/\/fiaf.net\/puglia\/wp-json\/wp\/v2\/comments?post=1803"}],"version-history":[{"count":0,"href":"https:\/\/fiaf.net\/puglia\/wp-json\/wp\/v2\/posts\/1803\/revisions"}],"wp:featuredmedia":[{"embeddable":true,"href":"https:\/\/fiaf.net\/puglia\/wp-json\/wp\/v2\/media\/1806"}],"wp:attachment":[{"href":"https:\/\/fiaf.net\/puglia\/wp-json\/wp\/v2\/media?parent=1803"}],"wp:term":[{"taxonomy":"category","embeddable":true,"href":"https:\/\/fiaf.net\/puglia\/wp-json\/wp\/v2\/categories?post=1803"},{"taxonomy":"post_tag","embeddable":true,"href":"https:\/\/fiaf.net\/puglia\/wp-json\/wp\/v2\/tags?post=1803"}],"curies":[{"name":"wp","href":"https:\/\/api.w.org\/{rel}","templated":true}]}}