{"id":1934,"date":"2018-06-13T14:59:22","date_gmt":"2018-06-13T12:59:22","guid":{"rendered":"https:\/\/fiaf.net\/regioni\/puglia\/?p=1934"},"modified":"2018-06-13T14:59:22","modified_gmt":"2018-06-13T12:59:22","slug":"la-famiglia-in-italia-taranto","status":"publish","type":"post","link":"https:\/\/fiaf.net\/puglia\/la-famiglia-in-italia-taranto\/","title":{"rendered":"La famiglia in Italia &#8211; Taranto"},"content":{"rendered":"<div><span style=\"color: #000000;font-family: Verdana\">In occasione del 70\u00b0 anniversario dalla fondazione, avvenuta a Torino nel 1948, la FIAF (Federazione a cui il nostro circolo fa\u00a0riferimento) organizza un nuovo progetto nazionale dedicato alla famiglia, il cui scopo \u00e8 documentare ed interpretare, attraverso la fotografia, la famiglia italiana contemporanea alla luce delle trasformazioni epocali che hanno riguardato i diversi ruoli dei suoi componenti, le identit\u00e0 sessuali, le esigenze economiche, il ruolo della donna, e la presenza di immigrati e italiani di nuova generazione.<\/span><\/div>\n<div>\n<span style=\"font-family: Verdana;color: #000000\">Attraverso una ricognizione fotografica l\u2019iniziativa di FIAF ha inteso esplorare e rappresentare la famiglia italiana in tutte le sue declinazioni. Ogni Autore ha affrontato la tematica del progetto partendo dalla propria esperienza personale, con uno sguardo intimo verso la realt\u00e0 della propria condizione affettiva, oppure ha voluto aprirsi al racconto delle famiglie degli altri.<\/span><\/p>\n<div><span style=\"color: #000000\"><span style=\"font-family: Verdana\">Due socie del Circolo Fotografico Il Castello<\/span>\u00a0\u00a0hanno realizzato due racconti fotografici che hanno come interpreti una famiglia arcobaleno e una famiglia senza la figura maschile. Di seguito la sinossi delle due mostre:<\/span><\/div>\n<\/div>\n<div>\n<div><span style=\"font-family: Verdana;color: #000000\">&#8220;Famiglia, nucleo sociale rappresentato da due o pi\u00f9 individui legati da rapporti di parentela o di affinit\u00e0. Ed \u00e8 proprio su questo che\u00a0si reggono i due portfolio.<\/span><\/div>\n<div><span style=\"font-family: Verdana;color: #000000\">Tiziana Ruggiero con il lavoro \u201cCome un Arcobaleno\u201d ci racconta la storia di una famiglia che corona\u00a0 il loro amore con una unione civile, anche se amareggiata dalla mancanza dello stepchild adoption. Michele ed Esteban hanno un rapporto meraviglioso, basato sul rispetto e amore reciproco, che trasmettono ai loro figli, unitamente ai viaggi, alla cultura, ai sogni. Una famiglia italiana, cos\u00ec diversa per alcuni, eppure cos\u00ec semplicemente felice.<\/span><\/div>\n<div><span style=\"color: #000000\"><span style=\"color: #000000\"><span style=\"font-family: Verdana\">Vincenza Cartellino con il suo lavoro \u201cDue\u201d, ci presenta la storia di un altro tipo di famiglia. Reduce da una separazione, Vincenza si trova a riorganizzare la sua vita. E dalla mutilazione della precedente famiglia, ne nasce un\u2019altra che vede lei e sua figlia come componenti. E anche qui, \u00e8 l\u2019amore di una madre che rende famiglia un nucleo reciso, ma che continua a vivere nei gesti quotidiani.<\/span>\u00a0<span style=\"font-family: Verdana\">\u201d<\/span><\/span><\/span>&nbsp;<br \/>\nINAUGURAZIONE\u00a0 \u00a0 17 GIUGNO 2018\u00a0 \u00a0ALLE\u00a0 19,30\u00a0 \u00a0&#8211;\u00a0 \u00a0CENTRO DELLA FOTOGRAFIA\u00a0 &#8211;\u00a0 TARANTO<br \/>\n.<\/div>\n<div><a href=\"https:\/\/fiaf.net\/puglia\/wp-content\/uploads\/sites\/18\/2018\/06\/MAN-A3_FAM-IN-ITA_web2.jpg\"><img loading=\"lazy\" decoding=\"async\" class=\"alignnone size-medium wp-image-1935\" alt=\"MAN-A3_FAM-IN-ITA_web2\" src=\"https:\/\/fiaf.net\/puglia\/wp-content\/uploads\/sites\/18\/2018\/06\/MAN-A3_FAM-IN-ITA_web2-212x300.jpg\" width=\"212\" height=\"300\" \/><\/a><\/div>\n<\/div>\n\n    <div class=\"xs_social_share_widget xs_share_url after_content \t\tmain_content  wslu-style-1 wslu-share-box-shaped wslu-fill-colored wslu-none wslu-share-horizontal wslu-theme-font-no wslu-main_content\">\n\n\t\t\n        <ul>\n\t\t\t        <\/ul>\n    <\/div> \n","protected":false},"excerpt":{"rendered":"<p>In occasione del 70\u00b0 anniversario dalla fondazione, avvenuta a Torino nel 1948, la FIAF (Federazione a cui il nostro circolo &hellip;<\/p>\n","protected":false},"author":8,"featured_media":1935,"comment_status":"closed","ping_status":"closed","sticky":false,"template":"","format":"standard","meta":{"_acf_changed":false,"footnotes":""},"categories":[12],"tags":[],"class_list":["post-1934","post","type-post","status-publish","format-standard","has-post-thumbnail","hentry","category-mostre"],"acf":[],"_links":{"self":[{"href":"https:\/\/fiaf.net\/puglia\/wp-json\/wp\/v2\/posts\/1934","targetHints":{"allow":["GET"]}}],"collection":[{"href":"https:\/\/fiaf.net\/puglia\/wp-json\/wp\/v2\/posts"}],"about":[{"href":"https:\/\/fiaf.net\/puglia\/wp-json\/wp\/v2\/types\/post"}],"author":[{"embeddable":true,"href":"https:\/\/fiaf.net\/puglia\/wp-json\/wp\/v2\/users\/8"}],"replies":[{"embeddable":true,"href":"https:\/\/fiaf.net\/puglia\/wp-json\/wp\/v2\/comments?post=1934"}],"version-history":[{"count":0,"href":"https:\/\/fiaf.net\/puglia\/wp-json\/wp\/v2\/posts\/1934\/revisions"}],"wp:featuredmedia":[{"embeddable":true,"href":"https:\/\/fiaf.net\/puglia\/wp-json\/wp\/v2\/media\/1935"}],"wp:attachment":[{"href":"https:\/\/fiaf.net\/puglia\/wp-json\/wp\/v2\/media?parent=1934"}],"wp:term":[{"taxonomy":"category","embeddable":true,"href":"https:\/\/fiaf.net\/puglia\/wp-json\/wp\/v2\/categories?post=1934"},{"taxonomy":"post_tag","embeddable":true,"href":"https:\/\/fiaf.net\/puglia\/wp-json\/wp\/v2\/tags?post=1934"}],"curies":[{"name":"wp","href":"https:\/\/api.w.org\/{rel}","templated":true}]}}