{"id":1946,"date":"2018-06-13T15:21:49","date_gmt":"2018-06-13T13:21:49","guid":{"rendered":"https:\/\/fiaf.net\/regioni\/puglia\/?p=1946"},"modified":"2018-06-13T15:21:49","modified_gmt":"2018-06-13T13:21:49","slug":"workshop-catturare-i-rintocchi-del-tempo","status":"publish","type":"post","link":"https:\/\/fiaf.net\/puglia\/workshop-catturare-i-rintocchi-del-tempo\/","title":{"rendered":"Workshop &#8211; Catturare i rintocchi del Tempo"},"content":{"rendered":"<p><span style=\"color: #000000\">Catturare i rintocchi del Tempo &#8211; Workshop<\/span><br \/>\n<span style=\"color: #000000\">Statte, 15, 16 e 17 giugno 2018<\/span><br \/>\n<span style=\"color: #000000\">Docente: Daniela Sidari (Docente DID FIAF)<\/span><br \/>\n<span style=\"color: #000000\">Il Workshop prevede: comunicazione multimediale, uscita fotografica\u00a0comune, fotografia \u201cin solitaria\u201d e visione e commento critico dei\u00a0lavori prodotti.<\/span><br \/>\n<span style=\"color: #000000\">Programma: Il Workshop prevede: comunicazione multimediale, uscita fotografica comune, fotografia \u201cin solitaria\u201d e visione e commento critico dei lavori prodotti. <\/span><br \/>\n<span style=\"color: #000000\">Venerd\u00ec\u00a0 Ore 18,30\/20,00\u00a0 \u2013\u00a0 Comunicazione multimediale \u201cCatturare i rintocchi del tempo\u201d a cura di Daniela Sidari. <\/span><br \/>\n<span style=\"color: #000000\">Sabato\u00a0 \u00a0Ore 8.00\u00a0 \u2013 Incontro presso il circolo o l\u2019Associazione per raggiungere insieme il luogo tema delle riprese fotografiche.<br \/>\nOre 9.00\/13.30 Riprese fotografiche.<br \/>\nDalle ore 15.00 Riprese fotografiche \u201cin solitaria\u201d. Si d\u00e0 l\u2019opportunit\u00e0 ai partecipanti di produrre fotografie da soli, in luoghi liberi e in tempi gestiti autonomamente, cos\u00ec da mettere su \u201cfile\u201d altre idee non realizzabili nella localit\u00e0 scelta per le riprese fotografiche comuni. <\/span><br \/>\n<span style=\"color: #000000\">Domenica\u00a0 \u00a0Ore 9.00\/20.00\u00a0 \u2013\u00a0 Visione e commento critico dei lavori prodotti. Ogni partecipante sar\u00e0 libero di elaborare, fotoritoccare e fotomontare i propri elaborati senza alcun limite imposto, se lo riterr\u00e0 necessario. Sar\u00e0 inoltre possibile usare qualsiasi mezzo atto alla ripresa fotografica compatibile con i tempi dati per la consegna dei lavori che avverr\u00e0 comunque sottoforma di file digitali. Ogni partecipante dovr\u00e0 infatti consegnare la domenica mattina a scelta fra 3 scatti singoli o 1 portfolio, nello specifico: \u2013 3 file digitali (formato jpg per il web) \u2013 1 portfolio (formato jpg per il web \u2013 max 15 foto)<br \/>\nNOTA: Per il sabato si consiglia un abbigliamento adeguato ad una uscita fotografica<em id=\"__mceDel\" style=\"color: #000000\"><em id=\"__mceDel\"><em id=\"__mceDel\">.<\/em><\/em><\/em><\/span><br \/>\n<span style=\"color: #000000\"><em id=\"__mceDel\">Costi:\u00a0 \u00a0 \u00a0\u00a0\u20ac 20 a persona (\u20ac 15 per i soci FIAF)<\/em><\/span><br \/>\n<span style=\"color: #000000\"><em id=\"__mceDel\">per prenotazioni e informazioni:<br \/>\n<a href=\"mailto:cfcontroluce@gmail.com\" target=\"_blank\" rel=\"noopener\"><span style=\"color: #000000\">cfcontroluce@gmail.com<\/span><\/a><br \/>\n<a href=\"mailto:segreteria@cfcontrolucestatte.it\" target=\"_blank\" rel=\"noopener\"><span style=\"color: #000000\">segreteria@cfcontrolucestatte.it<\/span><\/a><br \/>\n3406114580<\/em><\/span><br \/>\n<a href=\"https:\/\/fiaf.net\/puglia\/wp-content\/uploads\/sites\/18\/2018\/06\/catturare-i-rintocchi-del-tempo_W.jpg\"><span style=\"color: #000000\"><img loading=\"lazy\" decoding=\"async\" class=\"alignnone size-medium wp-image-1948\" alt=\"catturare i rintocchi del tempo_W\" src=\"https:\/\/fiaf.net\/puglia\/wp-content\/uploads\/sites\/18\/2018\/06\/catturare-i-rintocchi-del-tempo_W-300x300.jpg\" width=\"300\" height=\"300\" srcset=\"https:\/\/fiaf.net\/puglia\/wp-content\/uploads\/sites\/18\/2018\/06\/catturare-i-rintocchi-del-tempo_W-300x300.jpg 300w, https:\/\/fiaf.net\/puglia\/wp-content\/uploads\/sites\/18\/2018\/06\/catturare-i-rintocchi-del-tempo_W-1024x1024.jpg 1024w, https:\/\/fiaf.net\/puglia\/wp-content\/uploads\/sites\/18\/2018\/06\/catturare-i-rintocchi-del-tempo_W-150x150.jpg 150w, https:\/\/fiaf.net\/puglia\/wp-content\/uploads\/sites\/18\/2018\/06\/catturare-i-rintocchi-del-tempo_W-768x768.jpg 768w, https:\/\/fiaf.net\/puglia\/wp-content\/uploads\/sites\/18\/2018\/06\/catturare-i-rintocchi-del-tempo_W.jpg 1200w\" sizes=\"auto, (max-width: 300px) 100vw, 300px\" \/><\/span><\/a><br \/>\n<span style=\"color: #000000\"><em id=\"__mceDel\">\u00a0<\/em><\/span><br \/>\n<span style=\"color: #000000\">Daniela Sidari \u2013 docente FIAF-DiD \u2013 Reggio Calabria <\/span><br \/>\n<span style=\"color: #000000\">Quid est ergo tempus? Si nemo ex me quaerat, scio; si quaerenti explicare velim, nescio. (S. Agostino, Confessioni, XI, 14) <\/span><br \/>\n<span style=\"color: #000000\">Il tempo da sempre \u00e8 stato oggetto di studi; diverse teorie si sono interrogate sul suo essere, sulla sua natura e sulla sua esistenza. Il tempo scorre, sfugge, valorizza e deprezza le cose, \u00e8 contemporaneamente presente, passato e futuro. Il tempo \u00e8 e rimane comunque una certezza che accompagna il nostro vivere. In qualit\u00e0 di testimoni privilegiati possiamo osservare e catturare le trasformazioni in atto attorno a noi ponendoci come intermediari culturali, rintracciando una forte integrazione fra l\u2019immagine delle cose, persone, citt\u00e0 e le consuete analisi di qualsiasi tipo, materiali, sensoriali, architettoniche, urbane, territoriali, ecc\u2026 Le immagini costituiscono traccia indelebile di un passaggio e diventano spunti per riflessioni nello spazio-tempo. In particolare, le immagini fotografiche divengono modi di indagine, a volte procedure scientifiche oltre che di espressione artistica. Esse sperimentano ed attraverso il visibile, ritrovano legami profondi fra passato e presente, materie, flussi, relazioni, scambi, movimenti. Ed ancora \u00e8 possibile individuare due differenti tempi, quello dell\u2019osservazione da parte dell\u2019operatore, fotografo, autore, regista e quello del tempo proprio all\u2019immagine, statico o in sequenza narrata in fotografia. Quindi il fattore tempo secondo due differenti dimensioni visuali: come tempo soggettivo e come tempo oggettivo. La fotografia \u00e8 un tempo gi\u00e0 concluso, un istante bloccato ad un eterno presente che nel contempo \u00e8 gi\u00e0 passato. Il valore simbolico di una sola foto spesso non \u00e8 di facile comprensione cos\u00ec, per essere decodificato e trasmettere le trasformazioni spazio-temporali, a volte ci si affida alla narrazione e alla sequenza di immagini. Tali immagini possono anche sfruttare una frammentazione e scomposizione per fotogrammi per realizzare una sommatoria in cui ogni frame legato fisicamente all\u2019altro crea un continuum visivo rendendo sequenza ed azione qualcosa che \u00e8 stasi per definizione. Attraverso molteplici punti di osservazione la fotografia indaga e diviene strumento per la conoscenza, strumento di indagine e di verifica sulle trasformazioni del contemporaneo. Attraverso l\u2019obiettivo della macchina fotografica ci\u00f2 che ci circonda, siano essi uomini, cose, citt\u00e0, sono visti e rappresentati secondo nuovi aspetti non presenti attraverso le rappresentazioni convenzionali delle arti come il disegno ecc\u2026 La fotografia affronta spesso temi difficili, come quelli dell\u2019identit\u00e0 della persona, della citt\u00e0, del rapporto fra gli uomini di una stessa famiglia o di una stessa comunit\u00e0, affronta lo spazio e l\u2019architettura, affronta la loro trasformazione nel tempo, la distruzione e ricostruzione, i rapporti intercorrenti, i limiti, il continuo divenire, il movimento e la modifica della forma nella sua essenza. Noi ci occupiamo di fotografia ma il TEMPO si lega saldamente al quotidiano in modo dinamico per cui va ricordato l\u2019altro approccio, quello filmico. Ed allora se tutto ci\u00f2 detto vale per la fotografia, ugualmente \u00e8 valido per il cinema, dove autore e regista girano il film secondo esperienze materiali ragionate attraverso la pratica dell\u2019osservazione e dello sguardo, ma diversamente dalla fotografia la loro \u00e8 una manifestazione di concetti attraverso immagini in movimento alle quali si aggiungono voci, suoni e rumori \u201c\u2026 \u00e8 vedere reale ed irreale\u201d. Se allora comunichiamo per immagini, esse saranno poi viste dai fruitori-spettatori ed \u00e8 attraverso processi mentali che loro ricostruiranno cose, luoghi e persone, i fatti secondo forme e geometrie come somma di memorie e culture del tutto personali, infatti [\u2026] Guardare con gli occhi di un altro non significa vedere le stesse cose, significa percorrere i medesimi spazi con referenti diversi per approdi diversi (cit. Edoardo Bruno).<\/span><\/p>\n\n    <div class=\"xs_social_share_widget xs_share_url after_content \t\tmain_content  wslu-style-1 wslu-share-box-shaped wslu-fill-colored wslu-none wslu-share-horizontal wslu-theme-font-no wslu-main_content\">\n\n\t\t\n        <ul>\n\t\t\t        <\/ul>\n    <\/div> \n","protected":false},"excerpt":{"rendered":"<p>Catturare i rintocchi del Tempo &#8211; Workshop Statte, 15, 16 e 17 giugno 2018 Docente: Daniela Sidari (Docente DID FIAF) &hellip;<\/p>\n","protected":false},"author":8,"featured_media":1948,"comment_status":"closed","ping_status":"closed","sticky":false,"template":"","format":"standard","meta":{"_acf_changed":false,"footnotes":""},"categories":[17],"tags":[],"class_list":["post-1946","post","type-post","status-publish","format-standard","has-post-thumbnail","hentry","category-workshop"],"acf":[],"_links":{"self":[{"href":"https:\/\/fiaf.net\/puglia\/wp-json\/wp\/v2\/posts\/1946","targetHints":{"allow":["GET"]}}],"collection":[{"href":"https:\/\/fiaf.net\/puglia\/wp-json\/wp\/v2\/posts"}],"about":[{"href":"https:\/\/fiaf.net\/puglia\/wp-json\/wp\/v2\/types\/post"}],"author":[{"embeddable":true,"href":"https:\/\/fiaf.net\/puglia\/wp-json\/wp\/v2\/users\/8"}],"replies":[{"embeddable":true,"href":"https:\/\/fiaf.net\/puglia\/wp-json\/wp\/v2\/comments?post=1946"}],"version-history":[{"count":0,"href":"https:\/\/fiaf.net\/puglia\/wp-json\/wp\/v2\/posts\/1946\/revisions"}],"wp:featuredmedia":[{"embeddable":true,"href":"https:\/\/fiaf.net\/puglia\/wp-json\/wp\/v2\/media\/1948"}],"wp:attachment":[{"href":"https:\/\/fiaf.net\/puglia\/wp-json\/wp\/v2\/media?parent=1946"}],"wp:term":[{"taxonomy":"category","embeddable":true,"href":"https:\/\/fiaf.net\/puglia\/wp-json\/wp\/v2\/categories?post=1946"},{"taxonomy":"post_tag","embeddable":true,"href":"https:\/\/fiaf.net\/puglia\/wp-json\/wp\/v2\/tags?post=1946"}],"curies":[{"name":"wp","href":"https:\/\/api.w.org\/{rel}","templated":true}]}}